{"id":507075,"date":"2025-10-18T00:29:12","date_gmt":"2025-10-18T00:29:12","guid":{"rendered":"https:\/\/www.europesays.com\/de\/507075\/"},"modified":"2025-10-18T00:29:12","modified_gmt":"2025-10-18T00:29:12","slug":"we-will-rock-you-in-stuttgart-sir-brian-may-spielt-live-die-grosse-ueberraschung-zum-schluss","status":"publish","type":"post","link":"https:\/\/www.europesays.com\/de\/507075\/","title":{"rendered":"\u201eWe Will Rock You\u201c in Stuttgart: Sir Brian May spielt live \u2013 die gro\u00dfe \u00dcberraschung zum Schluss"},"content":{"rendered":"<p>Wochenlang war es das bestgeh\u00fctete Geheimnis der Produktion: Wird Sir Brian May zum Comeback des Musicals \u201eWe Will Rock You\u201c nach <a href=\"https:\/\/www.stuttgarter-zeitung.de\/thema\/Stuttgart\" title=\"Stuttgart\" class=\"art_thema\" target=\"_blank\" rel=\"noopener\">Stuttgart<\/a> kommen? Der legend\u00e4re Gitarrist hat Musikgeschichte geschrieben, er ist Mitbegr\u00fcnder von <a href=\"https:\/\/www.stuttgarter-zeitung.de\/inhalt.stuttgart-album-zur-queen-legende-wo-freddie-mercury-in-stuttgart-tanzte-und-wo-heute-an-ihn-erinnert-wird.3732a429-c695-424a-ab74-71edb2421b0e.html\" target=\"_blank\" rel=\"noopener\">Queen und eine lebende Rockikone<\/a>. <\/p>\n<p>Und siehe da! Ja, er ist am Freitagabend gekommen! Abseits des roten Teppichs (in diesem Fall ist er schwarz) betritt der lockige Sir heimlich, still und leise das Stage Palladium-Theater, schleicht sich in den Saal, da es bereits dunkel ist und schaut sich die Show mit Autor Ben Elton in Reihe 12 ganz rechts an.<\/p>\n<p> Beim Schlussapplaus aber ist die \u00dcberraschung perfekt: Der 78-J\u00e4hrige mit der ikonischen M\u00e4hne taucht im Zugabenteil gegen 22.30 Uhr auf der B\u00fchne aus dem Nebel auf \u2013 und spielt das legend\u00e4re Gitarrensolo in \u201eBohemian Rhapsody\u201c als Gitarrengott himself! Der Saal explodiert \u2013 was f\u00fcr ein G\u00e4nsehautmoment! Brian May wird st\u00fcrmisch gefeiert und hat Tr\u00e4nen in den Augen. <\/p>\n<p>Nicht nur der <a href=\"https:\/\/www.stuttgarter-zeitung.de\/thema\/Queen\" title=\"Queen\" class=\"art_thema\" target=\"_blank\" rel=\"noopener\">Queen<\/a>-Hero selbst, der 2023 zum Ritter geschlagen wurde, ist an diesem Abend pr\u00e4sent \u2013 auch seine legend\u00e4re Gitarre, die sogenannte \u201eRed Special\u201c, spielt im <a href=\"https:\/\/www.stuttgarter-zeitung.de\/thema\/Musical\" title=\"Musical\" class=\"art_thema\" target=\"_blank\" rel=\"noopener\">Musical<\/a> eine zentrale Rolle. Sie ist weit mehr als ein Instrument. Der Brite hat sie in den fr\u00fchen 1960er-Jahren gemeinsam mit seinem Vater selbst gebaut \u2013 aus Teilen eines alten Kamins, einem Fahrradst\u00e4nder und Ersatzteilen, die ausgedient hatten. Der unverwechselbare Sound dieser Gitarre pr\u00e4gt bis heute die Queen-Hits.<\/p>\n<p>Brian May steht f\u00fcr melodische Soli, die oft im Vordergrund stehen. Er schrieb einige der bekannten Songs von Queen: \u201eWe Will Rock You\u201c, \u201eThe Show Must Go on\u201c, \u201eI Want It All\u201c und \u201eWho Wants To Live f\u00fcr Ever\u201c. In seiner Heimat ist er auch bekannt als Tiersch\u00fctzer und gr\u00fcndete die Organisation \u201eSave Me Trust\u201c, um gegen Tierqu\u00e4lerei und zu viel Jagd zu protestieren. <\/p>\n<p>Sein \u00dcberraschungsauftritt bildet den tief bewegenden Schlusspunkt einer Nacht, die viele als magisch erlebt haben \u2013 und macht deutlich, dass die Musik von Queen unsterblich ist, weil sie pure, lebendige Emotion verk\u00f6rpert. \u201eWe Will Rock You\u201c ist mehr als nur ein Musical \u2013 es ist ein Aufruf, sich gegen die digitale \u00dcbermacht zu wehren und mit Rock\u2019n\u2019Roll f\u00fcr Freiheit und Individualit\u00e4t zu k\u00e4mpfen.<\/p>\n<p> Der stampfende Rhythmus rei\u00dft das Publikum mit, selbst aktiv zu werden: Jeder Einzelne wird Teil des Sounds, ganz ohne ein Instrument in der Hand zu halten. Ein kollektiver Herzschlag erf\u00fcllt das Theater \u2013 und als Sir Brian May schlie\u00dflich live zur Gitarre greift, wird der Abend endg\u00fcltig zu einem St\u00fcck Stadtgeschichte. <\/p>\n","protected":false},"excerpt":{"rendered":"Wochenlang war es das bestgeh\u00fctete Geheimnis der Produktion: Wird Sir Brian May zum Comeback des Musicals \u201eWe Will&hellip;\n","protected":false},"author":2,"featured_media":507076,"comment_status":"","ping_status":"","sticky":false,"template":"","format":"standard","meta":{"footnotes":""},"categories":[1830],"tags":[4657,1634,18509,3364,29,30,12368,3542,1441,5329,116137],"class_list":{"0":"post-507075","1":"post","2":"type-post","3":"status-publish","4":"format-standard","5":"has-post-thumbnail","7":"category-stuttgart","8":"tag-stadtreporter","9":"tag-baden-wuerttemberg","10":"tag-brian-may","11":"tag-de","12":"tag-deutschland","13":"tag-germany","14":"tag-musical","15":"tag-queen","16":"tag-stuttgart","17":"tag-video","18":"tag-we-will-rock-you"},"share_on_mastodon":{"url":"https:\/\/pubeurope.com\/@de\/115392346177529088","error":""},"_links":{"self":[{"href":"https:\/\/www.europesays.com\/de\/wp-json\/wp\/v2\/posts\/507075","targetHints":{"allow":["GET"]}}],"collection":[{"href":"https:\/\/www.europesays.com\/de\/wp-json\/wp\/v2\/posts"}],"about":[{"href":"https:\/\/www.europesays.com\/de\/wp-json\/wp\/v2\/types\/post"}],"author":[{"embeddable":true,"href":"https:\/\/www.europesays.com\/de\/wp-json\/wp\/v2\/users\/2"}],"replies":[{"embeddable":true,"href":"https:\/\/www.europesays.com\/de\/wp-json\/wp\/v2\/comments?post=507075"}],"version-history":[{"count":0,"href":"https:\/\/www.europesays.com\/de\/wp-json\/wp\/v2\/posts\/507075\/revisions"}],"wp:featuredmedia":[{"embeddable":true,"href":"https:\/\/www.europesays.com\/de\/wp-json\/wp\/v2\/media\/507076"}],"wp:attachment":[{"href":"https:\/\/www.europesays.com\/de\/wp-json\/wp\/v2\/media?parent=507075"}],"wp:term":[{"taxonomy":"category","embeddable":true,"href":"https:\/\/www.europesays.com\/de\/wp-json\/wp\/v2\/categories?post=507075"},{"taxonomy":"post_tag","embeddable":true,"href":"https:\/\/www.europesays.com\/de\/wp-json\/wp\/v2\/tags?post=507075"}],"curies":[{"name":"wp","href":"https:\/\/api.w.org\/{rel}","templated":true}]}}