{"id":507078,"date":"2025-10-18T00:31:17","date_gmt":"2025-10-18T00:31:17","guid":{"rendered":"https:\/\/www.europesays.com\/de\/507078\/"},"modified":"2025-10-18T00:31:17","modified_gmt":"2025-10-18T00:31:17","slug":"ki-rettet-vermisstes-maedchen-16-aus-drogen-sumpf-von-frankfurt-regional","status":"publish","type":"post","link":"https:\/\/www.europesays.com\/de\/507078\/","title":{"rendered":"KI rettet vermisstes M\u00e4dchen (16) aus Drogen-Sumpf von Frankfurt | Regional"},"content":{"rendered":"<p>Frankfurt \u2013 <b>Erst der Ernstfall, dann der Durchbruch: In Frankfurt hat K\u00fcnstliche Intelligenz zum ersten Mal eine Vermisste aufgesp\u00fcrt \u2013 per Gesichtserkennung in Echtzeit.<\/b><\/p>\n<p>Am 8. Oktober 2025 meldete eine psychiatrische Einrichtung in Hessen eine 16-J\u00e4hrige als vermisst. In ihrem Zimmer lag ein Abschiedsbrief. H\u00f6chste Alarmstufe! Doch es gab einen Ermittlungsansatz: Die Polizei hatte Hinweise, dass sich das M\u00e4dchen im ber\u00fcchtigten Bahnhofsviertel von <a href=\"https:\/\/www.bild.de\/regional\/frankfurt\/frankfurt-regional\/home-16342404.bild.html\" class=\"text-link\" target=\"_blank\" rel=\"noopener\">Frankfurt\/Main<\/a> aufhalten k\u00f6nnte. <\/p>\n<p><img decoding=\"async\" width=\"992\" height=\"558\" alt=\"Anlage zur Video\u00fcberwachung steht an der Kreuzung Mosel-\/Kaiserstra\u00dfe im Bahnhofsviertel Frankfurt\" src=\"https:\/\/www.europesays.com\/de\/wp-content\/uploads\/2025\/10\/51ab56d5c28227da058048bba04930c9,6b21982c\"   class=\"landscape\" loading=\"lazy\"\/><\/p>\n<p class=\"fig__caption__text\">Anlage zur Video\u00fcberwachung steht an der Kreuzung Mosel-\/Kaiserstra\u00dfe im Bahnhofsviertel Frankfurt <\/p>\n<p>Foto: Andreas Arnold\/dpa<\/p>\n<p>KI wird nur im Notfall genutzt<\/p>\n<p>Dort ist modernste Technik installiert: biometrische Fern-Identifikation per Video\u00fcberwachung mit <a href=\"https:\/\/www.bild.de\/digital\/themenbuehnen\/kuenstliche-intelligenz\/thema-ki-alle-infos-84645260.bild.html\" class=\"text-link\" target=\"_blank\" rel=\"noopener\">k\u00fcnstlicher Intelligenz<\/a>. Sie darf laut hessischem Polizeigesetz in eng begrenzten F\u00e4llen eingesetzt werden. <\/p>\n<p>Etwa bei der Suche nach <a href=\"https:\/\/www.bild.de\/news\/aktuelles\/vermisste-personen\/thema-vermisste-personen-alle-infos-80909876.bild.html\" class=\"text-link\" target=\"_blank\" rel=\"noopener\">Vermissten<\/a>, Entf\u00fchrten oder Opfern von Menschenhandel. Solch ein Fall lag hier offenkundig vor. Polizeipr\u00e4sident Stefan M\u00fcller (63) erlie\u00df eine Eilanordnung zur Nutzung des Systems. Eine Richterin best\u00e4tigte sie kurz darauf.<\/p>\n<p><img decoding=\"async\" width=\"992\" height=\"558\" alt=\"Frankfurter Bahnhofsviertel: Hier sollte sich das gesuchte M\u00e4dchen herumgetrieben haben\" src=\"https:\/\/www.europesays.com\/de\/wp-content\/uploads\/2025\/10\/4daa3d9ba5259cb6c0b69aa052f2299c,cfa4058e\"   class=\"landscape\" loading=\"lazy\"\/><\/p>\n<p class=\"fig__caption__text\">In der Taunusstra\u00dfe erkannte die KI-Kamera die Vermisste<\/p>\n<p>Foto: Fredrik von Erichsen<\/p>\n<p>Einen Tag sp\u00e4ter schlug die Technik an. Am Abend des 9. Oktober meldete das System eine \u00dcbereinstimmung: Taunusstra\u00dfe, Bahnhofsviertel-Brennpunkt voller Bordelle, Obdachloser, Junkies.<\/p>\n<p>Erster Ernstfall-Treffer der KI-Kameras<\/p>\n<p>Ein Sprecher der <a href=\"https:\/\/www.bild.de\/regional\/aktuelles\/polizei\/polizeieinsatz-alle-infos-76681760.bild.html\" class=\"text-link\" target=\"_blank\" rel=\"noopener\">Polizei<\/a> gegen\u00fcber BILD: \u201eDer erste Fall, dass die Beamten eine Person zur\u00fcckf\u00fchren konnten. Zuvor hatte das System zwar angeschlagen, aber die Gesuchten waren bereits ohne Hilfe der Polizei zur\u00fcckgekehrt.\u201c<\/p>\n<p>Mehr zum Thema<\/p>\n<p>Polizeipr\u00e4sident M\u00fcller: \u201eDer erste echte positive Treffer zeigt eindrucksvoll, wie uns auf Basis des neuen Polizeigesetzes modernste Technik zuverl\u00e4ssig und erfolgreich bei der Abwehr von Gefahren f\u00fcr Leib und Leben hilft. Die letztendliche Entscheidung trifft immer der Mensch. So auch in diesem Fall.\u201c<\/p>\n<p><b>In einer seelischen Krise? Hier bekommen Sie umgehend Hilfe.<\/b><\/p>\n<p>Wenn Sie depressiv sind oder an Suizid denken: Holen Sie sich bitte Unterst\u00fctzung. <\/p>\n<p>Die Telefonseelsorge ist rund um die Uhr kostenlos erreichbar: 0800\/111 0 111 oder 0800\/111\u00a00\u00a0222. Die Beraterinnen und Berater helfen Ihnen, Auswege aus schwierigen Situationen aufzuzeigen.<\/p>\n<p>Im Notfall wenden Sie sich bitte an die Feuerwehr (112) oder den Polizeinotruf (110).<\/p>\n","protected":false},"excerpt":{"rendered":"Frankfurt \u2013 Erst der Ernstfall, dann der Durchbruch: In Frankfurt hat K\u00fcnstliche Intelligenz zum ersten Mal eine Vermisste&hellip;\n","protected":false},"author":2,"featured_media":507079,"comment_status":"","ping_status":"","sticky":false,"template":"","format":"standard","meta":{"footnotes":""},"categories":[1829],"tags":[7025,29,433,122,2050,2051,30,2052,1256,121,2288,45,120,119,25562],"class_list":{"0":"post-507078","1":"post","2":"type-post","3":"status-publish","4":"format-standard","5":"has-post-thumbnail","7":"category-frankfurt-am-main","8":"tag-bahnhofsviertel","9":"tag-deutschland","10":"tag-drogen","11":"tag-fahndungen","12":"tag-frankfurt","13":"tag-frankfurt-am-main","14":"tag-germany","15":"tag-hessen","16":"tag-kuenstliche-intelligenz","17":"tag-polizei","18":"tag-schroeder-dino","19":"tag-texttospeech","20":"tag-vermisst","21":"tag-vermisste-personen","22":"tag-videoueberwachung"},"share_on_mastodon":{"url":"https:\/\/pubeurope.com\/@de\/115392354796024344","error":""},"_links":{"self":[{"href":"https:\/\/www.europesays.com\/de\/wp-json\/wp\/v2\/posts\/507078","targetHints":{"allow":["GET"]}}],"collection":[{"href":"https:\/\/www.europesays.com\/de\/wp-json\/wp\/v2\/posts"}],"about":[{"href":"https:\/\/www.europesays.com\/de\/wp-json\/wp\/v2\/types\/post"}],"author":[{"embeddable":true,"href":"https:\/\/www.europesays.com\/de\/wp-json\/wp\/v2\/users\/2"}],"replies":[{"embeddable":true,"href":"https:\/\/www.europesays.com\/de\/wp-json\/wp\/v2\/comments?post=507078"}],"version-history":[{"count":0,"href":"https:\/\/www.europesays.com\/de\/wp-json\/wp\/v2\/posts\/507078\/revisions"}],"wp:featuredmedia":[{"embeddable":true,"href":"https:\/\/www.europesays.com\/de\/wp-json\/wp\/v2\/media\/507079"}],"wp:attachment":[{"href":"https:\/\/www.europesays.com\/de\/wp-json\/wp\/v2\/media?parent=507078"}],"wp:term":[{"taxonomy":"category","embeddable":true,"href":"https:\/\/www.europesays.com\/de\/wp-json\/wp\/v2\/categories?post=507078"},{"taxonomy":"post_tag","embeddable":true,"href":"https:\/\/www.europesays.com\/de\/wp-json\/wp\/v2\/tags?post=507078"}],"curies":[{"name":"wp","href":"https:\/\/api.w.org\/{rel}","templated":true}]}}