{"id":507086,"date":"2025-10-18T00:36:23","date_gmt":"2025-10-18T00:36:23","guid":{"rendered":"https:\/\/www.europesays.com\/de\/507086\/"},"modified":"2025-10-18T00:36:23","modified_gmt":"2025-10-18T00:36:23","slug":"jens-lehmann-soll-14-000-euro-an-anwaltskosten-nachzahlen-prozess-muenchen","status":"publish","type":"post","link":"https:\/\/www.europesays.com\/de\/507086\/","title":{"rendered":"Jens Lehmann soll 14.000 Euro an Anwaltskosten nachzahlen: Prozess M\u00fcnchen"},"content":{"rendered":"<p>Kurioser Rechtsstreit <\/p>\n<p>Jens Lehmann vor Gericht: Jetzt verklagt ihn sein eigener Anwalt<\/p>\n<p>Aktualisiert am 17.10.2025 &#8211; 17:30 UhrLesedauer: 2 Min.<\/p>\n<p><a href=\"#focus-0\" class=\"transition-colors duration-200 block text-current relative\" data-sctrack=\"FocusGalleryImage.Reference\"><img fetchpriority=\"high\" data-testid=\"Opener.Image\" style=\"--lqipURL:url('https:\/\/images.t-online.de\/2024\/11\/rMbzCth9qfWH\/0x120:2048x1152\/fit-in\/150x0\/filters:blur(25)\/auch-mit-dabei-der-fruehere-nationaltorwart-jens-lehmann.jpg')\"   loading=\"eager\" src=\"https:\/\/www.europesays.com\/de\/wp-content\/uploads\/2025\/10\/auch-mit-dabei-der-fruehere-nationaltorwart-jens-lehmann.jpg\" alt=\"Jens Lehmann\" title=\"Jens Lehmann\" width=\"2048\" height=\"1152\" class=\"bg-[url:var(--lqipURL)] bg-cover bg-center flex h-full w-full max-w-full\" decoding=\"async\"\/><img style=\"--width:32;--height:32\" loading=\"lazy\" src=\"https:\/\/muenchen.t-online.de\/s\/paper\/_next\/static\/media\/zoom-in.f7dae02f.svg\" alt=\"Vergr\u00f6\u00dfern des Bildes\" title=\"Vergr\u00f6\u00dfern des Bildes\" class=\"block h-[calc(var(--height)_\/_16_*_1rem)] w-[calc(var(--width)_\/_16_*_1rem)] max-w-none absolute bottom-8 right-8 rounded-4 bg-snow p-8\" decoding=\"async\"\/><\/a><\/p>\n<p>Jens Lehmann (Archivbild): Der fr\u00fchere Nationaltorwart streitet sich mit seinem Anwalt. (Quelle: Sven Hoppe\/dpa\/dpa-bilder)<\/p>\n<p class=\"font-bold text-18 leading-17\">Ein M\u00fcnchner Richter muss zwischen Lehmann und dessen Ex-Verteidiger schlichten. Es geht um Tausende Euro. Warum der Ex-Keeper die Zahlung verweigert.<\/p>\n<p class=\"text-18 leading-17\">Ein M\u00fcnchner Zivilrichter musste am Montag in einem kuriosen Rechtsstreit vermitteln: Jens Lehmann und sein fr\u00fcherer Strafverteidiger streiten ums Geld, wie die &#8222;Abendzeitung&#8220; und der &#8222;M\u00fcnchner Merkur&#8220; berichten. Der Anwalt hatte den Ex-Nationaltorwart im Prozess um die zers\u00e4gte Garage am Starnberger See vertreten \u2013 und will nun den Rest seines Honorars haben. Etwa 14.000 Euro stehen noch aus.<\/p>\n<p class=\"text-18 leading-17\">Der 54-J\u00e4hrige findet den Stundensatz von 550 Euro ma\u00dflos \u00fcberteuert und hat deshalb von der urspr\u00fcnglichen Rechnung \u00fcber 24.000 Euro nur einen Bruchteil \u00fcberwiesen. Sein aktueller Anwalt erkl\u00e4rte per Videoschalte aus M\u00fcnster, die Abrechnung sei unklar formuliert. Man k\u00f6nne nicht nachvollziehen, wof\u00fcr genau der Kollege bezahlt werden wolle. Auch Lehmann selbst und der Kl\u00e4ger nahmen nur digital an der Verhandlung teil.<\/p>\n<p class=\"text-18 leading-17\">Dabei hatte der Verteidiger damals durchaus Erfolg: Er brachte den aufgebrachten Nachbarn dazu, seine Strafanzeige fallenzulassen, nachdem Lehmann dessen Garage anges\u00e4gt hatte. Zudem handelte er eine gigantische Schadenersatzforderung auf einen Bruchteil herunter. Das Strafverfahren endete 2023 mit einer sechsstelligen Geldstrafe, die sp\u00e4ter deutlich reduziert wurde.<\/p>\n<p class=\"text-18 leading-17\">Der Vorsitzende dr\u00e4ngte auf eine L\u00f6sung: 5.000 Euro als Zahlung an den Anwalt, dann sei Ruhe. &#8222;Gute Anwaltsarbeit gibt es nicht umsonst&#8220;, mahnte er.<\/p>\n<p class=\"text-18 leading-17\">W\u00e4hrend der Kl\u00e4ger zustimmte, feilschte Lehmanns Vertreter noch um die H\u00e4lfte. Letztlich akzeptierten beide Seiten die 5.000 Euro \u2013 mit einer Widerrufsfrist von drei Wochen.<\/p>\n","protected":false},"excerpt":{"rendered":"Kurioser Rechtsstreit Jens Lehmann vor Gericht: Jetzt verklagt ihn sein eigener Anwalt Aktualisiert am 17.10.2025 &#8211; 17:30 UhrLesedauer:&hellip;\n","protected":false},"author":2,"featured_media":507087,"comment_status":"","ping_status":"","sticky":false,"template":"","format":"standard","meta":{"footnotes":""},"categories":[1827],"tags":[3176,522,772,29,30,2551,1268,92972,15293,32681],"class_list":{"0":"post-507086","1":"post","2":"type-post","3":"status-publish","4":"format-standard","5":"has-post-thumbnail","7":"category-muenchen","8":"tag-3176","9":"tag-522","10":"tag-bayern","11":"tag-deutschland","12":"tag-germany","13":"tag-jens-lehmann","14":"tag-muenchen","15":"tag-muenchner-merkur","16":"tag-rechtsstreit","17":"tag-starnberger-see"},"share_on_mastodon":{"url":"https:\/\/pubeurope.com\/@de\/115392373858824246","error":""},"_links":{"self":[{"href":"https:\/\/www.europesays.com\/de\/wp-json\/wp\/v2\/posts\/507086","targetHints":{"allow":["GET"]}}],"collection":[{"href":"https:\/\/www.europesays.com\/de\/wp-json\/wp\/v2\/posts"}],"about":[{"href":"https:\/\/www.europesays.com\/de\/wp-json\/wp\/v2\/types\/post"}],"author":[{"embeddable":true,"href":"https:\/\/www.europesays.com\/de\/wp-json\/wp\/v2\/users\/2"}],"replies":[{"embeddable":true,"href":"https:\/\/www.europesays.com\/de\/wp-json\/wp\/v2\/comments?post=507086"}],"version-history":[{"count":0,"href":"https:\/\/www.europesays.com\/de\/wp-json\/wp\/v2\/posts\/507086\/revisions"}],"wp:featuredmedia":[{"embeddable":true,"href":"https:\/\/www.europesays.com\/de\/wp-json\/wp\/v2\/media\/507087"}],"wp:attachment":[{"href":"https:\/\/www.europesays.com\/de\/wp-json\/wp\/v2\/media?parent=507086"}],"wp:term":[{"taxonomy":"category","embeddable":true,"href":"https:\/\/www.europesays.com\/de\/wp-json\/wp\/v2\/categories?post=507086"},{"taxonomy":"post_tag","embeddable":true,"href":"https:\/\/www.europesays.com\/de\/wp-json\/wp\/v2\/tags?post=507086"}],"curies":[{"name":"wp","href":"https:\/\/api.w.org\/{rel}","templated":true}]}}