{"id":507107,"date":"2025-10-18T00:47:14","date_gmt":"2025-10-18T00:47:14","guid":{"rendered":"https:\/\/www.europesays.com\/de\/507107\/"},"modified":"2025-10-18T00:47:14","modified_gmt":"2025-10-18T00:47:14","slug":"buchmesse-hessische-illustratorin-erhaelt-jugendliteraturpreis","status":"publish","type":"post","link":"https:\/\/www.europesays.com\/de\/507107\/","title":{"rendered":"Buchmesse: Hessische Illustratorin erh\u00e4lt Jugendliteraturpreis"},"content":{"rendered":"<p class=\"mb-6 text-xs md:text-m lg:text-l font-serif group-[.font-sans]:font-sans \">\n    Die hessische Illustratorin Antje Damm ist auf der Frankfurter Buchmesse f\u00fcr ihr Lebenswerk ausgezeichnet worden. Sie erhielt im Rahmen des Deutschen Jugendliteraturpreises den mit 12.000 Euro dotierten Sonderpreis Gesamtwerk. Damm wurde laut Arbeitskreis f\u00fcr Jugendliteratur 1965 in Wiesbaden geboren und lebt mit ihrer Familie in der N\u00e4he von Gie\u00dfen.\n  <\/p>\n<p class=\"mb-6 text-xs md:text-m lg:text-l font-serif group-[.font-sans]:font-sans \">\n    \u00abEgal, ob in ihren innovativen Frageb\u00fcchern, in den frechen Pappbilderb\u00fcchern f\u00fcr die Kleinen oder in den Bilderb\u00fcchern aus gebauten Welten \u2013 Antje Damm beherrscht die Kunst, die gro\u00dfen Themen unserer Existenz herunterzubrechen und Kindern etwas zuzutrauen\u00bb, erkl\u00e4rt die Sonderpreisjury. \u00abImmer auf Augenh\u00f6he der Kinder \u00f6ffnet sie philosophische R\u00e4ume und fordert auf, neugierig zu sein und eigene Antworten zu finden.\u00bb\n  <\/p>\n<p class=\"mb-6 text-xs md:text-m lg:text-l font-serif group-[.font-sans]:font-sans \">\n    Der vom Bundesfamilienministerium gestiftete Deutsche Jugendliteraturpreis ist mit insgesamt 72.000 Euro dotiert. Sieger gab es auch in sechs weiteren Kategorien:\n  <\/p>\n<p>    <img decoding=\"async\" src=\"https:\/\/images.mgpd.de\/img\/112579290\/crop\/c16_9-w100\/728441990\/1755696587\/77-frankfurter-buchmesse-deutscher-jugendliteraturpreis.jpg\" alt=\"Die hessische Illustratorin Antje Damm ist auf der Frankfurter Buchmesse f\u00fcr ihr Lebenswerk ausgezeichnet worden.\" title=\"Die hessische Illustratorin Antje Damm ist auf der Frankfurter Buchmesse f\u00fcr ihr Lebenswerk ausgezeichnet worden.\" class=\"h-full w-full object-cover\"\/><\/p>\n<p>      Icon vergr\u00f6\u00dfern<\/p>\n<p>    Die hessische Illustratorin Antje Damm ist auf der Frankfurter Buchmesse f\u00fcr ihr Lebenswerk ausgezeichnet worden.<br \/>\n    Foto: Arne Dedert\/dpa<\/p>\n<p>        Schlie\u00dfen <\/p>\n<p>      Icon Schlie\u00dfen<\/p>\n<p>        Icon vergr\u00f6\u00dfern<\/p>\n<p>        Icon verkleinern<\/p>\n<p>      Icon Pfeil bewegen<\/p>\n<p>    Die hessische Illustratorin Antje Damm ist auf der Frankfurter Buchmesse f\u00fcr ihr Lebenswerk ausgezeichnet worden.<br \/>\n    Foto: Arne Dedert\/dpa<\/p>\n<p>    <img decoding=\"async\" src=\"https:\/\/images.mgpd.de\/img\/112579291\/crop\/c16_9-w100\/521171110\/1424522195\/77-frankfurter-buchmesse-deutscher-jugendliteraturpreis.jpg\" alt=\"Karen K\u00f6hler (l) und Illustratorin Bea Davies erhielten gemeinsam den Preis in der Kategorie Kinderbuch f\u00fcr ihr Buch \u00abHimmelw\u00e4rts\u00bb.\" title=\"Karen K\u00f6hler (l) und Illustratorin Bea Davies erhielten gemeinsam den Preis in der Kategorie Kinderbuch f\u00fcr ihr Buch \u00abHimmelw\u00e4rts\u00bb.\" class=\"h-full w-full object-cover\"\/><\/p>\n<p>      Icon vergr\u00f6\u00dfern<\/p>\n<p>    Karen K\u00f6hler (l) und Illustratorin Bea Davies erhielten gemeinsam den Preis in der Kategorie Kinderbuch f\u00fcr ihr Buch \u00abHimmelw\u00e4rts\u00bb.<br \/>\n    Foto: Arne Dedert\/dpa<\/p>\n<p>        Schlie\u00dfen <\/p>\n<p>      Icon Schlie\u00dfen<\/p>\n<p>        Icon vergr\u00f6\u00dfern<\/p>\n<p>        Icon verkleinern<\/p>\n<p>      Icon Pfeil bewegen<\/p>\n<p>    Karen K\u00f6hler (l) und Illustratorin Bea Davies erhielten gemeinsam den Preis in der Kategorie Kinderbuch f\u00fcr ihr Buch \u00abHimmelw\u00e4rts\u00bb.<br \/>\n    Foto: Arne Dedert\/dpa<\/p>\n<p>    <img decoding=\"async\" src=\"https:\/\/images.mgpd.de\/img\/112579292\/crop\/c16_9-w100\/1262305749\/655554470\/77-frankfurter-buchmesse-deutscher-jugendliteraturpreis.jpg\" alt=\"Jens Rassmus erhielt den Preis in der Kategorie Bilderbuch f\u00fcr \u00abRegentag\u00bb.\" title=\"Jens Rassmus erhielt den Preis in der Kategorie Bilderbuch f\u00fcr \u00abRegentag\u00bb.\" class=\"h-full w-full object-cover\"\/><\/p>\n<p>      Icon vergr\u00f6\u00dfern<\/p>\n<p>    Jens Rassmus erhielt den Preis in der Kategorie Bilderbuch f\u00fcr \u00abRegentag\u00bb.<br \/>\n    Foto: Arne Dedert\/dpa<\/p>\n<p>        Schlie\u00dfen <\/p>\n<p>      Icon Schlie\u00dfen<\/p>\n<p>        Icon vergr\u00f6\u00dfern<\/p>\n<p>        Icon verkleinern<\/p>\n<p>      Icon Pfeil bewegen<\/p>\n<p>    Jens Rassmus erhielt den Preis in der Kategorie Bilderbuch f\u00fcr \u00abRegentag\u00bb.<br \/>\n    Foto: Arne Dedert\/dpa<\/p>\n<ul data-module-id=\"DragDropModule\" class=\"flex flex-wrap justify-start group-[.no-bookmarks]:hidden\">\n<li class=\"mb-3 mr-3\">\n    Lebenswerk<\/p>\n<p>      Icon Haken im Kreis gesetzt<\/p>\n<p>      Icon Plus im Kreis<\/p>\n<\/li>\n<li class=\"mb-3 mr-3\">\n    Frankfurter Buchmesse<\/p>\n<p>      Icon Haken im Kreis gesetzt<\/p>\n<p>      Icon Plus im Kreis<\/p>\n<\/li>\n<li class=\"mb-3 mr-3\">\n    Wiesbaden<\/p>\n<p>      Icon Haken im Kreis gesetzt<\/p>\n<p>      Icon Plus im Kreis<\/p>\n<\/li>\n<\/ul>\n","protected":false},"excerpt":{"rendered":"Die hessische Illustratorin Antje Damm ist auf der Frankfurter Buchmesse f\u00fcr ihr Lebenswerk ausgezeichnet worden. Sie erhielt im&hellip;\n","protected":false},"author":2,"featured_media":507108,"comment_status":"","ping_status":"","sticky":false,"template":"","format":"standard","meta":{"footnotes":""},"categories":[1774],"tags":[1784,1785,29,214,30,215],"class_list":{"0":"post-507107","1":"post","2":"type-post","3":"status-publish","4":"format-standard","5":"has-post-thumbnail","7":"category-buecher","8":"tag-books","9":"tag-buecher","10":"tag-deutschland","11":"tag-entertainment","12":"tag-germany","13":"tag-unterhaltung"},"share_on_mastodon":{"url":"https:\/\/pubeurope.com\/@de\/115392416808950779","error":""},"_links":{"self":[{"href":"https:\/\/www.europesays.com\/de\/wp-json\/wp\/v2\/posts\/507107","targetHints":{"allow":["GET"]}}],"collection":[{"href":"https:\/\/www.europesays.com\/de\/wp-json\/wp\/v2\/posts"}],"about":[{"href":"https:\/\/www.europesays.com\/de\/wp-json\/wp\/v2\/types\/post"}],"author":[{"embeddable":true,"href":"https:\/\/www.europesays.com\/de\/wp-json\/wp\/v2\/users\/2"}],"replies":[{"embeddable":true,"href":"https:\/\/www.europesays.com\/de\/wp-json\/wp\/v2\/comments?post=507107"}],"version-history":[{"count":0,"href":"https:\/\/www.europesays.com\/de\/wp-json\/wp\/v2\/posts\/507107\/revisions"}],"wp:featuredmedia":[{"embeddable":true,"href":"https:\/\/www.europesays.com\/de\/wp-json\/wp\/v2\/media\/507108"}],"wp:attachment":[{"href":"https:\/\/www.europesays.com\/de\/wp-json\/wp\/v2\/media?parent=507107"}],"wp:term":[{"taxonomy":"category","embeddable":true,"href":"https:\/\/www.europesays.com\/de\/wp-json\/wp\/v2\/categories?post=507107"},{"taxonomy":"post_tag","embeddable":true,"href":"https:\/\/www.europesays.com\/de\/wp-json\/wp\/v2\/tags?post=507107"}],"curies":[{"name":"wp","href":"https:\/\/api.w.org\/{rel}","templated":true}]}}