{"id":507120,"date":"2025-10-18T00:55:14","date_gmt":"2025-10-18T00:55:14","guid":{"rendered":"https:\/\/www.europesays.com\/de\/507120\/"},"modified":"2025-10-18T00:55:14","modified_gmt":"2025-10-18T00:55:14","slug":"lufthansa-will-fluege-im-inland-drastisch-zusammenstreichen-geld","status":"publish","type":"post","link":"https:\/\/www.europesays.com\/de\/507120\/","title":{"rendered":"Lufthansa will Fl\u00fcge im Inland drastisch zusammenstreichen | Geld"},"content":{"rendered":"<p> An dieser Stelle findest du den Text-to-Speech Player<\/p>\n<p> Um den TTS Player darzustellen, brauchen wir deine Zustimmung. <\/p>\n<p> externen Inhalt aktivieren  Um eingebettete Inhalte anzuzeigen, ist Ihre jederzeit widerrufliche Einwilligung (\u00fcber den Schalter oder \u00fcber &#8220; <a class=\"embed-placeholder__text-link\" href=\"#\" rel=\"noopener noreferrer\" title=\"Tracking widerrufen\"> Widerruf Tracking und Cookies<\/a> &#8220; am Seitenende) zur Verarbeitung personenbezogener Daten n\u00f6tig.  Dabei k\u00f6nnen Daten in Drittl\u00e4nder wie die USA \u00fcbermittelt werden (Art. 49 Abs. 1 lit. a DSGVO). Mit dem Aktivieren des Inhalts stimmen Sie zu. Weitere Infos finden Sie <a class=\"embed-placeholder__text-link\" href=\"#\" rel=\"noopener noreferrer\" title=\"Zu den Privatsph\u00e4re Einstellungen\"> hier<\/a>. <\/p>\n<p><b>Fliegen in Deutschland wird immer teurer. So teuer, dass die Lufthansa nun \u00fcberlegt, die innerdeutschen Flugverbindungen zusammenzustreichen.<\/b><\/p>\n<p>Die deutsche Airline hat mit hohen Steuern und Geb\u00fchren im Land zu k\u00e4mpfen. Die Kosten h\u00e4tten sich seit 2019 verdoppelt. Das hat nun Folgen f\u00fcr die Passagiere. \u201eOhne eine Reduzierung der Standortbelastungen werden weitere Streichungen unvermeidbar sein\u201c, sagte Konzernchef Carsten Spohr der WELT am Sonntag (geh\u00f6rt wie BILD zum Axel Springer Verlag). \u201eEs geht um rund hundert innerdeutsche <a href=\"https:\/\/www.bild.de\/reise\/fluege\/flugreise\/thema-flugreise-alle-infos-80410564.bild.html\" class=\"text-link\" rel=\"nofollow noopener\" target=\"_blank\">Fl\u00fcge<\/a> pro Woche, die im kommenden Sommer nochmals wegfallen k\u00f6nnten.\u201c<\/p>\n<p><img decoding=\"async\" width=\"992\" height=\"558\" alt=\"Lufthansa-Chef Carsten Spohr nennt steigenden Kostendruck als Grund f\u00fcr die unwirtschaftliche Lage bei innerdeutschen Fl\u00fcgen\" src=\"https:\/\/www.europesays.com\/de\/wp-content\/uploads\/2025\/10\/fb5408516e132c5d41800a08878ca365,f96e376d\"   class=\"landscape\" loading=\"lazy\"\/><\/p>\n<p class=\"fig__caption__text\">Lufthansa-Chef Carsten Spohr nennt steigenden Kostendruck als Grund f\u00fcr die unwirtschaftliche Lage bei innerdeutschen Fl\u00fcgen<\/p>\n<p>Foto: Lando Hass\/dpa<\/p>\n<p>Weniger Gesch\u00e4ftsreisende, mehr Videokonferenzen<\/p>\n<p>Nun pr\u00fcft <a href=\"https:\/\/www.bild.de\/themen\/organisationen\/lufthansa\/fluege-nachrichten-news-fotos-videos-19291056.bild.html\" class=\"text-link\" rel=\"nofollow noopener\" target=\"_blank\">Lufthansa<\/a>, was noch wirtschaftlich tragbar ist und was nicht. So st\u00fcnden Verbindungen wie von M\u00fcnchen nach M\u00fcnster\/Osnabr\u00fcck oder nach Dresden auf dem Pr\u00fcfstand. Dort fliege man laut Sp\u00f6hr mit Verlust.<\/p>\n<p>Im Gegensatz zu den Auslandsfl\u00fcgen h\u00e4tten die innerdeutschen Verbindungen nicht mehr das Niveau vor der Corona-Epidemie erreicht. Vor allem die Zahl der Gesch\u00e4ftsreisenden sei weiter auf niedrigem Niveau. Videokonferenzen h\u00e4tten direkte Treffen abgel\u00f6st, so die Einsch\u00e4tzung der Fluglinie.<\/p>\n<p>Mehr zum Thema<\/p>\n","protected":false},"excerpt":{"rendered":"An dieser Stelle findest du den Text-to-Speech Player Um den TTS Player darzustellen, brauchen wir deine Zustimmung. externen&hellip;\n","protected":false},"author":2,"featured_media":507121,"comment_status":"","ping_status":"","sticky":false,"template":"","format":"standard","meta":{"footnotes":"","_share_on_mastodon":"0"},"categories":[134],"tags":[175,170,169,29,2109,30,2985,112889,2108,171,174,45,173,172],"class_list":["post-507120","post","type-post","status-publish","format-standard","has-post-thumbnail","category-unternehmen-maerkte","tag-business","tag-companies","tag-companies-markets","tag-deutschland","tag-flughafen","tag-germany","tag-kosten","tag-linienflug","tag-lufthansa","tag-markets","tag-maerkte","tag-texttospeech","tag-unternehmen","tag-unternehmen-maerkte"],"share_on_mastodon":{"url":"https:\/\/pubeurope.com\/@de\/115392448722420727","error":""},"_links":{"self":[{"href":"https:\/\/www.europesays.com\/de\/wp-json\/wp\/v2\/posts\/507120","targetHints":{"allow":["GET"]}}],"collection":[{"href":"https:\/\/www.europesays.com\/de\/wp-json\/wp\/v2\/posts"}],"about":[{"href":"https:\/\/www.europesays.com\/de\/wp-json\/wp\/v2\/types\/post"}],"author":[{"embeddable":true,"href":"https:\/\/www.europesays.com\/de\/wp-json\/wp\/v2\/users\/2"}],"replies":[{"embeddable":true,"href":"https:\/\/www.europesays.com\/de\/wp-json\/wp\/v2\/comments?post=507120"}],"version-history":[{"count":0,"href":"https:\/\/www.europesays.com\/de\/wp-json\/wp\/v2\/posts\/507120\/revisions"}],"wp:featuredmedia":[{"embeddable":true,"href":"https:\/\/www.europesays.com\/de\/wp-json\/wp\/v2\/media\/507121"}],"wp:attachment":[{"href":"https:\/\/www.europesays.com\/de\/wp-json\/wp\/v2\/media?parent=507120"}],"wp:term":[{"taxonomy":"category","embeddable":true,"href":"https:\/\/www.europesays.com\/de\/wp-json\/wp\/v2\/categories?post=507120"},{"taxonomy":"post_tag","embeddable":true,"href":"https:\/\/www.europesays.com\/de\/wp-json\/wp\/v2\/tags?post=507120"}],"curies":[{"name":"wp","href":"https:\/\/api.w.org\/{rel}","templated":true}]}}