{"id":507215,"date":"2025-10-18T01:46:23","date_gmt":"2025-10-18T01:46:23","guid":{"rendered":"https:\/\/www.europesays.com\/de\/507215\/"},"modified":"2025-10-18T01:46:23","modified_gmt":"2025-10-18T01:46:23","slug":"was-stimmt-hier-nicht-ein-kommentar-%c2%b7-leipziger-zeitung","status":"publish","type":"post","link":"https:\/\/www.europesays.com\/de\/507215\/","title":{"rendered":"Was stimmt hier nicht? \u2013 Ein Kommentar \u00b7 Leipziger Zeitung"},"content":{"rendered":"<p>Manchmal muss man sich etwas Zeit lassen, mit Kommentaren zu Aussagen von Friedrich Merz. Es k\u00f6nnte ja sein, dass man ihn missverstanden hat und er Aussagen zur\u00fccknimmt und bedauert. Das macht er meist nicht, er sitzt in bester Kohl\u2019scher Manier den Shitstorm aus. Also heute doch ein Kommentar zum \u201eStadtbild\u201c.<\/p>\n<p>Ist er nicht ein richtiger Sonnenschein, unser Bundeskanzler? Spr\u00fcht er nicht gute Laune und Optimismus aus? Ja, ist er nicht und tut er nicht, fast seine gesamte Regierungs-Crew ebenfalls nicht. Wo sind die Zeiten von Aussagen wie \u201ebl\u00fchende Landschaften\u201c, \u201eWir schaffen das!\u201c, und selbst nach \u201eDurch Deutschland muss ein Ruck gehen.\u201c sehnt man sich geradezu zur\u00fcck. Gerade der Herzog\u2019sche \u201eRuck\u201c wird oft geradezu pervertiert.<\/p>\n<p>Es geht n\u00e4mlich wieder ein Ruck durch Deutschland, seit Friedrich Merz Bundeskanzler ist. Manche, ihm nicht wohlwollende, Menschen sprechen sogar von einem Rechts-Ruck. Besonders weil Friedrich Merz jetzt, bei seinem Antrittsbesuch in Brandenburg von Migration und dem Stadtbild in einem Atemzug gesprochen hat.<img decoding=\"async\" src=\"https:\/\/www.europesays.com\/de\/wp-content\/uploads\/2025\/10\/8afbf8527df6472fa02fc23c29bf78f0.gif\" width=\"https:\/\/www.l-iz.de\/Topposts\/2025\/10\/1\" height=\"https:\/\/www.l-iz.de\/Topposts\/2025\/10\/1\" alt=\"\"\/><\/p>\n<p>Ja, er hat vorher gesagt \u201eJetzt muss ich kurz etwas Parteipolitisches sagen.\u201c, allerdings spricht er dann ja als Vorsitzender einer Regierungspartei. Macht es das wirklich besser?<\/p>\n<p>Was hat er eigentlich genau zum \u201eStadtbild\u201c gesagt? W\u00f6rtlich, <a href=\"https:\/\/nrodlzdf-a.akamaihd.net\/none\/phoenix\/25\/10\/251014_phx_merz_bei_woidke_logo\/1\/251014_phx_merz_bei_woidke_logo_3360k_p36v15.mp4\" target=\"_blank\" rel=\"noopener\">hier bei Phoenix zu sehen<\/a>, war die Aussage:<\/p>\n<p>\u201eDamals w\u00e4re es nach meiner festen \u00dcberzeugung, mit der Migrationspolitik auch schneller l\u00f6sbar geworden. Das ist nicht gemacht worden. Wir korrigieren es jetzt. Bei der Migration sind wir sehr weit. Wir haben in dieser Bundesregierung die Zahlen August 24, August 25 im Vergleich um 60 % nach unten gebracht. Aber wir haben nat\u00fcrlich immer im Stadtbild noch dieses Problem. Und deswegen ist der Bundesinnenminister auch dabei, jetzt in sehr gro\u00dfem Umfang auch R\u00fcckf\u00fchrungen zu erm\u00f6glichen und durchzuf\u00fchren.\u201c<\/p>\n<p>Das \u201edamals\u201c bezieht sich auf die Zeit vor sieben bis acht Jahren, also auf die Regierung unter Merkel. Zu dem Teil \u201ein dieser Bundesregierung die Zahlen August 24, August 25\u201c er\u00fcbrigt sich ein Kommentar, bedenkt man, dass diese Bundesregierung erst seit Mai 2025 im Amt ist.<\/p>\n<p>Bemerkenswert ist allerdings, dass der CDU-Parteivorsitzende nicht von sogenannter \u201eillegaler Migration\u201c, sondern von \u201eMigration\u201c spricht. Diese bezeichnet er als \u201eProblem im Stadtbild\u201c.<\/p>\n<p>Es geht also um alle eindeutig als \u201eFremde\u201c erkennbaren Menschen. Gerade in einer (noch) weltoffenen Stadt wie Leipzig kann man das nur kritisch sehen. In dieser Stadt gibt es Menschen mit Migrationshintergrund in zweiter oder dritter Generation, die hier leben, arbeiten und ihre Kinder erziehen.<\/p>\n<p>Ausl\u00e4ndische Studierende und Touristen pr\u00e4gen das Stadtbild und Arbeitende, besonders in der Baubranche, die aus anderen L\u00e4ndern kommen, bauen H\u00e4user und Stra\u00dfen. St\u00f6ren diese Menschen jetzt alle das Stadtbild?<\/p>\n<p>Denkt man in Leipzig an die Eisenbahnstra\u00dfe, dann f\u00fchlen sich einige Menschen ja auch gest\u00f6rt von der Vielzahl an \u201eausl\u00e4ndischen Gesch\u00e4ften\u201c. W\u00e4re das Stadtbild sch\u00f6ner mit leerstehenden Ladenlokalen?<\/p>\n<p>W\u00e4re unser Stadtbild sch\u00f6ner, wenn, wie aktuell in den USA geschehend, \u201eals nicht zugeh\u00f6rig erkannte Menschen\u201c von Einsatzkr\u00e4ften zu Boden geworfen und abtransportiert w\u00fcrden?<\/p>\n<p>Erinnern wir uns an den <a href=\"https:\/\/www.l-iz.de\/leben\/gesellschaft\/2025\/02\/die-fuenf-punkte-der-cdu-kommentar-zu-einem-sammelsurium-von-irrsinn-615898\" target=\"_blank\" rel=\"noopener\">5-Punkte-Plan der CDU<\/a>, dort hie\u00df es: \u201eInhaftierung von Personen, die vollziehbar ausreisepflichtig sind, auch in leerstehende Kasernen und Containerbauten.\u201c Wird das jetzt ersetzt durch \u201ePersonen, die das Stadtbild st\u00f6ren\u201c?<\/p>\n<p>Wer st\u00f6rt k\u00fcnftig, also wenn \u201edie Ausl\u00e4nder\u201c weg sind, das Stadtbild? Wahrscheinlich sind das dann Obdachlose, vielleicht auch \u201ebunte V\u00f6gel\u201c wie die beim CSD oder die Teilnehmerinnen und Teilnehmer des WGT. St\u00f6ren alle, die nicht dem Stadtbild des sauert\u00f6pfischen sauerl\u00e4ndischen Bundeskanzlers entsprechen?<\/p>\n<p>Worum geht es Friedrich Merz eigentlich?<\/p>\n<p>Es geht scheinbar darum, einerseits die Angst vor der \u201eirregul\u00e4ren Migration\u201c zu sch\u00fcren, gleichzeitig auch die Angst von Menschen mit Migrationshintergrund vor Repressionen. Das geh\u00f6rt schon l\u00e4nger zum Instrumentenkasten der CDU. Der Bundeskanzler hat mit seiner Rede beim Antrittsbesuch in Brandenburg nur nochmal nachgelegt.<\/p>\n<p>Nat\u00fcrlich kann ich mit meiner Einsch\u00e4tzung auch ganz falsch liegen. So <a href=\"https:\/\/www.stern.de\/politik\/deutschland\/migration--gruene-und-linke--merz--stadtbild--spruch-fatal-36135992.html\" target=\"_blank\" rel=\"noopener\">meinte ja der Regierungssprecher Stefan Kornelius<\/a>: \u201eIch glaube, da interpretieren Sie zu viel hinein. Der Bundeskanzler hat sich zu dem ge\u00e4nderten Kurs in der Migrationspolitik der neuen Bundesregierung ge\u00e4u\u00dfert \u2011 \u00fcbrigens in seiner Funktion als Parteivorsitzender, was er auch explizit so kenntlich gemacht hat.\u201c<\/p>\n<p>Ist es wirklich besser, wenn ein Vorsitzender einer Regierungspartei so etwas \u00e4u\u00dfert?<\/p>\n<p><b>Fazit<\/b>: Ich halte Friedrich Merz f\u00fcr intellektuell f\u00e4hig genug, die Wirkung seiner Worte einzusch\u00e4tzen. Somit bleibt nur \u00fcbrig, dass er die Aussage genau so gemeint hat. Das halte ich f\u00fcr mehr als bedenklich.<\/p>\n","protected":false},"excerpt":{"rendered":"Manchmal muss man sich etwas Zeit lassen, mit Kommentaren zu Aussagen von Friedrich Merz. Es k\u00f6nnte ja sein,&hellip;\n","protected":false},"author":2,"featured_media":507216,"comment_status":"","ping_status":"","sticky":false,"template":"","format":"standard","meta":{"footnotes":""},"categories":[1832],"tags":[414,31,3364,29,775,30,4693,71,382,859],"class_list":{"0":"post-507215","1":"post","2":"type-post","3":"status-publish","4":"format-standard","5":"has-post-thumbnail","7":"category-leipzig","8":"tag-abschiebung","9":"tag-cdu","10":"tag-de","11":"tag-deutschland","12":"tag-friedrich-merz","13":"tag-germany","14":"tag-kommentar","15":"tag-leipzig","16":"tag-migration","17":"tag-sachsen"},"share_on_mastodon":{"url":"https:\/\/pubeurope.com\/@de\/115392648866835684","error":""},"_links":{"self":[{"href":"https:\/\/www.europesays.com\/de\/wp-json\/wp\/v2\/posts\/507215","targetHints":{"allow":["GET"]}}],"collection":[{"href":"https:\/\/www.europesays.com\/de\/wp-json\/wp\/v2\/posts"}],"about":[{"href":"https:\/\/www.europesays.com\/de\/wp-json\/wp\/v2\/types\/post"}],"author":[{"embeddable":true,"href":"https:\/\/www.europesays.com\/de\/wp-json\/wp\/v2\/users\/2"}],"replies":[{"embeddable":true,"href":"https:\/\/www.europesays.com\/de\/wp-json\/wp\/v2\/comments?post=507215"}],"version-history":[{"count":0,"href":"https:\/\/www.europesays.com\/de\/wp-json\/wp\/v2\/posts\/507215\/revisions"}],"wp:featuredmedia":[{"embeddable":true,"href":"https:\/\/www.europesays.com\/de\/wp-json\/wp\/v2\/media\/507216"}],"wp:attachment":[{"href":"https:\/\/www.europesays.com\/de\/wp-json\/wp\/v2\/media?parent=507215"}],"wp:term":[{"taxonomy":"category","embeddable":true,"href":"https:\/\/www.europesays.com\/de\/wp-json\/wp\/v2\/categories?post=507215"},{"taxonomy":"post_tag","embeddable":true,"href":"https:\/\/www.europesays.com\/de\/wp-json\/wp\/v2\/tags?post=507215"}],"curies":[{"name":"wp","href":"https:\/\/api.w.org\/{rel}","templated":true}]}}