{"id":507300,"date":"2025-10-18T02:34:26","date_gmt":"2025-10-18T02:34:26","guid":{"rendered":"https:\/\/www.europesays.com\/de\/507300\/"},"modified":"2025-10-18T02:34:26","modified_gmt":"2025-10-18T02:34:26","slug":"zweite-gemeinsame-presseerklaerung-der-staatsanwaltschaft-detmold-und-der-polizei-bielefeld-zu-einem-versuchten","status":"publish","type":"post","link":"https:\/\/www.europesays.com\/de\/507300\/","title":{"rendered":"Zweite gemeinsame Presseerkl\u00e4rung der Staatsanwaltschaft Detmold und der Polizei Bielefeld zu einem versuchten"},"content":{"rendered":"<p>FR \/ Bielefeld \/ Bad Salzuflen \/ Lippe &#8211; Wie berichtet, haben die Ermittlungsbeh\u00f6rden mit einer \u00d6ffentlichkeitsfahndung nach einem dringend tatverd\u00e4chtigen Mann gesucht. Er wurde verhaftet.<\/p>\n<p>Der gesuchte 39-j\u00e4hrige Mann ohne festen Wohnsitz wurde am Freitagmorgen, 17.10.2025, in Stra\u00dfburg (Frankreich) festgenommen. Die Auslieferung wird beantragt.<\/p>\n<p>Das 37-j\u00e4hrige Opfer aus Bad Salzuflen konnte am Dienstag, 14.10.2025, aus dem Krankenhaus entlassen werden.<\/p>\n<p>Der Hintergrund der Tat ist weiterhin Bestandteil der laufenden Ermittlung.<\/p>\n<p>Die Polizei bittet darum, die Fotos und die personenbezogenen Daten des Tatverd\u00e4chtigen zu l\u00f6schen.<\/p>\n<p>Erste Meldung vom 11.10.2025, 00:15 Uhr: <a href=\"https:\/\/www.presseportal.de\/blaulicht\/pm\/12522\/6135551\" target=\"_blank\" rel=\"noreferrer noopener\">www.presseportal.de\/blaulicht\/pm\/12522\/6135551<\/a><\/p>\n<p>R\u00fcckfragen von Journalisten bitte an:<\/p>\n<p>Polizeipr\u00e4sidium Bielefeld Leitungsstab\/ Presse- und \u00d6ffentlichkeitsarbeit Kurt-Schumacher-Stra\u00dfe 46 33615 Bielefeld<\/p>\n<p>Sonja Rehmert (SR), Tel. 0521\/545-3020 Katja K\u00fcster (KK), Tel. 0521\/545-3195 Sarah Siedschlag (SI), Tel. 0521\/545-3021 Michael K\u00f6tter (MK), Tel. 0521\/545-3022 Hella Christoph (HC), Tel. 0521\/545-3023 Fabian Rickel (FR), Tel. 0521\/545-3024 Caroline Steffen (CS), Tel. 0521\/545-3026 Lukas Reker (LR), Tel. 0521\/545-3222<\/p>\n<p>E-Mail: pressestelle.bielefeld@polizei.nrw.de <a href=\"https:\/\/bielefeld.polizei.nrw\/\" target=\"_blank\" rel=\"noreferrer noopener\">bielefeld.polizei.nrw<\/a><\/p>\n<p>Au\u00dferhalb der B\u00fcrodienstzeit: Leitstelle, Tel. 0521\/545-0<\/p>\n<p> Original-Content von: Polizei Bielefeld, \u00fcbermittelt durch news aktuell<\/p>\n","protected":false},"excerpt":{"rendered":"FR \/ Bielefeld \/ Bad Salzuflen \/ Lippe &#8211; Wie berichtet, haben die Ermittlungsbeh\u00f6rden mit einer \u00d6ffentlichkeitsfahndung nach&hellip;\n","protected":false},"author":2,"featured_media":362892,"comment_status":"","ping_status":"","sticky":false,"template":"","format":"standard","meta":{"footnotes":""},"categories":[1841],"tags":[1605,3364,29,30,1209,12925],"class_list":{"0":"post-507300","1":"post","2":"type-post","3":"status-publish","4":"format-standard","5":"has-post-thumbnail","7":"category-bielefeld","8":"tag-bielefeld","9":"tag-de","10":"tag-deutschland","11":"tag-germany","12":"tag-nordrhein-westfalen","13":"tag-polizeimeldungen"},"share_on_mastodon":{"url":"https:\/\/pubeurope.com\/@de\/115392837456519299","error":""},"_links":{"self":[{"href":"https:\/\/www.europesays.com\/de\/wp-json\/wp\/v2\/posts\/507300","targetHints":{"allow":["GET"]}}],"collection":[{"href":"https:\/\/www.europesays.com\/de\/wp-json\/wp\/v2\/posts"}],"about":[{"href":"https:\/\/www.europesays.com\/de\/wp-json\/wp\/v2\/types\/post"}],"author":[{"embeddable":true,"href":"https:\/\/www.europesays.com\/de\/wp-json\/wp\/v2\/users\/2"}],"replies":[{"embeddable":true,"href":"https:\/\/www.europesays.com\/de\/wp-json\/wp\/v2\/comments?post=507300"}],"version-history":[{"count":0,"href":"https:\/\/www.europesays.com\/de\/wp-json\/wp\/v2\/posts\/507300\/revisions"}],"wp:featuredmedia":[{"embeddable":true,"href":"https:\/\/www.europesays.com\/de\/wp-json\/wp\/v2\/media\/362892"}],"wp:attachment":[{"href":"https:\/\/www.europesays.com\/de\/wp-json\/wp\/v2\/media?parent=507300"}],"wp:term":[{"taxonomy":"category","embeddable":true,"href":"https:\/\/www.europesays.com\/de\/wp-json\/wp\/v2\/categories?post=507300"},{"taxonomy":"post_tag","embeddable":true,"href":"https:\/\/www.europesays.com\/de\/wp-json\/wp\/v2\/tags?post=507300"}],"curies":[{"name":"wp","href":"https:\/\/api.w.org\/{rel}","templated":true}]}}