{"id":507325,"date":"2025-10-18T02:50:13","date_gmt":"2025-10-18T02:50:13","guid":{"rendered":"https:\/\/www.europesays.com\/de\/507325\/"},"modified":"2025-10-18T02:50:13","modified_gmt":"2025-10-18T02:50:13","slug":"abwandern-von-firmen-aktionaersschuetzer-unterstuetzen-merz-vorstoss-fuer-europa-boerse-wirtschaft","status":"publish","type":"post","link":"https:\/\/www.europesays.com\/de\/507325\/","title":{"rendered":"Abwandern von Firmen &#8211; Aktion\u00e4rssch\u00fctzer unterst\u00fctzen Merz-Vorsto\u00df f\u00fcr Europa-B\u00f6rse &#8211; Wirtschaft"},"content":{"rendered":"<p data-manual=\"paragraph\" data-schema-org-speakable=\"true\" class=\"css-1eosz7k\">Berlin\/Frankfurt (dpa) &#8211; Europa bringt erfolgreiche Unternehmen hervor, doch oft ziehen sie die USA f\u00fcr einen B\u00f6rsengang vor &#8211; wie der Mainzer Impfstoffentwickler Biontech oder der Bezahldienst Klarna. Bundeskanzler Friedrich Merz (CDU) will das \u00e4ndern und fordert eine gemeinsame europ\u00e4ische <a href=\"https:\/\/www.sueddeutsche.de\/thema\/B%C3%B6rse\" target=\"_blank\" rel=\"noopener\">B\u00f6rse<\/a>. Daf\u00fcr erntet viel Zuspruch, doch die Umsetzung ist komplex.<\/p>\n<p data-manual=\"paragraph\" data-schema-org-speakable=\"true\" class=\"css-1eosz7k\">\u201eDer Vorschlag von Herrn Merz ist der K\u00f6nigsweg f\u00fcr Europa\u201c, sagt Marc T\u00fcngler, Hauptgesch\u00e4ftsf\u00fchrer des Anlegerschutzvereins DSW. Eine zentrale europ\u00e4ische B\u00f6rse, f\u00fcr die sich Frankfurt anbiete, w\u00fcrde Liquidit\u00e4t b\u00fcndeln. \u201eDem stehen aber nationale Interessen entgegen, da alle L\u00e4nder ihre eigene B\u00f6rse haben wollen.\u201c<\/p>\n<p>Mehr als 500 Handelspl\u00e4tze in der EU<\/p>\n<p data-manual=\"paragraph\" data-schema-org-speakable=\"true\" class=\"css-1eosz7k\">Merz hatte j\u00fcngst im <a href=\"https:\/\/www.sueddeutsche.de\/thema\/Bundestag\" target=\"_blank\" rel=\"noopener\">Bundestag<\/a> gefordert, die Kraft des europ\u00e4ischen Binnenmarkts besser auszusch\u00f6pfen. \u201eWir brauchen eine Art European Stock Exchange, damit erfolgreiche Unternehmen wie zum Beispiel Biontech aus <a href=\"https:\/\/www.sueddeutsche.de\/thema\/Deutschland\" target=\"_blank\" rel=\"noopener\">Deutschland<\/a> nicht an die New Yorker B\u00f6rse gehen m\u00fcssen.\u201c Der Mainzer Impfstoffentwickler, bekanntgeworden in der Corona-Pandemie, ging 2019 an die amerikanische Technologieb\u00f6rse Nasdaq.<\/p>\n<p data-manual=\"paragraph\" data-schema-org-speakable=\"true\" class=\"css-1eosz7k\">Vom SPD-Vizekanzler und Finanzminister Lars Klingbeil kommt \u201evolle Unterst\u00fctzung\u201c. Das sei ein sinnvoller Schritt, wenn es darum gehe, das Zusammenwachsen der europ\u00e4ischen Kapitalm\u00e4rkte voranzubringen, sagte er am Rande der Jahrestagung des Internationalen W\u00e4hrungsfonds (IWF) und der Weltbank in Washington.<\/p>\n<p data-manual=\"paragraph\" data-schema-org-speakable=\"true\" class=\"css-1eosz7k\">Auch die Deutsche B\u00f6rse begr\u00fc\u00dfte den Vorsto\u00df von Merz. \u201eMit \u00fcber 500 Handelspl\u00e4tzen hat die EU nicht nur den fragmentiertesten Markt geschaffen, sondern auch den intransparentesten, mit nur rund 30 Prozent des Aktienhandels an transparenten B\u00f6rsen\u201c, erkl\u00e4rte der Dax-Konzern. Die St\u00e4rkung der Kapitalm\u00e4rkte sei n\u00f6tig, um wichtige gesellschaftliche Herausforderungen zu bew\u00e4ltigen &#8211; etwa bei der Unternehmensfinanzierung oder der Altersvorsorge.<\/p>\n<p>11,5 Billionen Euro auf Sparkonten<\/p>\n<p data-manual=\"paragraph\" data-schema-org-speakable=\"true\" class=\"css-1eosz7k\">In den USA gibt es starke B\u00f6rsen und gro\u00dfe Investoren, w\u00e4hrend die Kapitalm\u00e4rkte in Europa zersplittert sind. Die EU ringt seit Jahren darum, die Finanzm\u00e4rkte in Europa zu vertiefen, die Umsetzung aber stockt.<\/p>\n<p data-manual=\"paragraph\" data-schema-org-speakable=\"true\" class=\"css-1eosz7k\">Der Europ\u00e4ischen Zentralbank (EZB) zufolge liegen gesch\u00e4tzt rund 11,5 Billionen Euro in Europa auf den Sparkonten der B\u00fcrger. \u201eDieses <a href=\"https:\/\/www.sueddeutsche.de\/thema\/Geld\" target=\"_blank\" rel=\"noopener\">Geld<\/a> verliert an Wert, da die Rendite abz\u00fcglich Inflation negativ ist\u201c, sagt T\u00fcngler. W\u00fcrden nur Teile davon in die Kapitalm\u00e4rkte flie\u00dfen, erg\u00e4ben sich gewaltige Summen. \u201eNur: Das Lenken von Ersparnissen an die Kapitalm\u00e4rkte funktioniert schon in Deutschland nicht.\u201c Die Idee von Merz sei gut, sagt T\u00fcngler. \u201eNun m\u00fcssen Taten folgen.\u201c<\/p>\n<p data-manual=\"paragraph\" data-schema-org-speakable=\"true\" class=\"css-1eosz7k\">\u00a9 dpa-infocom, dpa:251018-930-176796\/1<\/p>\n","protected":false},"excerpt":{"rendered":"Berlin\/Frankfurt (dpa) &#8211; Europa bringt erfolgreiche Unternehmen hervor, doch oft ziehen sie die USA f\u00fcr einen B\u00f6rsengang vor&hellip;\n","protected":false},"author":2,"featured_media":507326,"comment_status":"","ping_status":"","sticky":false,"template":"","format":"standard","meta":{"footnotes":""},"categories":[3933],"tags":[331,332,665,1180,43,29,548,663,158,3934,3935,1721,666,13,14,15,12,149,55],"class_list":{"0":"post-507325","1":"post","2":"type-post","3":"status-publish","4":"format-standard","5":"has-post-thumbnail","7":"category-eu","8":"tag-aktuelle-nachrichten","9":"tag-aktuelle-news","10":"tag-boerse","11":"tag-bundestag","12":"tag-deutscher-bundestag","13":"tag-deutschland","14":"tag-eu","15":"tag-europa","16":"tag-europaeische-union","17":"tag-europe","18":"tag-european-union","19":"tag-finanzen","20":"tag-geld","21":"tag-headlines","22":"tag-nachrichten","23":"tag-news","24":"tag-schlagzeilen","25":"tag-sueddeutsche-zeitung","26":"tag-wirtschaft"},"share_on_mastodon":{"url":"https:\/\/pubeurope.com\/@de\/115392900361060814","error":""},"_links":{"self":[{"href":"https:\/\/www.europesays.com\/de\/wp-json\/wp\/v2\/posts\/507325","targetHints":{"allow":["GET"]}}],"collection":[{"href":"https:\/\/www.europesays.com\/de\/wp-json\/wp\/v2\/posts"}],"about":[{"href":"https:\/\/www.europesays.com\/de\/wp-json\/wp\/v2\/types\/post"}],"author":[{"embeddable":true,"href":"https:\/\/www.europesays.com\/de\/wp-json\/wp\/v2\/users\/2"}],"replies":[{"embeddable":true,"href":"https:\/\/www.europesays.com\/de\/wp-json\/wp\/v2\/comments?post=507325"}],"version-history":[{"count":0,"href":"https:\/\/www.europesays.com\/de\/wp-json\/wp\/v2\/posts\/507325\/revisions"}],"wp:featuredmedia":[{"embeddable":true,"href":"https:\/\/www.europesays.com\/de\/wp-json\/wp\/v2\/media\/507326"}],"wp:attachment":[{"href":"https:\/\/www.europesays.com\/de\/wp-json\/wp\/v2\/media?parent=507325"}],"wp:term":[{"taxonomy":"category","embeddable":true,"href":"https:\/\/www.europesays.com\/de\/wp-json\/wp\/v2\/categories?post=507325"},{"taxonomy":"post_tag","embeddable":true,"href":"https:\/\/www.europesays.com\/de\/wp-json\/wp\/v2\/tags?post=507325"}],"curies":[{"name":"wp","href":"https:\/\/api.w.org\/{rel}","templated":true}]}}