{"id":507400,"date":"2025-10-18T03:34:23","date_gmt":"2025-10-18T03:34:23","guid":{"rendered":"https:\/\/www.europesays.com\/de\/507400\/"},"modified":"2025-10-18T03:34:23","modified_gmt":"2025-10-18T03:34:23","slug":"sommerhaus-exit-hat-ihrem-familienmitglied-das-leben-gerettet","status":"publish","type":"post","link":"https:\/\/www.europesays.com\/de\/507400\/","title":{"rendered":"Sommerhaus-Exit hat ihrem Familienmitglied das Leben gerettet"},"content":{"rendered":"<p>\u201eDas Beste, was passieren konnte\u201cRyan und Lina sind sich sicher: Sommerhaus-Exit hat ihrem Familienmitglied das Leben gerettet<img alt=\"Content Creator Ryan W\u00f6hrl (23) und Lina (25)\" loading=\"lazy\" width=\"940\" height=\"529\" decoding=\"async\" data-nimg=\"1\" class=\"Image_image__SdgLQ Picture_image__vGN9W\" style=\"color:transparent\"   src=\"https:\/\/www.europesays.com\/de\/wp-content\/uploads\/2025\/10\/f874b-2.webp.webp\"\/><\/p>\n<p>Direkt nach dem Sommerhaus-Exit musste H\u00fcndin Sunny notoperiert werden (Archivbild).<\/p>\n<p>RTL\/Stefan Gregorowius17. Oktober 2025 um 22:11 Uhr<\/p>\n<p class=\"AnnotatedMarkup_paragraph__IUT9l\"><strong>\u201eSeit diesem Tag glaube ich wirklich so krass an Schicksal!\u201c<\/strong><br \/>F\u00fcr die Fans von Lina Baumann und Ryan W\u00f6hrl ist das Traumpaar viel zu fr\u00fch aus dem Sommerhaus der Stars geflogen \u2013 doch f\u00fcr die beiden Reality-Sternchen war der Zeitpunkt genau richtig. Denn nur dank des fr\u00fchen Exits lebt ihr Hund Sunny noch, ist sich die 25-J\u00e4hrige sicher.<\/p>\n<p>Sommerhaus-Exit war f\u00fcr Ryan und Lina \u201edas Beste, was passieren konnte\u201d<\/p>\n<p class=\"AnnotatedMarkup_paragraph__IUT9l\">\u201eIch war anfangs schon ein bisschen traurig, als wir rausgeflogen sind\u201c, verr\u00e4t Ryan im gemeinsamen Podcast \u201eCouple steht Kopf\u201c mit Freundin Lina. Doch das war schnell verflogen. <strong>\u201eDas war das Beste, was passieren konnte, dass wir da rausgeflogen sind.\u201c <\/strong>Denn was nur die wenigsten Sommerhaus-Fans wissen: <strong>\u201eWenn wir nicht zu dem Zeitpunkt rausgeflogen w\u00e4ren, w\u00e4re Sunny einfach nicht mehr bei uns.\u201c <\/strong>Sunny ist die zehnj\u00e4hrige H\u00fcndin der beiden.<\/p>\n<p class=\"AnnotatedMarkup_paragraph__IUT9l\">W\u00e4hrend der Dreharbeiten von <a href=\"https:\/\/www.rtl.de\/sendungen\/das-sommerhaus-der-stars\/sommerhaus-der-stars-2025-diese-promipaare-sollen-dieses-jahr-in-die-promi-wg-ziehen-id4419781.html\" target=\"_self\" rel=\"noopener\">Das Sommerhaus der Stars 2025<\/a> waren die Tiere der beiden bei Ryans Eltern. \u201eDie waren halt echt super versorgt, und das wissen wir auch\u201c, erkl\u00e4rt Lina. Doch als die beiden ihre Vierbeiner abholen wollten, bemerkt die 25-J\u00e4hrige schnell, dass mit H\u00fcndin Sunny etwas nicht stimmt:<strong> \u201eSie war wirklich wie aufgeblasen. Sie hatte so einen richtig runden Bauch.\u201c<\/strong><\/p>\n<p class=\"AnnotatedMarkup_paragraph__IUT9l\">Ryans Eltern seien davon ausgegangen, dass die H\u00fcndin lediglich l\u00e4ufig ist. Und auch <a href=\"https:\/\/www.rtl.de\/sendungen\/das-sommerhaus-der-stars\/sommerhaus-der-stars-2025-wer-sind-ryan-woehrl-und-lina-so-tickt-das-promipaar-id6518692.html\" target=\"_self\" rel=\"noopener\">Ryan und Lina<\/a> glauben zun\u00e4chst, dass alles normal ist. Doch das schlechte Gef\u00fchl bleibt, schlie\u00dflich fahren sie mit Sunny zum Tierarzt \u2013 und dort gibt es eine echte Schockdiagnose:<strong> \u201eDa wurde direkt herausgestellt, dass Sunny eine Geb\u00e4rmutterentz\u00fcndung hatte und sofort notoperiert werden musste, weil sie sonst am n\u00e4chsten Tag nicht mehr da sein k\u00f6nnte.\u201c<\/strong><\/p>\n<p class=\"AnnotatedMarkup_paragraph__IUT9l\"><strong>Lese-Tipp: <\/strong><a href=\"https:\/\/www.rtl.de\/sendungen\/das-sommerhaus-der-stars\/sommerhaus-der-stars-ryan-woehrl-und-lina-wollen-tara-und-dennis-hoechstpersoenlich-raushauen-id6721330.html\" target=\"_self\" rel=\"noopener\">Ryan und Lina sagen Tara und Dennis h\u00f6chstpers\u00f6nlich den Kampf an<\/a><\/p>\n<p>Video-Tipp: Die Zeit im Sommerhaus hat Ryan W\u00f6hrl und Lina enger zusammengeschwei\u00dft<\/p>\n<p>02:58 min<\/p>\n<p>Sommerhaus der Stars 2025<\/p>\n<p>Die Zeit in der Chaos-WG hat Ryan W\u00f6hrl und Lina enger zusammengeschwei\u00dft<\/p>\n<p>Anzeige:<\/p>\n<p>Empfehlungen unserer Partner<\/p>\n<p>Kurz nach Sommerhaus-Exit muss Hund Sunny notoperiert werden<\/p>\n<p class=\"AnnotatedMarkup_paragraph__IUT9l\"><strong>\u201eStell dir mal vor, ich h\u00e4tte im Sommerhaus den Anruf bekommen, dass mein Hund gestorben ist. Das w\u00e4re das Schlimmste, was mir passieren k\u00f6nnte\u201c<\/strong>, so Lina. \u201eMeine Eltern h\u00e4tten das schlechteste Gewissen der Welt gehabt\u201c, f\u00fcgt der 23-J\u00e4hrige hinzu. \u201eMeine Eltern h\u00e4tten es nie gecheckt, was man ihnen aber nicht vorwerfen kann.\u201c Der Hund h\u00e4tte immerhin keine wirklichen Anzeichen von Schmerzen gezeigt.<\/p>\n<p><img alt=\"Das Sommerhaus der Stars - Kampf der Promipaare\" loading=\"lazy\" width=\"615\" height=\"346\" decoding=\"async\" data-nimg=\"1\" class=\"Image_image__SdgLQ RtlPlusContent_image__Gbn0N\" style=\"color:transparent\"   src=\"https:\/\/www.europesays.com\/de\/wp-content\/uploads\/2025\/10\/1760758463_530_das-sommerhaus-der-stars-kampf-der-promipaare.webp.webp\"\/><\/p>\n<p class=\"AnnotatedMarkup_paragraph__IUT9l\">Das Sommerhaus-Paar ist sich darum sicher: <strong>Hier war Schicksal mit im Spiel. <\/strong>\u201eAlles soll so sein, wie es passiert ist.\u201c Denn gerade noch rechtzeitig kommt Sunny zum Tierarzt und kann notoperiert werden. \u201eWir haben beide auf der Autofahrt hin extrem viel geweint\u201c, sagt Lina im Podcast. \u201eDas war so schlimm.\u201c Doch die Not-OP verl\u00e4uft gut, Sunny wird wieder gesund! \u201eDas war wirklich f\u00fcr uns einfach nur pures Gl\u00fcck\u201c, erkl\u00e4rt die Influencerin weiter. \u201eUnd da sind auch 50.000 Euro in dem Fall egal.\u201c<\/p>\n<p class=\"AnnotatedMarkup_paragraph__IUT9l\"><a href=\"https:\/\/plus.rtl.de\/video-tv\/shows\/das-sommerhaus-der-stars-kampf-der-promipaare-761973\/staffel-10-1002209?utm_campaign=textlink&amp;utm_source=rtl&amp;utm_medium=owned&amp;utm_content=6810401\" target=\"_blank\" rel=\"noopener\">Welches Promi-Paar das Sommerhaus gewinnt, k\u00f6nnt ihr bei RTL im TV und bei RTL+ im Stream verfolgen<\/a>.<\/p>\n<p class=\"AnnotatedMarkup_paragraph__IUT9l\">Verwendete Quellen: YouTube<\/p>\n","protected":false},"excerpt":{"rendered":"\u201eDas Beste, was passieren konnte\u201cRyan und Lina sind sich sicher: Sommerhaus-Exit hat ihrem Familienmitglied das Leben gerettet Direkt&hellip;\n","protected":false},"author":2,"featured_media":476141,"comment_status":"","ping_status":"","sticky":false,"template":"","format":"standard","meta":{"footnotes":""},"categories":[1773],"tags":[17855,92742,29,214,30,64946,105383,64945,640,64944,92746,471,1780,684,215],"class_list":{"0":"post-507400","1":"post","2":"type-post","3":"status-publish","4":"format-standard","5":"has-post-thumbnail","7":"category-serien","8":"tag-das-sommerhaus-der-stars","9":"tag-das-sommerhaus-der-stars-2025","10":"tag-deutschland","11":"tag-entertainment","12":"tag-germany","13":"tag-kampf-der-promipaare","14":"tag-lina-baumann","15":"tag-reality-gameshow","16":"tag-rtl","17":"tag-rtl-show","18":"tag-ryan-woehrl","19":"tag-serien","20":"tag-series","21":"tag-tv","22":"tag-unterhaltung"},"share_on_mastodon":{"url":"https:\/\/pubeurope.com\/@de\/115393073971926893","error":""},"_links":{"self":[{"href":"https:\/\/www.europesays.com\/de\/wp-json\/wp\/v2\/posts\/507400","targetHints":{"allow":["GET"]}}],"collection":[{"href":"https:\/\/www.europesays.com\/de\/wp-json\/wp\/v2\/posts"}],"about":[{"href":"https:\/\/www.europesays.com\/de\/wp-json\/wp\/v2\/types\/post"}],"author":[{"embeddable":true,"href":"https:\/\/www.europesays.com\/de\/wp-json\/wp\/v2\/users\/2"}],"replies":[{"embeddable":true,"href":"https:\/\/www.europesays.com\/de\/wp-json\/wp\/v2\/comments?post=507400"}],"version-history":[{"count":0,"href":"https:\/\/www.europesays.com\/de\/wp-json\/wp\/v2\/posts\/507400\/revisions"}],"wp:featuredmedia":[{"embeddable":true,"href":"https:\/\/www.europesays.com\/de\/wp-json\/wp\/v2\/media\/476141"}],"wp:attachment":[{"href":"https:\/\/www.europesays.com\/de\/wp-json\/wp\/v2\/media?parent=507400"}],"wp:term":[{"taxonomy":"category","embeddable":true,"href":"https:\/\/www.europesays.com\/de\/wp-json\/wp\/v2\/categories?post=507400"},{"taxonomy":"post_tag","embeddable":true,"href":"https:\/\/www.europesays.com\/de\/wp-json\/wp\/v2\/tags?post=507400"}],"curies":[{"name":"wp","href":"https:\/\/api.w.org\/{rel}","templated":true}]}}