{"id":507414,"date":"2025-10-18T03:42:11","date_gmt":"2025-10-18T03:42:11","guid":{"rendered":"https:\/\/www.europesays.com\/de\/507414\/"},"modified":"2025-10-18T03:42:11","modified_gmt":"2025-10-18T03:42:11","slug":"chicago-kaempft-gegen-einsatz-trump-ruft-im-streit-um-nationalgarde-den-supreme-court-an","status":"publish","type":"post","link":"https:\/\/www.europesays.com\/de\/507414\/","title":{"rendered":"Chicago k\u00e4mpft gegen Einsatz: Trump ruft im Streit um Nationalgarde den Supreme Court an"},"content":{"rendered":"<p>                    Chicago k\u00e4mpft gegen Einsatz<br \/>\n                Trump ruft im Streit um Nationalgarde den Supreme Court an<\/p>\n<p>\t\t\t\t              18.10.2025, 02:46 Uhr<\/p>\n<p>\t\t\t\t\t       Artikel anh\u00f6ren<\/p>\n<p>\t\t\t\t\t\t\tDiese Audioversion wurde k\u00fcnstlich generiert. <a href=\"https:\/\/www.n-tv.de\/23249898\" target=\"_blank\" rel=\"noopener\">Mehr Infos<\/a><\/p>\n<p><strong>Chicago wehrt sich gegen den geplanten Einsatz von Soldaten der Nationalgarde &#8211; bislang hat die Stadt damit juristisch Erfolg. Jetzt will die Trump-Regierung vor das h\u00f6chste US-Gericht ziehen. <\/strong><\/p>\n<p>Im Rechtsstreit um einen Einsatz der US-Nationalgarde in Chicago und Umgebung schaltet die Regierung von US-Pr\u00e4sident Donald Trump den Supreme Court ein. Sie bittet das oberste US-Gericht, die Entscheidung einer unteren Instanz auszusetzen, die ihr den Einsatz der Soldaten im Bundesstaat Illinois vorerst untersagt hat. Der demokratisch regierte Bundesstaat im Mittleren Westen und die Millionenstadt Chicago hatten gegen den Plan der US-Regierung geklagt, gegen ihren Willen Soldaten der Nationalgarde in der Region einzusetzen.<\/p>\n<p>Ein Bundesgericht in Chicago hatte einen solchen Einsatz daraufhin vergangene Woche zun\u00e4chst f\u00fcr zwei Wochen gestoppt. Die US-Regierung wandte sich dann an ein Berufungsgericht, doch auch dieses erlaubte ihr den Soldateneinsatz zun\u00e4chst nicht. Nun hofft sie auf Erfolg vor dem h\u00f6chsten US-Gericht. Trump hatte w\u00e4hrend seiner ersten Amtszeit wegen zweier Todesf\u00e4lle und eines Abgangs die M\u00f6glichkeit, drei Richterposten neu zu besetzen. Das Oberste Gericht rutschte dadurch weit nach rechts. <\/p>\n<p>Der Streit um einen Einsatz von Soldaten in Chicago, wo seit Wochen Menschen gegen Razzien der Einwanderungsbeh\u00f6rde ICE protestieren, war j\u00fcngst hochgekocht: Die US-Regierung hatte Nationalgardisten aus Illinois unter Bundeskontrolle gestellt. Sie sollten Bundesbeamte &#8211; insbesondere die des ICE &#8211; und Bundeseigentum sch\u00fctzen. Zudem kamen Nationalgardisten aus Texas nach Illinois. <\/p>\n<p>Bevor das Bundesgericht einen Einsatz der Soldaten blockiert hat, waren sie vergangene Woche bereits auf dem Gel\u00e4nde einer ICE-Einrichtung in einem Vorort von Chicago zu sehen. Dort gibt es seit Wochen Proteste gegen die Einwanderungsbeh\u00f6rde, die f\u00fcr Razzien gegen Migranten mit teils vermummten Beamten bekannt ist. <\/p>\n<p>Richterin konnte keine Rebellion erkennen<\/p>\n<p>In den USA haben im Normalfall die Bundesstaaten die Kontrolle \u00fcber die Nationalgarde, die eine milit\u00e4rische Reserveeinheit und Teil der US-Streitkr\u00e4fte ist. Sie kann etwa bei Naturkatastrophen, Unruhen oder Notf\u00e4llen im Inneren eingesetzt werden. In bestimmten Situationen kann der US-Pr\u00e4sident das Kommando \u00fcbernehmen &#8211; etwa, wenn eine Rebellion gegen die Autorit\u00e4t der Regierung droht oder im Gange ist. <\/p>\n<p>Eine Richterin der unteren Instanz in Chicago sagte laut Medienberichten vergangene Woche im Gerichtssaal, ihr seien keine glaubw\u00fcrdigen Beweise vorgelegt worden, dass es in Illinois zu einer angeblichen Rebellion gekommen sei. Beobachter werfen dem republikanischen US-Pr\u00e4sidenten Trump vor, mit dem Einsatz der Nationalgarde in demokratisch regierten St\u00e4dten und Regionen politische Gegner einsch\u00fcchtern zu wollen.<\/p>\n","protected":false},"excerpt":{"rendered":"Chicago k\u00e4mpft gegen Einsatz Trump ruft im Streit um Nationalgarde den Supreme Court an 18.10.2025, 02:46 Uhr Artikel&hellip;\n","protected":false},"author":2,"featured_media":507415,"comment_status":"","ping_status":"","sticky":false,"template":"","format":"standard","meta":{"footnotes":""},"categories":[3],"tags":[4540,106,13,4539,451,14,15,16,12,10173,10,8,9,11,64,103,104],"class_list":{"0":"post-507414","1":"post","2":"type-post","3":"status-publish","4":"format-standard","5":"has-post-thumbnail","7":"category-welt","8":"tag-chicago","9":"tag-donald-trump","10":"tag-headlines","11":"tag-illinois","12":"tag-militaer","13":"tag-nachrichten","14":"tag-news","15":"tag-politik","16":"tag-schlagzeilen","17":"tag-supreme-court","18":"tag-top-news","19":"tag-top-meldungen","20":"tag-topmeldungen","21":"tag-topnews","22":"tag-usa","23":"tag-welt","24":"tag-world"},"share_on_mastodon":{"url":"https:\/\/pubeurope.com\/@de\/115393104759949565","error":""},"_links":{"self":[{"href":"https:\/\/www.europesays.com\/de\/wp-json\/wp\/v2\/posts\/507414","targetHints":{"allow":["GET"]}}],"collection":[{"href":"https:\/\/www.europesays.com\/de\/wp-json\/wp\/v2\/posts"}],"about":[{"href":"https:\/\/www.europesays.com\/de\/wp-json\/wp\/v2\/types\/post"}],"author":[{"embeddable":true,"href":"https:\/\/www.europesays.com\/de\/wp-json\/wp\/v2\/users\/2"}],"replies":[{"embeddable":true,"href":"https:\/\/www.europesays.com\/de\/wp-json\/wp\/v2\/comments?post=507414"}],"version-history":[{"count":0,"href":"https:\/\/www.europesays.com\/de\/wp-json\/wp\/v2\/posts\/507414\/revisions"}],"wp:featuredmedia":[{"embeddable":true,"href":"https:\/\/www.europesays.com\/de\/wp-json\/wp\/v2\/media\/507415"}],"wp:attachment":[{"href":"https:\/\/www.europesays.com\/de\/wp-json\/wp\/v2\/media?parent=507414"}],"wp:term":[{"taxonomy":"category","embeddable":true,"href":"https:\/\/www.europesays.com\/de\/wp-json\/wp\/v2\/categories?post=507414"},{"taxonomy":"post_tag","embeddable":true,"href":"https:\/\/www.europesays.com\/de\/wp-json\/wp\/v2\/tags?post=507414"}],"curies":[{"name":"wp","href":"https:\/\/api.w.org\/{rel}","templated":true}]}}