{"id":507416,"date":"2025-10-18T03:43:13","date_gmt":"2025-10-18T03:43:13","guid":{"rendered":"https:\/\/www.europesays.com\/de\/507416\/"},"modified":"2025-10-18T03:43:13","modified_gmt":"2025-10-18T03:43:13","slug":"merz-will-staerker-auf-distanz-zur-afd-gehen-und-erklaert-sie-zum-hauptgegner-der-cdu","status":"publish","type":"post","link":"https:\/\/www.europesays.com\/de\/507416\/","title":{"rendered":"Merz will st\u00e4rker auf Distanz zur AfD gehen und erkl\u00e4rt sie zum Hauptgegner der CDU"},"content":{"rendered":"<p class=\"tspBHk0 tspBHk1\">Nach Kritik an seiner \u201eStadtbild\u201c-Aussage will Bundeskanzler Friedrich Merz (CDU) nach eigenem Bekunden <strong>st\u00e4rker auf Distanz zur AfD gehen<\/strong>. \u201eWir werden noch viel deutlicher die Unterschiede zwischen uns und der AfD herausstellen\u201c, sagte Merz der \u201eFrankfurter Allgemeinen Sonntagszeitung\u201c. Dabei wies er Forderungen zur\u00fcck, die <a href=\"https:\/\/www.tagesspiegel.de\/politik\/kritik-an-brandmauer-debatte-ostdeutsche-cdu-politiker-fordern-anderen-umgang-mit-afd-14590667.html?icid=in-text-link_14590457\" class=\"link link--internal\" data-gtm-class=\"article-text-link\" data-gtm-val=\"internal\" target=\"_blank\" rel=\"noopener\">sogenannte Brandmauer-Strategie, also ein striktes Nein zur Zusammenarbeit mit der AfD, zu \u00fcberdenken.<\/a><\/p>\n<p>Empfehlungen der Woche<\/p>\n<p class=\"tspBXmz\"> Ein schneller \u00dcberblick \u00fcber die wichtigsten Artikel, jeden Sonntag per Mail direkt aus der Tagesspiegel Chefredaktion. <\/p>\n<p class=\"tspBHk0\">Der CDU-Chef sagte, <strong>in der \u00f6ffentlichen Wahrnehmung setze sich die falsche Erz\u00e4hlung fest<\/strong>, man k\u00f6nne mit der AfD alles durchsetzen, wenn man diese Brandmauer einrei\u00dfen w\u00fcrde. \u201eDiese Erz\u00e4hlung ist falsch\u201c, sagte Merz. <\/p>\n<blockquote class=\"tspBQlt\">\n<p>Die AfD stellt die Bundesrepublik Deutschland infrage, wie sie seit Adenauer gepr\u00e4gt worden ist und wie sie die CDU mitgepr\u00e4gt hat.<\/p>\n<\/blockquote>\n<p class=\"tspBQlu\">Bundeskanzler <strong>Friedrich Merz<\/strong> (CDU)<\/p>\n<p class=\"tspBHk0\">Die AfD stelle nicht nur die Politik der fr\u00fcheren Bundeskanzlerin und CDU-Vorsitzenden Angela Merkel infrage. \u201eDie AfD stellt die Bundesrepublik Deutschland infrage, wie sie seit Adenauer gepr\u00e4gt worden ist und wie sie die CDU mitgepr\u00e4gt hat\u201c, sagte Merz. Die von der AfD bem\u00fchte \u201eausgestreckte Hand\u201c wolle \u201euns in Wahrheit vernichten, so sagt sie es ja selbst\u201c, sagte er und erg\u00e4nzte, deshalb sei die <strong>AfD in den n\u00e4chsten Wahlauseinandersetzungen der \u201eHauptgegner\u201c.<\/strong><\/p>\n<p class=\"tspBHk0\">Gleichzeitig verteidigte Merz erneut, dass im Januar ein Antrag der damals noch oppositionellen Unionsfraktion zur Migrationspolitik mit den Stimmen der AfD vom Bundestag beschlossen wurde. \u201eWenn wir etwas f\u00fcr richtig halten, d\u00fcrfen wir uns nicht von der AfD abh\u00e4ngig machen\u201c, sagte er.&#13;<\/p>\n<p><a href=\"https:\/\/www.tagesspiegel.de\/politik\/migranten-im-stadtbild--ein-problem-merz-macht-den-soder-vorsichtshalber-14574341.html?icid=single-topic_14590457___\" data-gtm-class=\"article-mzt-link\" class=\"tspBRlv\" target=\"_blank\" rel=\"noopener\">Umstrittener Merz-Satz zu Migranten Die Probleme des Landes lassen sich nicht mit populistischer Gangart gegen Fl\u00fcchtende l\u00f6sen <\/a><\/p>\n<p class=\"tspBHk0\">Merz, der vor seiner Wahl angek\u00fcndigt hatte, die AfD \u201ezu halbieren\u201c, <strong>machte die Vorg\u00e4ngerregierungen f\u00fcr den Aufstieg der Partei verantwortlich<\/strong>, auch Merkel. \u201e2015 wurden Entscheidungen getroffen, die dazu beigetragen haben, dass die AfD 2017 in den Bundestag kam\u201c, sagte er unter Anspielung auf Merkels Fl\u00fcchtlingspolitik. Mit Blick auf die Ampel-Regierung sagte er: \u201eIn den Jahren nach 2021 wurden Entscheidungen getroffen, die ganz wesentlich zur Verdoppelung dieser Partei innerhalb einer Wahlperiode beigetragen haben.\u201c<\/p>\n<p> Kritik nach Stadtbild-Bemerkung  <\/p>\n<p class=\"tspBHk0\">Die Aussagen zur st\u00e4rkeren Distanzierung zur AfD traf Merz, nachdem<strong> \u00c4u\u00dferungen zu Migration im Stadtbild beim Koalitionspartner SPD sichtbare Irritation ausgel\u00f6st <\/strong>hatten. <\/p>\n<p class=\"tspBHk0\"><a href=\"https:\/\/www.tagesspiegel.de\/politik\/migration-im-stadtbild-als-problem-bezeichnet-sprecher-wertet-umstrittenen-merz-satz-als-parteipolitische-ausserung-14573369.html?icid=in-text-link_14590457\" class=\"link link--internal\" data-gtm-class=\"article-text-link\" data-gtm-val=\"internal\" target=\"_blank\" rel=\"noopener\">Der Kanzler war bei einem Termin in Potsdam am Dienstag von einem Reporter auf das Erstarken der AfD angesprochen worden.<\/a> Er sagte daraufhin unter anderem, dass man nun fr\u00fchere Vers\u00e4umnisse in der Migrationspolitik korrigiere und Fortschritte mache. \u201eAber wir haben nat\u00fcrlich immer im Stadtbild noch dieses Problem, und deswegen ist der Bundesinnenminister ja auch dabei, jetzt in sehr gro\u00dfem Umfang auch R\u00fcckf\u00fchrungen zu erm\u00f6glichen und durchzuf\u00fchren.\u201c\u00a0<\/p>\n<p class=\"tspBHk0\">\u201eMigration darf nicht durch <strong>verk\u00fcrzte oder populistische Schnellsch\u00fcsse<\/strong> stigmatisiert werden \u2013 das spaltet die Gesellschaft noch mehr und hilft am Ende den Falschen, statt L\u00f6sungen zu f\u00f6rdern\u201c, erkl\u00e4rte die Integrationsbeauftragte der Bundesregierung, Natalie Pawlik (SPD).\u00a0Der rheinland-pf\u00e4lzische Ministerpr\u00e4sident Alexander Schweitzer (SPD) bezeichnet die <strong>Aussage von Merz als \u201esehr, sehr, sehr verknappt\u201c<\/strong>. Insbesondere im Handel und Gewerbe seien viele Menschen mit Migrationshintergrund besch\u00e4ftigt. \u201eZu einem attraktiven Stadtbild geh\u00f6rt, dass wir ein buntes Stadtbild haben.\u201c<\/p>\n<p> Scharfe Kritik von Linken und Gr\u00fcnen <\/p>\n<p class=\"tspBHk0\">Linke und Gr\u00fcne hatten CDU-Chef Merz scharf kritisiert und eine <strong>Entschuldigung gefordert<\/strong>. Sachsens Ministerpr\u00e4sident Michael Kretschmer stellte sich dagegen hinter seinen Parteifreund. Im \u201eSpitzengespr\u00e4ch\u201c des \u201eSpiegel\u201c sagte Kretschmer, es gehe nicht um Zuwanderung an sich, sondern um die Einhaltung gemeinsamer Werte. <\/p>\n<p> Lesen Sie auch <a href=\"https:\/\/www.tagesspiegel.de\/politik\/merz-frust-treibt-wahler-weg-afd-gewinnt-zunehmend-ehemalige-unionswahler-14573831.html?icid=topic-list_14590457___\" data-gtm-class=\"article-mzt-link\" class=\"tspBRlv\" target=\"_blank\" rel=\"noopener\">Merz-Frust treibt W\u00e4hler weg AfD gewinnt zunehmend ehemalige Unionsw\u00e4hler <\/a><a href=\"https:\/\/www.tagesspiegel.de\/stadtbild-aussage-von-merz-was-die-zahlen-zeigen--und-wie-sich-die-haltung-zu-migration-verandert-hat-14591858.html?icid=topic-list_14590457___\" data-gtm-class=\"article-mzt-link\" class=\"tspBRlv\" target=\"_blank\" rel=\"noopener\">\u201eStadtbild\u201c-Aussage von Merz Was die Zahlen zeigen \u2013\u00a0und wie sich die Haltung zu Migration ver\u00e4ndert hat <\/a><a href=\"https:\/\/www.tagesspiegel.de\/berlin\/berlin-ist-eine-vielfaltige-weltoffene-stadt-wegner-reagiert-auf-merz-aussage-zu-migrationspolitik-im-stadtbild-14584088.html?icid=topic-list_14590457___\" data-gtm-class=\"article-mzt-link\" class=\"tspBRlv\" target=\"_blank\" rel=\"noopener\">\u201eBerlin ist eine vielf\u00e4ltige, weltoffene Stadt\u201c Wegner reagiert auf Merz\u2019 Aussage zu Migrationspolitik im Stadtbild <\/a><\/p>\n<p class=\"tspBHk0\">Mehrere Dutzend Gr\u00fcnen-Politikerinnen und -Politiker gingen Merz in einem<strong> offenen Brief <\/strong>scharf an. \u201eIhre Aussage ist rassistisch, diskriminierend, verletzend und unanst\u00e4ndig\u201c, hie\u00df es in dem Schreiben, das der Deutschen Presse-Agentur in Berlin vorliegt. Sie stehe f\u00fcr eine <strong>Sprache der Ausgrenzung und f\u00fchre zu Gewalt.\u00a0<\/strong><\/p>\n<p class=\"tspBHk0\"><strong>Emp\u00f6rt reagierte auch der Gesch\u00e4ftsf\u00fchrer der Fl\u00fcchtlingsorganisation Pro Asyl<\/strong>, Karl Kopp. Merz st\u00e4rke \u201emit ressentimentgeladenen Spr\u00fcchen\u201c die Rechtsextremen. \u201eAls Kanzler eines Einwanderungslandes ist das unentschuldbar. Merz Welt- oder \u201aStra\u00dfenbild\u2018 scheint gedanklich irgendwo in den 70er Jahren im Sauerland stehen geblieben zu sein \u2013 die sichtbare Flucht \u2013 und Einwanderungsgesellschaft im \u201aStadtbild\u2018 ist f\u00fcr ihn offenbar ein Problem.\u201c (epd\/dpa)<\/p>\n","protected":false},"excerpt":{"rendered":"Nach Kritik an seiner \u201eStadtbild\u201c-Aussage will Bundeskanzler Friedrich Merz (CDU) nach eigenem Bekunden st\u00e4rker auf Distanz zur AfD&hellip;\n","protected":false},"author":2,"featured_media":507417,"comment_status":"","ping_status":"","sticky":false,"template":"","format":"standard","meta":{"footnotes":""},"categories":[2],"tags":[186,7015,31,43,29,775,30,13,14,15,12,184,10,8,9,11],"class_list":{"0":"post-507416","1":"post","2":"type-post","3":"status-publish","4":"format-standard","5":"has-post-thumbnail","7":"category-deutschland","8":"tag-afd","9":"tag-angela-merkel","10":"tag-cdu","11":"tag-deutscher-bundestag","12":"tag-deutschland","13":"tag-friedrich-merz","14":"tag-germany","15":"tag-headlines","16":"tag-nachrichten","17":"tag-news","18":"tag-schlagzeilen","19":"tag-spd","20":"tag-top-news","21":"tag-top-meldungen","22":"tag-topmeldungen","23":"tag-topnews"},"share_on_mastodon":{"url":"https:\/\/pubeurope.com\/@de\/115393108657773019","error":""},"_links":{"self":[{"href":"https:\/\/www.europesays.com\/de\/wp-json\/wp\/v2\/posts\/507416","targetHints":{"allow":["GET"]}}],"collection":[{"href":"https:\/\/www.europesays.com\/de\/wp-json\/wp\/v2\/posts"}],"about":[{"href":"https:\/\/www.europesays.com\/de\/wp-json\/wp\/v2\/types\/post"}],"author":[{"embeddable":true,"href":"https:\/\/www.europesays.com\/de\/wp-json\/wp\/v2\/users\/2"}],"replies":[{"embeddable":true,"href":"https:\/\/www.europesays.com\/de\/wp-json\/wp\/v2\/comments?post=507416"}],"version-history":[{"count":0,"href":"https:\/\/www.europesays.com\/de\/wp-json\/wp\/v2\/posts\/507416\/revisions"}],"wp:featuredmedia":[{"embeddable":true,"href":"https:\/\/www.europesays.com\/de\/wp-json\/wp\/v2\/media\/507417"}],"wp:attachment":[{"href":"https:\/\/www.europesays.com\/de\/wp-json\/wp\/v2\/media?parent=507416"}],"wp:term":[{"taxonomy":"category","embeddable":true,"href":"https:\/\/www.europesays.com\/de\/wp-json\/wp\/v2\/categories?post=507416"},{"taxonomy":"post_tag","embeddable":true,"href":"https:\/\/www.europesays.com\/de\/wp-json\/wp\/v2\/tags?post=507416"}],"curies":[{"name":"wp","href":"https:\/\/api.w.org\/{rel}","templated":true}]}}