{"id":507427,"date":"2025-10-18T03:50:13","date_gmt":"2025-10-18T03:50:13","guid":{"rendered":"https:\/\/www.europesays.com\/de\/507427\/"},"modified":"2025-10-18T03:50:13","modified_gmt":"2025-10-18T03:50:13","slug":"maria-rossbach-feiert-ihren-103-geburtstag","status":"publish","type":"post","link":"https:\/\/www.europesays.com\/de\/507427\/","title":{"rendered":"Maria Ro\u00dfbach feiert ihren 103. Geburtstag"},"content":{"rendered":"<p class=\"text_ohne_einzug richtext text-em-55 !leading-serif mx-6 desktop:mx-0\"> Viel Aufhebens um ihre Person liegt ihr nicht. Deshalb hatte Maria Ro\u00dfbach keine gro\u00dfe Geburtstagssause geplant. Aber: Wer wird schon 103? Das hat die r\u00fcstige Seniorin geschafft. Ihr kleines Geheimnis: Bis vor einiger Zeit hat sich die Altersjubilarin, die im Ortsteil Pesch auf die Welt kam, mit t\u00e4glicher Morgengymnastik fit gehalten. Jetzt wollen die Knochen nicht mehr so richtig; die 30-min\u00fctigen \u00dcbungen schafft sie nicht mehr gut. Die regelm\u00e4\u00dfige Lekt\u00fcre der Rheinischen Post f\u00e4llt ihr mittlerweile ebenfalls schwer &#8211; ihre Sehkraft hat nachgelassen.<\/p>\n","protected":false},"excerpt":{"rendered":"Viel Aufhebens um ihre Person liegt ihr nicht. Deshalb hatte Maria Ro\u00dfbach keine gro\u00dfe Geburtstagssause geplant. Aber: Wer&hellip;\n","protected":false},"author":2,"featured_media":507428,"comment_status":"","ping_status":"","sticky":false,"template":"","format":"standard","meta":{"footnotes":""},"categories":[1849],"tags":[126569,64415,3364,29,548,663,3934,6432,30,13,13313,30537,4455,14,15,1209,26921,126568,12,12468],"class_list":{"0":"post-507427","1":"post","2":"type-post","3":"status-publish","4":"format-standard","5":"has-post-thumbnail","7":"category-moenchengladbach","8":"tag-126569","9":"tag-brigitte","10":"tag-de","11":"tag-deutschland","12":"tag-eu","13":"tag-europa","14":"tag-europe","15":"tag-fit","16":"tag-germany","17":"tag-headlines","18":"tag-hilden","19":"tag-maria","20":"tag-moenchengladbach","21":"tag-nachrichten","22":"tag-news","23":"tag-nordrhein-westfalen","24":"tag-pesch","25":"tag-rossbach","26":"tag-schlagzeilen","27":"tag-tochter"},"share_on_mastodon":{"url":"https:\/\/pubeurope.com\/@de\/115393136344143642","error":""},"_links":{"self":[{"href":"https:\/\/www.europesays.com\/de\/wp-json\/wp\/v2\/posts\/507427","targetHints":{"allow":["GET"]}}],"collection":[{"href":"https:\/\/www.europesays.com\/de\/wp-json\/wp\/v2\/posts"}],"about":[{"href":"https:\/\/www.europesays.com\/de\/wp-json\/wp\/v2\/types\/post"}],"author":[{"embeddable":true,"href":"https:\/\/www.europesays.com\/de\/wp-json\/wp\/v2\/users\/2"}],"replies":[{"embeddable":true,"href":"https:\/\/www.europesays.com\/de\/wp-json\/wp\/v2\/comments?post=507427"}],"version-history":[{"count":0,"href":"https:\/\/www.europesays.com\/de\/wp-json\/wp\/v2\/posts\/507427\/revisions"}],"wp:featuredmedia":[{"embeddable":true,"href":"https:\/\/www.europesays.com\/de\/wp-json\/wp\/v2\/media\/507428"}],"wp:attachment":[{"href":"https:\/\/www.europesays.com\/de\/wp-json\/wp\/v2\/media?parent=507427"}],"wp:term":[{"taxonomy":"category","embeddable":true,"href":"https:\/\/www.europesays.com\/de\/wp-json\/wp\/v2\/categories?post=507427"},{"taxonomy":"post_tag","embeddable":true,"href":"https:\/\/www.europesays.com\/de\/wp-json\/wp\/v2\/tags?post=507427"}],"curies":[{"name":"wp","href":"https:\/\/api.w.org\/{rel}","templated":true}]}}