{"id":507469,"date":"2025-10-18T04:17:44","date_gmt":"2025-10-18T04:17:44","guid":{"rendered":"https:\/\/www.europesays.com\/de\/507469\/"},"modified":"2025-10-18T04:17:44","modified_gmt":"2025-10-18T04:17:44","slug":"agentur-laedt-zum-walktalk-radio-muelheim","status":"publish","type":"post","link":"https:\/\/www.europesays.com\/de\/507469\/","title":{"rendered":"Agentur l\u00e4dt zum Walk&#038;Talk &#8211; Radio M\u00fclheim"},"content":{"rendered":"<p class=\"small date article__date\">Ver\u00f6ffentlicht:\u00a0Samstag, 18.10.2025 06:06<\/p>\n<p>Wer seinen beruflichen (Wieder-)Einstieg plant und dabei neue Menschen kennenlernen m\u00f6chte, kann sich jetzt am Dienstag in ganz lockerer Atmosph\u00e4re beraten lassen. Die Beauftragten f\u00fcr Chancengleichheit am Arbeitsmarkt der Agentur f\u00fcr Arbeit und des Jobcenters M\u00fclheim laden zu einem gemeinsamen Walk&amp;Talk ein. <\/p>\n<p><img decoding=\"async\" alt=\"\" src=\"https:\/\/www.europesays.com\/de\/wp-content\/uploads\/2025\/10\/20230510_6041.jpg&#038;crop=0x107x5817x3636&#038;resize=1280x800&#038;dt=202508140818260.jpeg\" data-size=\"1280x800\"\/>\u00a9 Martin M\u00f6ller \/Funke Foto Services<\/p>\n<p>Bei einem Spaziergang haben Interessierte die M\u00f6glichkeit, sich \u00fcber berufliche Themen auszutauschen, neue Perspektiven zu entdecken und Informationen zum beruflichen Wiedereinstieg zu erhalten.<\/p>\n<p>Wann?<\/p>\n<p>Dienstag, 21. Oktober 2025, 09:30\u00a0\u2013 11:00\u00a0Uhr<\/p>\n<p>Wo?<\/p>\n<p>Parkplatz am Ringlokschuppen (M\u00fcGa-Gel\u00e4nde)<\/p>\n<p>Am Schloss Broich 38, 45479 M\u00fclheim an der Ruhr<\/p>\n<p>Die Teilnahme ist\u00a0kostenfrei, eine Anmeldung ist nicht erforderlich.<\/p>\n<p>Fragen?<\/p>\n<p>Die Veranstalter stehen Ihnen gerne zur Verf\u00fcgung.<\/p>\n","protected":false},"excerpt":{"rendered":"Ver\u00f6ffentlicht:\u00a0Samstag, 18.10.2025 06:06 Wer seinen beruflichen (Wieder-)Einstieg plant und dabei neue Menschen kennenlernen m\u00f6chte, kann sich jetzt am&hellip;\n","protected":false},"author":2,"featured_media":507470,"comment_status":"","ping_status":"","sticky":false,"template":"","format":"standard","meta":{"footnotes":""},"categories":[1838],"tags":[126572,25029,28488,3364,29,3715,30,1942,1710,1209],"class_list":{"0":"post-507469","1":"post","2":"type-post","3":"status-publish","4":"format-standard","5":"has-post-thumbnail","7":"category-duisburg","8":"tag-walktalk","9":"tag-arbeitsagentur","10":"tag-beratungsangebot","11":"tag-de","12":"tag-deutschland","13":"tag-duisburg","14":"tag-germany","15":"tag-job","16":"tag-karriere","17":"tag-nordrhein-westfalen"},"share_on_mastodon":{"url":"https:\/\/pubeurope.com\/@de\/115393242330456732","error":""},"_links":{"self":[{"href":"https:\/\/www.europesays.com\/de\/wp-json\/wp\/v2\/posts\/507469","targetHints":{"allow":["GET"]}}],"collection":[{"href":"https:\/\/www.europesays.com\/de\/wp-json\/wp\/v2\/posts"}],"about":[{"href":"https:\/\/www.europesays.com\/de\/wp-json\/wp\/v2\/types\/post"}],"author":[{"embeddable":true,"href":"https:\/\/www.europesays.com\/de\/wp-json\/wp\/v2\/users\/2"}],"replies":[{"embeddable":true,"href":"https:\/\/www.europesays.com\/de\/wp-json\/wp\/v2\/comments?post=507469"}],"version-history":[{"count":0,"href":"https:\/\/www.europesays.com\/de\/wp-json\/wp\/v2\/posts\/507469\/revisions"}],"wp:featuredmedia":[{"embeddable":true,"href":"https:\/\/www.europesays.com\/de\/wp-json\/wp\/v2\/media\/507470"}],"wp:attachment":[{"href":"https:\/\/www.europesays.com\/de\/wp-json\/wp\/v2\/media?parent=507469"}],"wp:term":[{"taxonomy":"category","embeddable":true,"href":"https:\/\/www.europesays.com\/de\/wp-json\/wp\/v2\/categories?post=507469"},{"taxonomy":"post_tag","embeddable":true,"href":"https:\/\/www.europesays.com\/de\/wp-json\/wp\/v2\/tags?post=507469"}],"curies":[{"name":"wp","href":"https:\/\/api.w.org\/{rel}","templated":true}]}}