{"id":507502,"date":"2025-10-18T04:37:12","date_gmt":"2025-10-18T04:37:12","guid":{"rendered":"https:\/\/www.europesays.com\/de\/507502\/"},"modified":"2025-10-18T04:37:12","modified_gmt":"2025-10-18T04:37:12","slug":"vfb-stuttgart-beim-vfl-wolfsburg-mit-dieser-startelf-will-sebastian-hoeness-bestehen","status":"publish","type":"post","link":"https:\/\/www.europesays.com\/de\/507502\/","title":{"rendered":"VfB Stuttgart beim VfL Wolfsburg: Mit dieser Startelf will Sebastian Hoene\u00df bestehen"},"content":{"rendered":"<p>\t\t\t\t\t\t\t\t\t\t\t\t\t\t\t\t\t\t\t\t\t\t\t\t\t\t\t\t      \t\t            \t\t             \t\t\t\t   \t\t\t\t\t   <img decoding=\"async\" id=\"article-image\" fetchpriority=\"high\" alt=\"VfB Stuttgart beim VfL Wolfsburg: Mit dieser Startelf will Sebastian Hoene\u00df bestehen\" onclick=\"var pA=document.createElement('a');pA.setAttribute('href','https:\/\/www.stuttgarter-nachrichten.de\/gallery.vfb-stuttgart-beim-vfl-wolfsburg-mit-dieser-startelf-will-sebastian-hoeness-bestehen.00201266-5b42-4ca3-85fa-7695606ebd6f.html'),pA.click();\" title=\"VfB Stuttgart beim VfL Wolfsburg: Mit dieser Startelf will Sebastian Hoene\u00df bestehen\" src=\"https:\/\/www.europesays.com\/de\/wp-content\/uploads\/2025\/10\/media.media.2b994415-89e3-4403-86e4-a9eb591c4271.16x9_700.jpg\" data-linkto=\"https:\/\/www.stuttgarter-nachrichten.de\/gallery.vfb-stuttgart-beim-vfl-wolfsburg-mit-dieser-startelf-will-sebastian-hoeness-bestehen.00201266-5b42-4ca3-85fa-7695606ebd6f.html\"\/>\t\t\t\t\t\t\t\t\t\t\t\t\t\t\t\t\t\t\t\t\t\t\t\tDer VfB-Trainer Sebastian Hoene\u00df treibt seine Mannschaft nach vorne.\u00a0Foto: Baumann\t\t\t<\/p>\n<p>Nach der L\u00e4nderspielpause geht es f\u00fcr die Stuttgarter in Niedersachsen weiter. Dabei muss der Trainer einige personelle L\u00f6sungen finden \u2013 hinten wie vorne.<\/p>\n<p>Der <a href=\"https:\/\/www.stuttgarter-nachrichten.de\/inhalt.vfb-stuttgart-news-alles-was-sie-heute-zum-vfb-wissen-muessen.1478faec-7cde-4c8d-bd25-6ee2bb64e817.html\" target=\"_blank\" rel=\"noopener\">VfB Stuttgart<\/a> will seine gute Position in der Fu\u00dfball-<a href=\"https:\/\/www.stuttgarter-nachrichten.de\/thema\/Bundesliga\" title=\"Bundesliga\" class=\"art_thema\" target=\"_blank\" rel=\"noopener\">Bundesliga<\/a> behaupten. Und daf\u00fcr will sich Sebastian Hoene\u00df nicht vom schlechten Saisonstart des VfL Wolfsburg t\u00e4uschen lassen. Erst einen Ligasieg gab es f\u00fcr die Niedersachsen. \u201eSie verf\u00fcgen \u00fcber viel Potenzial im Kader, erspielen sich viele Gro\u00dfchancen und haben meist knappe Ergebnisse erzielt\u201c, sagt der <a href=\"https:\/\/www.stuttgarter-nachrichten.de\/thema\/VfB_Stuttgart\" title=\"VfB\" class=\"art_thema\" target=\"_blank\" rel=\"noopener\">VfB<\/a>-Trainer vor der Ausw\u00e4rtspartie an diesem Samstag (15.30 Uhr).<\/p>\n<p>https:\/\/www.youtube.com\/watch?v=Gr7XBokbfwU <\/p>\n<p>Andererseits ist klar, dass die Stuttgarter den Aufw\u00e4rtstrend nach der L\u00e4nderspielpause fortsetzen wollen. Defensiv wie offensiv werden sie dazu gefordert sein. Verzichten muss Hoene\u00df im <a href=\"https:\/\/www.stuttgarter-nachrichten.de\/inhalt.stuermer-des-vfb-stuttgart-tiago-tomas-ueber-seine-neue-rolle-vielleicht-sollte-ich-egoistischer-werden.e1c9fb18-97d2-4679-982a-58d4c3a3faf6.html\" target=\"_blank\" rel=\"noopener\">Angriff<\/a> auf Ermedin Demirovic (Fu\u00dfverletzung) und Jamie Leweling (Adduktorenprobleme). Das schr\u00e4nkt die Sturmoptionen ein. Dagegen geh\u00f6rt <a href=\"https:\/\/www.stuttgarter-nachrichten.de\/inhalt.vfb-stuttgart-beim-vfl-wolfsburg-deniz-undav-fuehlt-sich-gut-aber-reicht-es-schon-fuer-die-startelf.b328bf14-ca1b-417c-839d-7cb92d5db25c.html\" target=\"_blank\" rel=\"noopener\">Deniz Undav<\/a> nach mehrw\u00f6chiger Zwangspause aufgrund einer Knieverletzung wieder zum Team. Ob der Publikumsliebling von Anfang an aufl\u00e4uft, lie\u00df der Chefcoach offen. \u201eIch muss schauen, dass er nicht nur durch dieses Spiel kommt\u201c, sagt Hoene\u00df mit Blick auf die drei anstehenden englischen Wochen. Auch Finn Jeltsch ist nach einer Muskelblessur im Adduktorenbereich einsatzf\u00e4hig. Der Ersatztorh\u00fcter Stefan Drljaca fehlt verletzt. <\/p>\n","protected":false},"excerpt":{"rendered":"Der VfB-Trainer Sebastian Hoene\u00df treibt seine Mannschaft nach vorne.\u00a0Foto: Baumann Nach der L\u00e4nderspielpause geht es f\u00fcr die Stuttgarter&hellip;\n","protected":false},"author":2,"featured_media":507503,"comment_status":"","ping_status":"","sticky":false,"template":"","format":"standard","meta":{"footnotes":""},"categories":[1830],"tags":[126261,1634,299,3364,29,30,2043,1441,4114,2915],"class_list":{"0":"post-507502","1":"post","2":"type-post","3":"status-publish","4":"format-standard","5":"has-post-thumbnail","7":"category-stuttgart","8":"tag-wobvfb","9":"tag-baden-wuerttemberg","10":"tag-bundesliga","11":"tag-de","12":"tag-deutschland","13":"tag-germany","14":"tag-podcast","15":"tag-stuttgart","16":"tag-vfb-news","17":"tag-vfb-stuttgart"},"share_on_mastodon":{"url":"https:\/\/pubeurope.com\/@de\/115393321064232545","error":""},"_links":{"self":[{"href":"https:\/\/www.europesays.com\/de\/wp-json\/wp\/v2\/posts\/507502","targetHints":{"allow":["GET"]}}],"collection":[{"href":"https:\/\/www.europesays.com\/de\/wp-json\/wp\/v2\/posts"}],"about":[{"href":"https:\/\/www.europesays.com\/de\/wp-json\/wp\/v2\/types\/post"}],"author":[{"embeddable":true,"href":"https:\/\/www.europesays.com\/de\/wp-json\/wp\/v2\/users\/2"}],"replies":[{"embeddable":true,"href":"https:\/\/www.europesays.com\/de\/wp-json\/wp\/v2\/comments?post=507502"}],"version-history":[{"count":0,"href":"https:\/\/www.europesays.com\/de\/wp-json\/wp\/v2\/posts\/507502\/revisions"}],"wp:featuredmedia":[{"embeddable":true,"href":"https:\/\/www.europesays.com\/de\/wp-json\/wp\/v2\/media\/507503"}],"wp:attachment":[{"href":"https:\/\/www.europesays.com\/de\/wp-json\/wp\/v2\/media?parent=507502"}],"wp:term":[{"taxonomy":"category","embeddable":true,"href":"https:\/\/www.europesays.com\/de\/wp-json\/wp\/v2\/categories?post=507502"},{"taxonomy":"post_tag","embeddable":true,"href":"https:\/\/www.europesays.com\/de\/wp-json\/wp\/v2\/tags?post=507502"}],"curies":[{"name":"wp","href":"https:\/\/api.w.org\/{rel}","templated":true}]}}