{"id":507504,"date":"2025-10-18T04:38:12","date_gmt":"2025-10-18T04:38:12","guid":{"rendered":"https:\/\/www.europesays.com\/de\/507504\/"},"modified":"2025-10-18T04:38:12","modified_gmt":"2025-10-18T04:38:12","slug":"stadtschreiber-begeistert-in-frankfurter-kult-restaurant","status":"publish","type":"post","link":"https:\/\/www.europesays.com\/de\/507504\/","title":{"rendered":"Stadtschreiber begeistert in Frankfurter Kult-Restaurant"},"content":{"rendered":"<ol class=\"id-DonaldBreadcrumb lp_west_breadcrumb id-DonaldBreadcrumb--default\" data-k5a-pos=\"west_breadcrumb\">\n<li class=\"id-Breadcrumb-item\"><a href=\"https:\/\/www.fnp.de\/\" class=\"id-Breadcrumb-link\" data-id-ec=\"{\" shn=\"\" textlink=\"\" data-k5a-pos=\"1_startseite\" rel=\"nofollow noopener\" target=\"_blank\">Startseite<\/a><\/li>\n<li class=\"id-Breadcrumb-item\"><a href=\"https:\/\/www.fnp.de\/frankfurt\/\" class=\"id-Breadcrumb-link\" data-id-ec=\"{\" shn=\"\" textlink=\"\" data-k5a-pos=\"2_frankfurt\" rel=\"nofollow noopener\" target=\"_blank\">Frankfurt<\/a><\/li>\n<\/ol>\n<p class=\"id-Story-timestamp id-Story-timestamp--default\">Stand: 18.10.2025, 06:00 Uhr<\/p>\n<p class=\"id-Story-interactionBar id-Story-interactionBar--default\">DruckenTeilen<\/p>\n<p class=\"id-StoryElement-leadText\">Die \u201eAlte Post\u201c in Bergen-Enkheim und ihre Wirtin Dragi sind Kult \u2013 das zeigt sich, als der Stadtschreiber von Frankfurt dort eintrifft.<\/p>\n<p class=\"id-StoryElement-paragraph\">Frankfurt \u2013 .,,Liebe Dragi, komm mal zu mir.\u201c Der Stadtschreiber nennt die Gastwirtin Dragica Laschitsch schon bei ihrem Spitznamen. Ein Gedicht hat er ihr geschrieben. Die Wirtin muss lachen und legt die H\u00e4nde um die H\u00fcfte des Poeten, w\u00e4hrend er weiter vorliest. Stadtschreiber Jos\u00e9 Oliver umarmt sie und \u00fcberreicht ihr dann sein Geschenk. Es ist ein Gedicht mit seinen W\u00fcnschen f\u00fcr Dragi, das Publikum und den Abend. \u201eins L\u00e4cheln stolpern\/ dem eigenen Schatten ein Schnippchen schlachen\/ Freunde\/ Freude\/ Liebende\/ eine gut Flasche Wein\/ &amp; die Gesundheit\/ zu Tisch bitten\u201c. <\/p>\n<p><img decoding=\"async\" class=\"id-RatioPlaceholder-element wv_story_el_image\" src=\"https:\/\/www.europesays.com\/de\/wp-content\/uploads\/2025\/10\/1760762292_674_40103061-frankfurt-am-main-15-10-2025-stadtteil-bergen-enkheim-marktstrasse-50-gaststaette-alte-post.jpeg\" loading=\"lazy\"   height=\"619\" width=\"1100\" alt=\"Frankfurt am Main, 15.10.2025, Stadtteil Bergen-Enkheim, Marktstrasse  50, Gastst&#xE4;tte &#x201E;Alte Post&#x201C;, Literarisches &#x2013; Kulinarisches Der Stadtschreiber bittet zu Tisch!Ein Abend mit Jos&#xE9; (F.A. Oliver) (Im Foto m. mit Dragi)) und Wirtin Dragi f&#xFC;r 80 Personen (ausgebucht). (c) FOTO: Rainer R&#xFC;ffer (Rueffer)\"\/>Stadtschreiber Jos\u00e9 Oliver \u00fcberreicht Dragica Laschitsch, der Wirtin des Gasthauses \u201eZur Alten Post\u201c ein Gedicht mit W\u00fcnschen f\u00fcr sie und ihre G\u00e4ste.  \u00a9\u00a0Rainer R\u00fcfferDas Lachen weckt die Nachbarn auf: \u201eDragis markantes Lachen\u201c<\/p>\n<p class=\"id-StoryElement-paragraph\">Normalerweise ist Mittwoch Dragis freier Tag, das Wirtshaus \u201eZur Alten Post\u201c hat Ruhetag. F\u00fcr den Stadtschreiber macht sie eine Ausnahme. Es ist warm im Gastraum. Es riecht nach Schnitzel und Bratkartoffeln und die Tische sind voll besetzt. Ein P\u00e4rchen erz\u00e4hlt, dass es die Alte Post an der Marktstra\u00dfe seit mehr als 40 Jahren besucht. Er spricht von \u201eDragis markantem Lachen\u201c. Der Mann gegen\u00fcber erz\u00e4hlt, er sei eines Nachts bei offenem Fenster gar mal von ihrem Lachen geweckt worden. \u201eWir hatten \u00fcberlegt, ob Dragi nach 22 Uhr das Lachen verboten werden sollte.\u201c Es ist ein Scherz. Dragi sei \u201eein St\u00fcck Heimat\u201c, sagt einer von ihnen. <\/p>\n<p>Stadtschreiber Jos\u00e9 Oliver seit einigen Wochen Stadtschreiber von Bergen-Enkheim<\/p>\n<p class=\"id-StoryElement-paragraph\">Auch f\u00fcr Jos\u00e9 Oliver ist das Wirtshaus ein Ort des Wohlf\u00fchlens geworden. Vor anderthalb Monaten ist er Stadtschreiber geworden. ,,Umarmend\u201c, f\u00fchle es sich hier an, sagt er. In das Gasthaus hat er zu einer \u201eliterarisch kulinarischen Begegnung\u201c eingeladen. Es gibt deftiges Essen und Literatur. So einfach. <\/p>\n<p class=\"id-StoryElement-paragraph\">,,Jos\u00e9 Oliver wirkt sehr locker, er wirkt nicht fremd\u201c, beschreibt eine der G\u00e4ste ihren Eindruck vom Neuen im Stadtschreiberhaus. Mit offenem karierten Hemd, schwarzer Hose ist er gekommen. Massive Silberringe tr\u00e4gt der K\u00fcnstler. Drei an der linken Hand, zwei an der Rechten. In der Pause zwischen Essen und Erz\u00e4hlungen geht der 64-J\u00e4hrige nach drau\u00dfen zum Rauchen. Er lehnt an dem Stehtisch. Ein Gast hat ein <a href=\"https:\/\/www.24books.de\/buch\/\" class=\"id-import-Link id-pageApi-Link--externalDomain\" title=\"Buch\" data-id-ec=\"{&quot;sht&quot;:&quot;Container&quot;,&quot;shn&quot;:&quot;Story&quot;,&quot;p&quot;:{&quot;containerType&quot;:&quot;Paragraph&quot;,&quot;displayType&quot;:&quot;Paragraph InlineLink&quot;,&quot;type&quot;:&quot;INLINE_LINK&quot;,&quot;value&quot;:&quot;Buch &quot;,&quot;variant&quot;:&quot;standardLink&quot;,&quot;sponsored&quot;:false,&quot;linkHref&quot;:&quot;https:\/\/www.24books.de\/buch\/&quot;,&quot;storyElementPosition&quot;:16,&quot;storyElementCount&quot;:26}}\" rel=\"nofollow noopener\" target=\"_blank\">Buch <\/a>mitgebracht und bittet um ein Autogramm. Oliver schreibt die ganze Seite voll.<\/p>\n<p>Stadtschreiber erz\u00e4hlt von eigener Vergangenheit<\/p>\n<p class=\"id-StoryElement-paragraph\">Nach dem Essen erz\u00e4hlt Oliver von seiner Vergangenheit. Er spricht von der Weisheit seines Vaters, dass der K\u00fchlschrank immer voll sein m\u00fcsse. Von der Paella, die er als Kind nicht zu sch\u00e4tzen wusste und mit seinen Geschwistern aus dem Fenster geworfen hatte. Oliver ist 1961 in Hausach im <a href=\"https:\/\/www.bw24.de\/baden-wuerttemberg\/der-schwarzwald-alle-infos-zu-den-besten-ausflugszielen-und-staedten-93625695.html\" class=\"id-import-Link id-pageApi-Link--externalDomain\" data-id-ec=\"{&quot;sht&quot;:&quot;Container&quot;,&quot;shn&quot;:&quot;Story&quot;,&quot;p&quot;:{&quot;containerType&quot;:&quot;Paragraph&quot;,&quot;displayType&quot;:&quot;Paragraph InlineLink&quot;,&quot;type&quot;:&quot;INLINE_LINK&quot;,&quot;value&quot;:&quot;Schwarzwald &quot;,&quot;variant&quot;:&quot;standardLink&quot;,&quot;sponsored&quot;:false,&quot;linkHref&quot;:&quot;https:\/\/www.bw24.de\/baden-wuerttemberg\/der-schwarzwald-alle-infos-zu-den-besten-ausflugszielen-und-staedten-93625695.html&quot;,&quot;storyElementPosition&quot;:19,&quot;storyElementCount&quot;:26}}\" rel=\"nofollow noopener\" target=\"_blank\">Schwarzwald <\/a>geboren. Seine Eltern waren von Spanien nach Deutschland ausgewandert. Er ist das \u00e4lteste von vier Kindern. W\u00e4hrend Dragi noch Teller mit Kl\u00f6\u00dfen und Rotkraut zwischen den Tischen balanciert, spricht Oliver von seinem Gro\u00dfvater. Er hatte ein Boot. Mit ihm war er so weit raus aufs Meer gefahren, bis sie die Lichter an der K\u00fcste nicht mehr sahen.<\/p>\n<p class=\"id-StoryElement-paragraph\">Vormittags ging Oliver zur deutschen Schule. Am Nachmittag war er beim Spanischunterricht. Der Sprachmischmasch habe f\u00fcr Chaos im Kopf gesorgt. \u201eIch fing an zu schreiben \u00fcber all das, was ich nicht verstanden habe.\u201c <\/p>\n<p>Stadtschreiber liest aus unver\u00f6ffentlichtem Werk vor<\/p>\n<p class=\"id-StoryElement-paragraph\">Aus seinen noch unver\u00f6ffentlichten Werk ,,Gaumengarten\u201c liest er vor. Eingeleitet mit: \u201eNehmen Sie alles sehr ernst, was Sie jetzt h\u00f6ren werden\u201c. Es folgen Gedichte \u00fcber Birnen, Paprikas, Knoblauch und Bananen. Der Stadtschreiber spielt mit den M\u00f6glichkeiten der deutschen Sprache. <\/p>\n<p class=\"id-StoryElement-paragraph\">Gegen 22 Uhr endet der literarisch-kulinarische Teil, aber nicht die Begegnung. Oliver setzt sich zu seinen G\u00e4sten an den Tisch. Dragi serviert weiter Getr\u00e4nke. Einen \u201egelungenen Abend\u201c, wird sie die Veranstaltung am n\u00e4chsten Tag am Telefon nennen. Ihr neues Gedicht im Bilderrahmen will sie in die Gastst\u00e4tte h\u00e4ngen. (Frederike Leger)<\/p>\n<p class=\"id-StoryElement-paragraph\">Der Schriftsteller <a href=\"https:\/\/www.fnp.de\/frankfurt\/clemens-meyer-wird-stadtschreiber-bergen-enkheim-10385163.html\" class=\"id-import-Link\" data-id-ec=\"{&quot;sht&quot;:&quot;Container&quot;,&quot;shn&quot;:&quot;Story&quot;,&quot;p&quot;:{&quot;containerType&quot;:&quot;Paragraph&quot;,&quot;displayType&quot;:&quot;Paragraph InlineLink&quot;,&quot;type&quot;:&quot;INLINE_LINK&quot;,&quot;value&quot;:&quot;Clemens Meyer war auch einst Stadtschreiber&quot;,&quot;variant&quot;:&quot;standardLink&quot;,&quot;sponsored&quot;:false,&quot;linkHref&quot;:&quot;https:\/\/www.fnp.de\/frankfurt\/clemens-meyer-wird-stadtschreiber-bergen-enkheim-10385163.html&quot;,&quot;storyElementPosition&quot;:26,&quot;storyElementCount&quot;:26}}\" rel=\"nofollow noopener\" target=\"_blank\">Clemens Meyer war auch einst Stadtschreiber<\/a> von Bergen-Enkheim.<\/p>\n","protected":false},"excerpt":{"rendered":"Startseite Frankfurt Stand: 18.10.2025, 06:00 Uhr DruckenTeilen Die \u201eAlte Post\u201c in Bergen-Enkheim und ihre Wirtin Dragi sind Kult&hellip;\n","protected":false},"author":2,"featured_media":505174,"comment_status":"","ping_status":"","sticky":false,"template":"","format":"standard","meta":{"footnotes":""},"categories":[1829],"tags":[29,2050,2051,30,2052],"class_list":{"0":"post-507504","1":"post","2":"type-post","3":"status-publish","4":"format-standard","5":"has-post-thumbnail","7":"category-frankfurt-am-main","8":"tag-deutschland","9":"tag-frankfurt","10":"tag-frankfurt-am-main","11":"tag-germany","12":"tag-hessen"},"share_on_mastodon":{"url":"https:\/\/pubeurope.com\/@de\/115393324954022265","error":""},"_links":{"self":[{"href":"https:\/\/www.europesays.com\/de\/wp-json\/wp\/v2\/posts\/507504","targetHints":{"allow":["GET"]}}],"collection":[{"href":"https:\/\/www.europesays.com\/de\/wp-json\/wp\/v2\/posts"}],"about":[{"href":"https:\/\/www.europesays.com\/de\/wp-json\/wp\/v2\/types\/post"}],"author":[{"embeddable":true,"href":"https:\/\/www.europesays.com\/de\/wp-json\/wp\/v2\/users\/2"}],"replies":[{"embeddable":true,"href":"https:\/\/www.europesays.com\/de\/wp-json\/wp\/v2\/comments?post=507504"}],"version-history":[{"count":0,"href":"https:\/\/www.europesays.com\/de\/wp-json\/wp\/v2\/posts\/507504\/revisions"}],"wp:featuredmedia":[{"embeddable":true,"href":"https:\/\/www.europesays.com\/de\/wp-json\/wp\/v2\/media\/505174"}],"wp:attachment":[{"href":"https:\/\/www.europesays.com\/de\/wp-json\/wp\/v2\/media?parent=507504"}],"wp:term":[{"taxonomy":"category","embeddable":true,"href":"https:\/\/www.europesays.com\/de\/wp-json\/wp\/v2\/categories?post=507504"},{"taxonomy":"post_tag","embeddable":true,"href":"https:\/\/www.europesays.com\/de\/wp-json\/wp\/v2\/tags?post=507504"}],"curies":[{"name":"wp","href":"https:\/\/api.w.org\/{rel}","templated":true}]}}