{"id":507505,"date":"2025-10-18T04:39:11","date_gmt":"2025-10-18T04:39:11","guid":{"rendered":"https:\/\/www.europesays.com\/de\/507505\/"},"modified":"2025-10-18T04:39:11","modified_gmt":"2025-10-18T04:39:11","slug":"frankfurt-flughafen-menschen-maschinen-und-mega-ausbau","status":"publish","type":"post","link":"https:\/\/www.europesays.com\/de\/507505\/","title":{"rendered":"Frankfurt Flughafen &#8211; Menschen, Maschinen und Mega-Ausbau"},"content":{"rendered":"<p class=\"p4fzw5k tyrgmig m1iv7h85\">Jeden Monat starten und landen dort rund 35.000 Flugzeuge. Aber nicht nur f\u00fcr Urlauber und Gesch\u00e4ftsreisende ist der Airport eine wichtige Anlaufstelle &#8211; f\u00fcr mehr als 80.0000 Menschen ist der Flughafen ihr t\u00e4glicher Arbeitsplatz.<\/p>\n<p>Traumjob Pilotin<\/p>\n<p class=\"p4fzw5k tyrgmig m1iv7h85\">Flugkapit\u00e4nin Steffi Bub startet regelm\u00e4\u00dfig von Frankfurt in die Luft. &#8222;Ich wollte schon im Kindergarten Pilotin werden, es war mein Traum und es ist immer noch mein Traum&#8220;, erz\u00e4hlt sie \u00fcber den Wolken. Auf manchen Fl\u00fcgen ist sie die einzige Frau in einer ansonsten kompletten M\u00e4nner-Crew.<\/p>\n<p>Viel zu tun beim Zoll<\/p>\n<p class=\"p4fzw5k tyrgmig m1iv7h85\">Nico Schneider arbeitet beim Zoll und kontrolliert das Gep\u00e4ck von Reisenden bevor sie einreisen. Regelm\u00e4\u00dfig findet er verbotene Waren in den Koffern der Reisenden. Gerade aus fernen L\u00e4ndern wird gern ohne Erlaubnis frisches Obst und Gem\u00fcse mitgebracht. Nico Schneider meint: &#8222;Oft ist es aus dem eigenen Garten und schmeckt bestimmt gut, aber wir k\u00f6nnen trotzdem kein Auge zudr\u00fccken.&#8220;<\/p>\n<p>80 Kilometer Gep\u00e4ckb\u00e4nder<\/p>\n<p class=\"p4fzw5k tyrgmig m1iv7h85\">Dunkle G\u00e4nge, niedrige Decken und ohrenbet\u00e4ubender L\u00e4rm &#8211; das ist der Arbeitsplatz von Miriam Strecker und Giorgio Chianella. Die beiden sind Servicetechniker in der Gep\u00e4ckf\u00f6rderanlage des Frankfurter Flughafen. Sie betreuen mehr als 80 Kilometer Gep\u00e4ckb\u00e4nder, auf denen t\u00e4glich mehr als 100.000 Gep\u00e4ckst\u00fccke bef\u00f6rdert werden. Und wenn sich die Schlaufe eines Rucksacks verf\u00e4ngt, ein Koffer vom Band rutscht oder irgendwo ein Band blockiert, dann haben die beiden nicht mehr als zehn Minuten Zeit, um dieses Problem zu beheben. Kein Wunder also, dass die beiden sagen, die Sommerreisezeit sei f\u00fcr sie die stressigste Zeit.<\/p>\n<p>Terminal 3 kurz vor Er\u00f6ffnung<\/p>\n<p class=\"p4fzw5k tyrgmig m1iv7h85\">Und der Flughafen soll weiter wachsen. 2015 erfolgte der Spatenstich f\u00fcr ein neues, drittes Terminal, 2026 soll es in Betrieb gehen &#8211; zun\u00e4chst mit einer Kapazit\u00e4t von 19 Millionen Reisenden, ausbaubar f\u00fcr bis zu 25 Millionen Reisende.<br \/>Die Baustelle von Terminal 3 ist Europas gr\u00f6\u00dftes privat finanziertes Infrastrukturprojekt. Voraussichtliche Kosten 4 Milliarden Euro.<\/p>\n<p class=\"p4fzw5k tyrgmig m1iv7h85\">Harald Rohr verantwortet dieses Megaprojekt. Er sagt: &#8222;Wir bauen nicht nur einen Flughafen, wir bauen eine neue Infrastruktur. Mit zehn Kilometern neuen Stra\u00dfen und Br\u00fccken, einem neuen Anschluss an die Autobahn A5, Europas gr\u00f6\u00dftem Parkhaus und einem komplett neuen Personentransportsystem.&#8220;<\/p>\n<p class=\"p4fzw5k tyrgmig m1iv7h85\">Die &#8222;ZDF.reportage&#8220; blickt hinter die Kulissen des Frankfurter Flughafens.<\/p>\n<p>\u00c4hnliche Inhalte entdecken<\/p>\n","protected":false},"excerpt":{"rendered":"Jeden Monat starten und landen dort rund 35.000 Flugzeuge. Aber nicht nur f\u00fcr Urlauber und Gesch\u00e4ftsreisende ist der&hellip;\n","protected":false},"author":2,"featured_media":507506,"comment_status":"","ping_status":"","sticky":false,"template":"","format":"standard","meta":{"footnotes":""},"categories":[1829],"tags":[29,2050,2051,30,2052],"class_list":{"0":"post-507505","1":"post","2":"type-post","3":"status-publish","4":"format-standard","5":"has-post-thumbnail","7":"category-frankfurt-am-main","8":"tag-deutschland","9":"tag-frankfurt","10":"tag-frankfurt-am-main","11":"tag-germany","12":"tag-hessen"},"share_on_mastodon":{"url":"https:\/\/pubeurope.com\/@de\/115393328888878707","error":""},"_links":{"self":[{"href":"https:\/\/www.europesays.com\/de\/wp-json\/wp\/v2\/posts\/507505","targetHints":{"allow":["GET"]}}],"collection":[{"href":"https:\/\/www.europesays.com\/de\/wp-json\/wp\/v2\/posts"}],"about":[{"href":"https:\/\/www.europesays.com\/de\/wp-json\/wp\/v2\/types\/post"}],"author":[{"embeddable":true,"href":"https:\/\/www.europesays.com\/de\/wp-json\/wp\/v2\/users\/2"}],"replies":[{"embeddable":true,"href":"https:\/\/www.europesays.com\/de\/wp-json\/wp\/v2\/comments?post=507505"}],"version-history":[{"count":0,"href":"https:\/\/www.europesays.com\/de\/wp-json\/wp\/v2\/posts\/507505\/revisions"}],"wp:featuredmedia":[{"embeddable":true,"href":"https:\/\/www.europesays.com\/de\/wp-json\/wp\/v2\/media\/507506"}],"wp:attachment":[{"href":"https:\/\/www.europesays.com\/de\/wp-json\/wp\/v2\/media?parent=507505"}],"wp:term":[{"taxonomy":"category","embeddable":true,"href":"https:\/\/www.europesays.com\/de\/wp-json\/wp\/v2\/categories?post=507505"},{"taxonomy":"post_tag","embeddable":true,"href":"https:\/\/www.europesays.com\/de\/wp-json\/wp\/v2\/tags?post=507505"}],"curies":[{"name":"wp","href":"https:\/\/api.w.org\/{rel}","templated":true}]}}