{"id":507509,"date":"2025-10-18T04:41:12","date_gmt":"2025-10-18T04:41:12","guid":{"rendered":"https:\/\/www.europesays.com\/de\/507509\/"},"modified":"2025-10-18T04:41:12","modified_gmt":"2025-10-18T04:41:12","slug":"frauen-bundesliga-am-sonntag-so-sehen-sie-bayern-muenchen-koeln-live-im-tv-sport","status":"publish","type":"post","link":"https:\/\/www.europesays.com\/de\/507509\/","title":{"rendered":"Frauen-Bundesliga am Sonntag: SO sehen Sie Bayern M\u00fcnchen \u2013 K\u00f6ln live im TV | Sport"},"content":{"rendered":"<p><b>Der Underdog zu Gast beim amtierenden Meister!<\/b><\/p>\n<p>Am Sonntag um 16 Uhr empf\u00e4ngt Tabellenf\u00fchrer <a href=\"https:\/\/www.bild.de\/sport\/fussball\/fc-bayern-muenchen\/liveticker-zum-fc-bayern-heute-g3hCbXOdojCJqdtak7sj\" class=\"text-link\" target=\"_blank\" rel=\"noopener\">Bayern M\u00fcnchen<\/a> die Frauen des 1. FC K\u00f6ln zum 7. Spieltag der <a href=\"https:\/\/www.bild.de\/sport\/fussball\/frauen-fussball\/frauenfussball-52585338.bild.html\" class=\"text-link\" target=\"_blank\" rel=\"noopener\">Frauen-Bundesliga<\/a>. W\u00e4hrend die M\u00fcnchnerinnen souver\u00e4n mit 16 Punkten an der Spitze stehen, reist K\u00f6ln mit sieben Z\u00e4hlern und Rang zehn als Au\u00dfenseiter in die bayerische Landeshauptstadt. BILD verr\u00e4t Ihnen, wo Sie das Spiel live im TV verfolgen k\u00f6nnen. <\/p>\n<p>SO sehen Sie Bayern M\u00fcnchen \u2013 1. FC K\u00f6ln live im TV<\/p>\n<p><b>Schlechte Nachrichten! Das Spiel wird nur beim <\/b><a href=\"https:\/\/prf.hn\/click\/camref:1011l48ZU\/adref:RedaktionArtikelProduktMutifootball\/destination:https:\/\/www.dazn.com\/de-DE\/welcome\/\" rel=\"noopener\" class=\"text-link--external text-link\" target=\"_blank\"><b>kostenpflichtigen Streaminganbieter DAZN <\/b><\/a><b>(Anzeige), sowie beim Streamingportal MagentaSport gezeigt. Die \u00dcbertragung startet p\u00fcnktlich zum Anpfiff. <\/b><\/p>\n<p>Alternativ k\u00f6nnen Sie die Partie <a href=\"https:\/\/sport.bild.de\/fussball\/bundesliga-frauen\/ma11376245\/bayern-muenchen_1-fc-koeln\/liveticker\/\" rel=\"noopener\" class=\"text-link--external text-link\" target=\"_blank\">HIER<\/a> im Live-Ticker bei BILD.de verfolgen. <\/p>\n<p>Mehr zum Thema<\/p>\n<p>Unter der Woche mussten beide Teams bereits ran \u2013 und die Bayern lieferten in der Champions League ein echtes Herzschlagfinale. Beim 2:1 gegen Juventus Turin sorgte Lea Sch\u00fcller (27) in der Nachspielzeit f\u00fcr den umjubelten Siegtreffer. Der Treffer musste zun\u00e4chst vom VAR \u00fcberpr\u00fcft werden, ehe endg\u00fcltig feststand: Der Ball war in vollem Umfang hinter der Linie.<\/p>\n<p><b>Zuvor hatte Pernille Harder (32) fr\u00fch zur F\u00fchrung getroffen, ehe Juves Eva Schatzer (20) per Traumfreisto\u00df ausglich. Erst Sch\u00fcllers Treffer in der 94. Minute sicherte den ersten Sieg in der K\u00f6nigsklasse. \u201eWir haben bis zum Schluss gek\u00e4mpft. Es war ein hartes St\u00fcck Arbeit. Wir haben es verpasst, unsere Dominanz fr\u00fcher in Tore umzum\u00fcnzen. Trotzdem war der Sieg verdient\u201c, sagte Torh\u00fcterin Mala Grohs (24) nach der Partie.<\/b><\/p>\n<p>Nach dem 1:7-Debakel zum Auftakt beim FC Barcelona, zeigte sich der Meister deutlich verbessert.<\/p>\n<p>\u201eUnglaubliches Erlebnis\u201c: Hoene\u00df wendet sich an GANZ M\u00fcnchen<a class=\"anchor video-teaser__anchor\" href=\"https:\/\/www.bild.de\/sport\/fussball\/wir-als-fc-bayern-uli-hoeness-wendet-sich-an-ganz-muenchen-68f1ecb2ad34762cb4a7371b\" target=\"_blank\" rel=\"noopener\"><img decoding=\"async\" width=\"992\" height=\"558\" alt=\"\u201eWir als FC Bayern...\u201c: Uli Hoene\u00df wendet sich an GANZ M\u00fcnchen\" src=\"https:\/\/www.europesays.com\/de\/wp-content\/uploads\/2025\/10\/eb0be08eff85d129041294d035e594ae,423914d3\"   class=\"landscape teaser__image\" loading=\"lazy\"\/><\/a><\/p>\n<p>Quelle: FCB17.10.2025<\/p>\n<p>Auch K\u00f6ln war am Donnerstag in der Liga gefordert: Im Nachholspiel gegen Bayer Leverkusen verspielte das Team von Britta Carlson (47) eine 2:0-F\u00fchrung und musste sich mit einem 2:2 begn\u00fcgen. Ein Elfmeter und ein Eigentor brachte die vermeintliche Vorentscheidung \u2013 doch Bayer schlug sp\u00e4t zur\u00fcck.<\/p>\n<p>Bitter: Der Ausgleich fiel durch einen Weitschuss von Katharina Piljic (22), nachdem K\u00f6lns  Keeperin den Ball ungl\u00fccklich vorgelegt hatte. Damit verpasste der FC den dritten Sieg in Serie, bleibt aber im sicheren Tabellenmittelfeld.<\/p>\n<p>Frauen-Bundesliga: Bayern M\u00fcnchen gegen 1. FC K\u00f6ln im Live-Ticker<\/p>\n","protected":false},"excerpt":{"rendered":"Der Underdog zu Gast beim amtierenden Meister! Am Sonntag um 16 Uhr empf\u00e4ngt Tabellenf\u00fchrer Bayern M\u00fcnchen die Frauen&hellip;\n","protected":false},"author":2,"featured_media":507510,"comment_status":"","ping_status":"","sticky":false,"template":"","format":"standard","meta":{"footnotes":""},"categories":[1828],"tags":[623,299,1931,29,458,6578,347,30,1420,5426,5639,1209,1927,45],"class_list":{"0":"post-507509","1":"post","2":"type-post","3":"status-publish","4":"format-standard","5":"has-post-thumbnail","7":"category-koeln","8":"tag-1-fc-koeln","9":"tag-bundesliga","10":"tag-dazn","11":"tag-deutschland","12":"tag-fc-bayern-muenchen","13":"tag-frauen-fussball","14":"tag-fussball","15":"tag-germany","16":"tag-koeln","17":"tag-live-ticker","18":"tag-magenta-sport","19":"tag-nordrhein-westfalen","20":"tag-sport-standard","21":"tag-texttospeech"},"share_on_mastodon":{"url":"https:\/\/pubeurope.com\/@de\/115393336867666937","error":""},"_links":{"self":[{"href":"https:\/\/www.europesays.com\/de\/wp-json\/wp\/v2\/posts\/507509","targetHints":{"allow":["GET"]}}],"collection":[{"href":"https:\/\/www.europesays.com\/de\/wp-json\/wp\/v2\/posts"}],"about":[{"href":"https:\/\/www.europesays.com\/de\/wp-json\/wp\/v2\/types\/post"}],"author":[{"embeddable":true,"href":"https:\/\/www.europesays.com\/de\/wp-json\/wp\/v2\/users\/2"}],"replies":[{"embeddable":true,"href":"https:\/\/www.europesays.com\/de\/wp-json\/wp\/v2\/comments?post=507509"}],"version-history":[{"count":0,"href":"https:\/\/www.europesays.com\/de\/wp-json\/wp\/v2\/posts\/507509\/revisions"}],"wp:featuredmedia":[{"embeddable":true,"href":"https:\/\/www.europesays.com\/de\/wp-json\/wp\/v2\/media\/507510"}],"wp:attachment":[{"href":"https:\/\/www.europesays.com\/de\/wp-json\/wp\/v2\/media?parent=507509"}],"wp:term":[{"taxonomy":"category","embeddable":true,"href":"https:\/\/www.europesays.com\/de\/wp-json\/wp\/v2\/categories?post=507509"},{"taxonomy":"post_tag","embeddable":true,"href":"https:\/\/www.europesays.com\/de\/wp-json\/wp\/v2\/tags?post=507509"}],"curies":[{"name":"wp","href":"https:\/\/api.w.org\/{rel}","templated":true}]}}