{"id":507518,"date":"2025-10-18T04:46:12","date_gmt":"2025-10-18T04:46:12","guid":{"rendered":"https:\/\/www.europesays.com\/de\/507518\/"},"modified":"2025-10-18T04:46:12","modified_gmt":"2025-10-18T04:46:12","slug":"berlin-brandenburg-spd-chef-diskutiert-mit-buergern-in-havelstadt-brandenburg","status":"publish","type":"post","link":"https:\/\/www.europesays.com\/de\/507518\/","title":{"rendered":"Berlin &#038; Brandenburg: SPD-Chef diskutiert mit B\u00fcrgern in Havelstadt Brandenburg"},"content":{"rendered":"<p>                    Berlin &amp; Brandenburg<br \/>\n                SPD-Chef diskutiert mit B\u00fcrgern in Havelstadt Brandenburg<\/p>\n<p>\t\t\t\t              18.10.2025, 06:03 Uhr<\/p>\n<p><strong>SPD-Chef Lars Klingbeil sucht in Brandenburg an der Havel das Gespr\u00e4ch mit B\u00fcrgern. Die Veranstaltung d\u00fcrfte im Zeichen des laufenden Oberb\u00fcrgermeister-Wahlkampfs stehen.<\/strong><\/p>\n<p>Brandenburg an der Havel (dpa\/bb) &#8211; Der SPD-Bundesvorsitzende Lars Klingbeil kommt nach Brandenburg an der Havel &#8211; mitten im Oberb\u00fcrgermeister-Wahlkampf. Im Kino will der Bundesfinanzminister am kommenden Mittwochabend (22.10., 18.30 Uhr) mit B\u00fcrgerinnen und B\u00fcrgern \u00fcber die aktuelle Politik und Themen sprechen, die die Menschen bewegen. Das k\u00fcndigte die Bundes-SPD an.\u00a0<\/p>\n<p>Damit setzt der Parteivorsitzende seine B\u00fcrgerdialoge &#8222;Klingbeil im Gespr\u00e4ch&#8220; fort. Erwartet werden auch die SPD-Bundestagsabgeordnete Sonja Eichwede und der SPD-Kandidat f\u00fcr die Oberb\u00fcrgermeisterwahl am 9. November, Daniel Keip.\u00a0<\/p>\n<p>Bei der Wahl um das Oberb\u00fcrgermeisteramt treten insgesamt sechs Kandidaten an: Neben Keip kandidieren der amtierende CDU-Oberb\u00fcrgermeister Steffen Scheller, ein AfD-Kandidat, zwei parteilose Einzelbewerber und ein Kandidat einer W\u00e4hlergruppe.<\/p>\n","protected":false},"excerpt":{"rendered":"Berlin &amp; Brandenburg SPD-Chef diskutiert mit B\u00fcrgern in Havelstadt Brandenburg 18.10.2025, 06:03 Uhr SPD-Chef Lars Klingbeil sucht in&hellip;\n","protected":false},"author":2,"featured_media":507519,"comment_status":"","ping_status":"","sticky":false,"template":"","format":"standard","meta":{"footnotes":""},"categories":[1816],"tags":[1960,1958,1959,1957,296,1956,1890,40866,29,30,23668,126586],"class_list":{"0":"post-507518","1":"post","2":"type-post","3":"status-publish","4":"format-standard","5":"has-post-thumbnail","7":"category-brandenburg","8":"tag-aktuelle-nachrichten-aus-berlin-und-brandenburg","9":"tag-aktuelle-nachrichten-aus-brandenburg","10":"tag-aktuelle-news-aus-berlin-und-brandenburg","11":"tag-aktuelle-news-aus-brandenburg","12":"tag-berlin","13":"tag-berlin-und-brandenburg","14":"tag-brandenburg","15":"tag-buergern","16":"tag-deutschland","17":"tag-germany","18":"tag-havelstadt","19":"tag-spd-chef"},"share_on_mastodon":{"url":"https:\/\/pubeurope.com\/@de\/115393356353157047","error":""},"_links":{"self":[{"href":"https:\/\/www.europesays.com\/de\/wp-json\/wp\/v2\/posts\/507518","targetHints":{"allow":["GET"]}}],"collection":[{"href":"https:\/\/www.europesays.com\/de\/wp-json\/wp\/v2\/posts"}],"about":[{"href":"https:\/\/www.europesays.com\/de\/wp-json\/wp\/v2\/types\/post"}],"author":[{"embeddable":true,"href":"https:\/\/www.europesays.com\/de\/wp-json\/wp\/v2\/users\/2"}],"replies":[{"embeddable":true,"href":"https:\/\/www.europesays.com\/de\/wp-json\/wp\/v2\/comments?post=507518"}],"version-history":[{"count":0,"href":"https:\/\/www.europesays.com\/de\/wp-json\/wp\/v2\/posts\/507518\/revisions"}],"wp:featuredmedia":[{"embeddable":true,"href":"https:\/\/www.europesays.com\/de\/wp-json\/wp\/v2\/media\/507519"}],"wp:attachment":[{"href":"https:\/\/www.europesays.com\/de\/wp-json\/wp\/v2\/media?parent=507518"}],"wp:term":[{"taxonomy":"category","embeddable":true,"href":"https:\/\/www.europesays.com\/de\/wp-json\/wp\/v2\/categories?post=507518"},{"taxonomy":"post_tag","embeddable":true,"href":"https:\/\/www.europesays.com\/de\/wp-json\/wp\/v2\/tags?post=507518"}],"curies":[{"name":"wp","href":"https:\/\/api.w.org\/{rel}","templated":true}]}}