{"id":507530,"date":"2025-10-18T04:52:21","date_gmt":"2025-10-18T04:52:21","guid":{"rendered":"https:\/\/www.europesays.com\/de\/507530\/"},"modified":"2025-10-18T04:52:21","modified_gmt":"2025-10-18T04:52:21","slug":"fame-fighting-taucht-vanessa-nwattu-auf-wird-aleks-petrovic-bestraft-unterhaltung","status":"publish","type":"post","link":"https:\/\/www.europesays.com\/de\/507530\/","title":{"rendered":"Fame Fighting: Taucht Vanessa Nwattu auf, wird Aleks Petrovi\u0107 bestraft | Unterhaltung"},"content":{"rendered":"<p>Essen \u2013 <b>Morgen geht es bei Fame Fighting 3 in den Ring! Da steht man allein, nur mit sich selbst \u2013 F\u00e4uste hoch, Blick nach vorn. Hinter einem zwar das Team, doch den Sieg muss jeder allein erk\u00e4mpfen. Aber Unterst\u00fctzung von au\u00dfen kann Wunder wirken. Das hat man in den vergangenen Jahren immer wieder gesehen \u2013 besonders, wenn die Partnerin am Rand mitfiebert, anfeuert, pusht.<\/b><\/p>\n<p>Bei Aleks ist das in diesem Jahr allerdings ein echtes Drama. Denn in seinem Leben herrscht gerade ein ziemliches Liebes-Wirrwarr! Schon jetzt steht fest: Wenn seine (Ex-)Freundin auftaucht, wird\u2019s \u00c4rger geben \u2013 und zwar richtig!<\/p>\n<p>Mehr zum ThemaWarum Vanessa nicht f\u00fcr Aleks in der ersten Reihe sitzt<\/p>\n<p>Noch im vergangenen Jahr jubelte Vanessa Nwattu ihrem Aleks zum Sieg. In einem knallroten Glitzerkleid sa\u00df sie in der ersten Reihe, dr\u00fcckte die Daumen und feierte ihren Liebsten lautstark an. Doch dieses Mal bleibt ihr Platz leer. Warum?<\/p>\n<p>Mehr zum Thema<\/p>\n<p>Vanessa und Aleks sind derzeit in der Reality-Show \u201eTemptation Island VIP\u201c zu sehen \u2013 der Sendung, in der Paare ihre Liebe auf die Probe stellen. Zwar ist das Format l\u00e4ngst abgedreht, doch reden d\u00fcrfen die beiden erst, wenn alle Folgen im TV gelaufen sind.<\/p>\n<p><img decoding=\"async\" width=\"992\" height=\"661\" alt=\"Stolz trug sie die serbische Flagge \u2013 Vanessa Nwattu (25) feuerte Aleks, der aus Serbien stammt, im vergangenen Jahr begeistert an\" src=\"https:\/\/www.europesays.com\/de\/wp-content\/uploads\/2025\/10\/467b30b4122be60832be31614425b565,3a4becfd\"   class=\"dynamic\" loading=\"lazy\"\/><\/p>\n<p class=\"fig__caption__text\">Stolz trug sie die serbische Flagge \u2013 Vanessa Nwattu feuerte Aleks, der aus Serbien stammt, im vergangenen Jahr begeistert an<\/p>\n<p>Foto: Fredrik von Erichsen<\/p>\n<p>Und genau da liegt das Problem: W\u00fcrde Vanessa jetzt wieder in Reihe 1 sitzen und ihren Aleks anfeuern, w\u00e4re das ein klarer Spoiler \u2013 und laut BILD-Informationen k\u00f6nnte das eine saftige Vertragsstrafe nach sich ziehen.<\/p>\n<p>Emmy Russ k\u00f6nnte Vanessa ersetzen<\/p>\n<p>Dass es zwischen Aleks und Vanessa l\u00e4ngst kriselt, ist kein Geheimnis mehr. Auf Instagram liefern sich die beiden aktuell einen echten Schlagabtausch \u2013 mit fiesen Sticheleien und kaum versteckten Seitenhieben. Harmonie? Fehlanzeige!<\/p>\n<p>Doch Aleks muss wohl trotzdem nicht ganz ohne weibliche Unterst\u00fctzung auskommen. Seit Wochen brodelt die Ger\u00fcchtek\u00fcche um eine m\u00f6gliche Romanze mit Reality-Star Emmy Russ. Pikant: Emmy steht auf der G\u00e4steliste vom BILD-Boxspektakel.<\/p>\n<p>Ob sie am Ende tats\u00e4chlich f\u00fcr Aleks jubelt \u2013 oder vielleicht sogar selbst f\u00fcr Wirbel sorgt \u2013 bleibt abzuwarten \u2026<\/p>\n<p><img decoding=\"async\" width=\"992\" height=\"1240\" alt=\"Im vergangenen Jahr stand Emmy Russ noch selbst im Ring. Ob sie jetzt Team Petrovi\u0107 ist?\" src=\"https:\/\/www.europesays.com\/de\/wp-content\/uploads\/2025\/10\/9ab3ad6c276ecac706fabe5334668ad5,267e0247\"   class=\"dynamic\" loading=\"lazy\"\/><\/p>\n<p class=\"fig__caption__text\">Im vergangenen Jahr stand Emmy Russ noch selbst im Ring. Ob sie jetzt Team Petrovi\u0107 ist?<\/p>\n<p>Foto: emmyruss\/Instagram<\/p>\n<p><b>Fame Fighting ist Promi-Boxen auf Profi-Niveau!<\/b><\/p>\n<p>Ob Reality-Star, YouTuber oder Schauspieler \u2013 hier begleichen Promis offene Rechnungen miteinander. Die Stars gehen durch hartes Training und opfern Blut, Schwei\u00df und Tr\u00e4nen \u2013 f\u00fcr die wohl h\u00e4rteste Event-Show Deutschlands.<\/p>\n<p>Fame Fighting 3 wird Samstag ab 18 Uhr in der Grugahalle in Essen ausgetragen. <a href=\"https:\/\/www.bild.de\/specials\/premium-event\/fame-fighting-noch-heute-den-fight-pass-sichern-67f3e2ac34eeb05559befdb3\" class=\"text-link\" target=\"_blank\" rel=\"noopener\">BILD \u00fcbertr\u00e4gt LIVE und exklusiv.<\/a><\/p>\n","protected":false},"excerpt":{"rendered":"Essen \u2013 Morgen geht es bei Fame Fighting 3 in den Ring! Da steht man allein, nur mit&hellip;\n","protected":false},"author":2,"featured_media":507531,"comment_status":"","ping_status":"","sticky":false,"template":"","format":"standard","meta":{"footnotes":""},"categories":[1776],"tags":[520,1801,29,214,23937,30,153,37487,1802,9812,45,215],"class_list":{"0":"post-507530","1":"post","2":"type-post","3":"status-publish","4":"format-standard","5":"has-post-thumbnail","7":"category-prominente","8":"tag-boxen","9":"tag-celebrities","10":"tag-deutschland","11":"tag-entertainment","12":"tag-fame-fighting","13":"tag-germany","14":"tag-influencer","15":"tag-kampfsport","16":"tag-prominente","17":"tag-sommerhaus-der-stars","18":"tag-texttospeech","19":"tag-unterhaltung"},"share_on_mastodon":{"url":"https:\/\/pubeurope.com\/@de\/115393380120944225","error":""},"_links":{"self":[{"href":"https:\/\/www.europesays.com\/de\/wp-json\/wp\/v2\/posts\/507530","targetHints":{"allow":["GET"]}}],"collection":[{"href":"https:\/\/www.europesays.com\/de\/wp-json\/wp\/v2\/posts"}],"about":[{"href":"https:\/\/www.europesays.com\/de\/wp-json\/wp\/v2\/types\/post"}],"author":[{"embeddable":true,"href":"https:\/\/www.europesays.com\/de\/wp-json\/wp\/v2\/users\/2"}],"replies":[{"embeddable":true,"href":"https:\/\/www.europesays.com\/de\/wp-json\/wp\/v2\/comments?post=507530"}],"version-history":[{"count":0,"href":"https:\/\/www.europesays.com\/de\/wp-json\/wp\/v2\/posts\/507530\/revisions"}],"wp:featuredmedia":[{"embeddable":true,"href":"https:\/\/www.europesays.com\/de\/wp-json\/wp\/v2\/media\/507531"}],"wp:attachment":[{"href":"https:\/\/www.europesays.com\/de\/wp-json\/wp\/v2\/media?parent=507530"}],"wp:term":[{"taxonomy":"category","embeddable":true,"href":"https:\/\/www.europesays.com\/de\/wp-json\/wp\/v2\/categories?post=507530"},{"taxonomy":"post_tag","embeddable":true,"href":"https:\/\/www.europesays.com\/de\/wp-json\/wp\/v2\/tags?post=507530"}],"curies":[{"name":"wp","href":"https:\/\/api.w.org\/{rel}","templated":true}]}}