{"id":507534,"date":"2025-10-18T04:54:18","date_gmt":"2025-10-18T04:54:18","guid":{"rendered":"https:\/\/www.europesays.com\/de\/507534\/"},"modified":"2025-10-18T04:54:18","modified_gmt":"2025-10-18T04:54:18","slug":"neuer-horrorroman-von-finteler-autor","status":"publish","type":"post","link":"https:\/\/www.europesays.com\/de\/507534\/","title":{"rendered":"Neuer Horrorroman von Finteler Autor"},"content":{"rendered":"<ol class=\"id-DonaldBreadcrumb lp_west_breadcrumb id-DonaldBreadcrumb--default\" data-k5a-pos=\"west_breadcrumb\">\n<li class=\"id-Breadcrumb-item\"><a href=\"https:\/\/www.kreiszeitung.de\/\" class=\"id-Breadcrumb-link\" data-id-ec=\"{\" shn=\"\" textlink=\"\" data-k5a-pos=\"1_startseite\" rel=\"nofollow noopener\" target=\"_blank\">Startseite<\/a><\/li>\n<li class=\"id-Breadcrumb-item\"><a href=\"https:\/\/www.kreiszeitung.de\/lokales\/\" class=\"id-Breadcrumb-link\" data-id-ec=\"{\" shn=\"\" textlink=\"\" data-k5a-pos=\"2_lokales\" rel=\"nofollow noopener\" target=\"_blank\">Lokales<\/a><\/li>\n<li class=\"id-Breadcrumb-item\"><a href=\"https:\/\/www.kreiszeitung.de\/lokales\/rotenburg\/\" class=\"id-Breadcrumb-link\" data-id-ec=\"{\" shn=\"\" textlink=\"\" rotenburg=\"\" data-k5a-pos=\"3_landkreisRotenburg\" rel=\"nofollow noopener\" target=\"_blank\">Landkreis Rotenburg<\/a><\/li>\n<li class=\"id-Breadcrumb-item\"><a href=\"https:\/\/www.kreiszeitung.de\/lokales\/rotenburg\/rotenburg-ort120515\/\" class=\"id-Breadcrumb-link\" data-id-ec=\"{\" shn=\"\" textlink=\"\" data-k5a-pos=\"4_rotenburgWuemme\" rel=\"nofollow noopener\" target=\"_blank\">Rotenburg (W\u00fcmme)<\/a><\/li>\n<\/ol>\n<p class=\"id-Story-timestamp id-Story-timestamp--default\">Stand: 18.10.2025, 06:30 Uhr<\/p>\n<p class=\"id-Story-authors id-Story-authors--default\">Von: <a class=\"id-Story-authors-link lp_west_author\" href=\"https:\/\/www.kreiszeitung.de\/autor\/lea-borner-hrjkfy1d.html\" title=\"Zur Autorenseite von Lea Borner\" data-id-ec=\"{\" shn=\"\" author-link=\"\" borner=\"\" data-k5a-pos=\"west_author\" rel=\"nofollow noopener\" target=\"_blank\">Lea Borner<\/a><\/p>\n<p class=\"id-Story-interactionBar id-Story-interactionBar--default\">DruckenTeilen<\/p>\n<p class=\"id-StoryElement-leadText\">Autor Brian Frank aus Fintel ver\u00f6ffentlicht seinen ersten Horrorroman. Im Interview zum Wochenende spricht er \u00fcber seine Liebe zum Horrorgenre, Einfl\u00fcsse seiner pers\u00f6nlichen Biografie auf das Buch und \u00fcber kommende Projekte.<\/p>\n<p class=\"id-StoryElement-paragraph\">Fintel \u2013 <a href=\"https:\/\/www.kreiszeitung.de\/lokales\/rotenburg\/scheessel-ort52321\/wolf-jungautorin-8796804.html\" class=\"id-import-Link\" data-id-ec=\"{&quot;sht&quot;:&quot;Container&quot;,&quot;shn&quot;:&quot;Story&quot;,&quot;p&quot;:{&quot;containerType&quot;:&quot;Paragraph&quot;,&quot;displayType&quot;:&quot;Paragraph InlineLink&quot;,&quot;type&quot;:&quot;INLINE_LINK&quot;,&quot;value&quot;:&quot;Mit seinen beiden Jugendromanen hatte der geb&#xFC;rtige Finteler Brian Frank&quot;,&quot;variant&quot;:&quot;standardLink&quot;,&quot;sponsored&quot;:false,&quot;linkHref&quot;:&quot;https:\/\/www.kreiszeitung.de\/lokales\/rotenburg\/scheessel-ort52321\/wolf-jungautorin-8796804.html&quot;,&quot;storyElementPosition&quot;:7,&quot;storyElementCount&quot;:52}}\" rel=\"nofollow noopener\" target=\"_blank\">Mit seinen beiden Jugendromanen hatte der geb\u00fcrtige Finteler Brian Frank<\/a>, damals noch als Moira Frank, literarisch auf sich aufmerksam gemacht. Nun hat der ehemalige Eichensch\u00fcler und Walter-Serner-Preistr\u00e4ger sein drittes Werk herausgebracht: einen Horrorroman, der im fiktiven \u201eWintloh\u201c angesiedelt ist, das an <a href=\"https:\/\/www.kreiszeitung.de\/lokales\/rotenburg\/fintel-ort50583\/\" rel=\"nofollow noopener\" target=\"_blank\" class=\"id-import-Link\" data-id-ec=\"{&quot;sht&quot;:&quot;Container&quot;,&quot;shn&quot;:&quot;Story&quot;,&quot;p&quot;:{&quot;containerType&quot;:&quot;Paragraph&quot;,&quot;displayType&quot;:&quot;Paragraph InlineLink&quot;,&quot;type&quot;:&quot;INLINE_LINK&quot;,&quot;value&quot;:&quot;Finte&quot;,&quot;variant&quot;:&quot;standardLink&quot;,&quot;sponsored&quot;:false,&quot;linkHref&quot;:&quot;https:\/\/www.kreiszeitung.de\/lokales\/rotenburg\/fintel-ort50583\/&quot;,&quot;storyElementPosition&quot;:7,&quot;storyElementCount&quot;:52}}\">Finte<\/a>l und Lauenbr\u00fcck erinnert.<\/p>\n<p class=\"id-StoryElement-paragraph\">Das Grauen, dem sich drei Jugendfreunde dort stellen, lauert im fiktiven \u201eSpa\u00dfpark\u201c, einem ehemaligen Tierpark. Im Interview erz\u00e4hlt der 32-j\u00e4hrige Autor, warum der Roman erst jetzt erscheint und was das semi-fiktive \u201eWintloh\u201c mit der eigenen Jugend zu tun hat.<\/p>\n<p class=\"id-StoryElement-question\">Herr Frank, nach und \u201eSturmflimmern\u201c 2016 und \u201eNachtschw\u00e4rmer\u201c 2019, ausgezeichnet mit dem Saarl\u00e4ndischen Kinder- und Jugendbuchpreis, haben Sie sich mit der Ver\u00f6ffentlichung Ihres n\u00e4chsten Romans Zeit gelassen \u2026 \u00a0<\/p>\n<p class=\"id-StoryElement-answer\">Angefangen habe ich 2019, beendet habe ich Spa\u00dfpark 2024 \u2013 wobei ich nicht f\u00fcnf Jahre ununterbrochen daran geschrieben habe, sondern auch an anderen Projekten. Es war eine schwierige Zeit: meine Mutter ist 2020 gestorben, und der Roman ist mir in seiner Komplexit\u00e4t \u00fcber den Kopf gewachsen. Ich musste st\u00e4ndig auf den Zeitstrahl schauen, den ich angelegt hatte, um den \u00dcberblick \u00fcber die drei unterschiedlichen Perspektiven und die drei verschlungenen Zeitebenen zu behalten.<\/p>\n<p class=\"id-StoryElement-question\"><strong>Es ist Ihr erstes Buch nicht f\u00fcr Jugendliche, sondern Erwachsene, und erstmals sind Sie im Genre des Horrorromans unterwegs \u2026<\/strong><\/p>\n<p class=\"id-StoryElement-answer\">Ich wusste immer, dass ich auch f\u00fcr Erwachsene schreiben will, und schon meine beiden Jugendb\u00fccher waren einigen Lesern zu brutal, sogar Nachtschw\u00e4rmer, ein eher zarter Roman \u2013 da war das Horrorgenre eine Befreiung. Ich war schon immer Horrorfan, habe fr\u00fch Stephen King gelesen, und ich liebe emotionale Extreme und schreibe gern \u00fcber Gewalt in allen Formen. Das war f\u00fcr mich immer ein Thema. Als Kind hatte ich den Ruf, zu aggressiv f\u00fcr ein M\u00e4dchen zu sein, eben nicht \u201eklein, brav, niedlich\u201c. Literarische Gewalt war und ist f\u00fcr mich ein Ventil, eine Katharsis: Du kommst auf der anderen Seite heil raus und hast Emotionen durchlebt, ohne k\u00f6rperlich zu leiden.<\/p>\n<p class=\"id-StoryElement-question\"><strong>Sie transportieren au\u00dfer viel G\u00e4nsehaut ja auch einige ernste Themen. Was ist das \u00fcbergeordnete Thema des Romans?<\/strong><\/p>\n<p class=\"id-StoryElement-answer\">Verlust, auf viele Arten und Weisen \u2013 der Verlust der beh\u00fcteten Kindheit, der Sicherheit, der Eltern. Und Freundschaft, auch eins meiner zentralen Themen in allen B\u00fcchern.<\/p>\n<p class=\"id-StoryElement-question\"><strong>Nicht Anderssein und Identit\u00e4t? Zwei der drei Protagonisten haben einen Migrationshintergrund und leben zwischen verschiedenen kulturellen Welten, der dritte findet im Verlauf des Romans zu seiner geschlechtlichen Identit\u00e4t \u2013 ein Thema mit Parallelen zu Ihrer eigenen Entwicklung \u2026<\/strong><\/p>\n<p class=\"id-StoryElement-answer\">Ja, Identit\u00e4t ist auch ein gro\u00dfes Thema. Ich habe mich 2023 mit 30 als trans geoutet und meine Transition begonnen. Das war eine unglaubliche Befreiung und hatte sich schon lange angebahnt. Mir ging es echt schlecht, ich hatte mich komplett von mir entfremdet. Sabrina war mir in Spa\u00dfpark \u00fcbrigens voraus: Sie wei\u00df schon sehr fr\u00fch, dass sie trans ist, und findet Worte f\u00fcr sich. Ich w\u00fcnschte, ich h\u00e4tte sie auch gehabt.<\/p>\n<p class=\"id-StoryElement-question\"><strong>Also haben Sie literarisch quasi Ihre eigene Entwicklung vorweggenommen?<\/strong><\/p>\n<p class=\"id-StoryElement-answer\">Wir haben uns sozusagen aneinander herangeschrieben. Ich konnte dann 2024 das fertige Manuskript noch mal mit neuem Blick \u00fcberarbeiten, was Sabrinas Erfahrungen als trans Frau angeht, weil ich inzwischen als trans Mann auch einige gemacht hatte \u2013 \u00fcberwiegend gute, aber auch sehr frustrierende. F\u00fcr meine eigene Transition musste ich etwa f\u00fcr die Krankenkasse einen detaillierten Lebenslauf abgeben, um meinen Leidensdruck zu schildern \u2013 ziemlich entw\u00fcrdigend.<\/p>\n<p class=\"id-StoryElement-question\"><strong>Im Roman schildern Sie diesen Leidensdruck ber\u00fchrend, die Blicke beim Abiball, das Getuschel im Dorf, das Problem, welche Umkleide beim Sportunterricht nehmen \u2013 sind da auch eigene Erfahrungen eingeflossen?\u00a0<\/strong>\u00a0<\/p>\n<p class=\"id-StoryElement-answer\">Ja, gerade aus Umkleidesituationen kannte ich schon als maskuline Frau Misstrauen: \u201eJetzt werde ich von der Lesbe angestarrt!\u201c Vor der Transition war ich Jahre im Niemandsland, weil ich auf den ersten Blick als Junge oder Mann gelesen wurde und erst auf den zweiten als Frau. Die geschlechtliche Uneindeutigkeit war ein Riesenproblem, zum Beispiel beim Schwimmengehen oder auf \u00f6ffentlichen Klos \u2013 ich wurde oft rausgeschmissen, egal ob bei den Frauen oder M\u00e4nnern. Es ist verbl\u00fcffend, wie viele Leute nicht damit umgehen k\u00f6nnen, wenn sie einen nicht eindeutig einordnen k\u00f6nnen.\u00a0\u00a0\u00a0\u00a0<\/p>\n<p class=\"id-StoryElement-question\"><strong>\u00a0In einer der st\u00e4rksten Szenen des Romans malt die Mutter, die die neue geschlechtliche Identit\u00e4t ihres Kindes nicht akzeptieren kann, ein Bild von dem jungen Mann, der ihre Tochter h\u00e4tte werden k\u00f6nnen. Dieses Gem\u00e4lde wird lebendig und versucht, Sabrina zu verschlucken. Haben Sie mit dieser Metapher auch eigene D\u00e4monen exorziert?<\/strong><\/p>\n<p class=\"id-StoryElement-answer\">Wenn, dann ist das unterbewusst passiert \u2013 sich mit Gewalt vom Bild loszul\u00f6sen, das andere von einem haben und das sie einem um jeden Preis \u00fcberst\u00fclpen wollen. Ich hatte die Szene lange im Kopf und h\u00f6re von vielen Lesenden, das sie eine der st\u00e4rksten und unheimlichsten im Buch ist, was mich sehr freut. Das Horrorgenre bietet hier ganz tolle M\u00f6glichkeiten f\u00fcr Metaphern und mit dem \u00dcbernat\u00fcrlichen ein unvergleichliches Element der Unberechenbarkeit und \u00dcberspitzbarkeit.<\/p>\n<p class=\"id-StoryElement-question\"><strong>Sie siedeln Ihre Geschichte im semi-fiktiven \u201eWintloh\u201c an, das nicht nur vom Ortsnamen her starke \u00c4hnlichkeit mit Fintel hat, wo Sie aufgewachsen sind. Ist der Roman eine Liebeserkl\u00e4rung an den Ort Ihrer Jugend oder eine Abrechnung mit ihm, birgt er doch das Grauen?<\/strong><\/p>\n<p class=\"id-StoryElement-answer\">Beides. In allen guten Liebeserkl\u00e4rungen schwingt auch das andere Element mit, sonst w\u00e4ren sie nicht ehrlich. <\/p>\n<p class=\"id-StoryElement-question\"><strong>Alle anderen Orte wie Rotenburg oder Schee\u00dfel kommen aber mit Echtnamen vor \u2026<\/strong><\/p>\n<p class=\"id-StoryElement-answer\">Ich musste irgendwo eine Grenze ziehen und dachte, der Rest darf so bleiben. \u201eWintloh\u201c ist eine wilde Mischung aus Fintel und Lauenbr\u00fcck geworden. Mein n\u00e4chstes Jugendbuch spielt vermutlich in Schneverdingen. <\/p>\n<p class=\"id-StoryElement-question\"><strong>Das Grauen lauert ganz konkret im \u201eSpa\u00dfpark\u201c, wie auch der Titel des Buches hei\u00dft. Der erinnert mit seinen Gehegen mit Auerochsen und Sikawild und dem eisernen Drehkreuz verd\u00e4chtig an den Landpark Lauenbr\u00fcck. Waren Sie als Kind oft dort?<\/strong><\/p>\n<p class=\"id-StoryElement-answer\">Ich habe den Landpark geliebt! Ich habe da einmal den Vogelscheuchenwettbewerb gewonnen und war begeistert von den Ritterspielen. Der ironische \u201eSpa\u00dfpark\u201c mit Achterbahn und Teppichrutsche ist nat\u00fcrlich fiktiv \u2013 ich wei\u00df auch nicht, was die Betreiber des Landparks Lauenbr\u00fcck von meinem Buch halten w\u00fcrden (lacht). Die Inspiration zum Maskottchen, dem Auerochsen \u201eAui\u201c, der im Roman ein Eigenleben entwickelt, ist aber an das B\u00e4ren-Maskottchen in einem Park bei Koblenz angelehnt, der Heimat meiner Frau. Ich bediene mich also \u00fcberall ein bisschen.<\/p>\n<p class=\"id-StoryElement-question\"><strong>Ihre ersten beiden Romane sind beim cbj Kinderb\u00fccher Verlag erschienen, Teil der renommierten Penguin-Random-House-Verlagsgruppe, \u201eSpa\u00dfpark\u201c ist im Eigenverlag erschienen. Warum?<\/strong><\/p>\n<p class=\"id-StoryElement-answer\">Die Mischung aus Horrorroman mit queeren Themen und Coming of Age \u2013 das konnte meine Agentur in Berlin leider keinem klassischen Verlag vermitteln, das war zu sehr Genremix. Ich habe das Manuskript lange liegen lassen und dann im Rahmen von Crowdfunding selbst ver\u00f6ffentlicht.\u00a0<\/p>\n<p class=\"id-StoryElement-question\"><strong>\u2026 und Sie hatten ein Stipendium?<\/strong><\/p>\n<p class=\"id-StoryElement-answer\">Ja, vom Land Niedersachsen. Und zwei Wochen \u201eWriter-in-Residence\u201c in einem kleinen K\u00fcnstlerhaus in Worpswede.<\/p>\n<p class=\"id-StoryElement-question\"><strong>Ist queere Literatur generell schlechter auf dem Literaturmarkt zu platzieren?<\/strong><\/p>\n<p class=\"id-StoryElement-answer\">Eine Zeitlang war sie sogar sehr gut verk\u00e4uflich. Das war so um 2019. Jetzt wird es leider zunehmend wieder zur Nische, die Zeiten werden konservativer. Wenn \u00fcberhaupt queer, dann setzen Verlage auf die \u00dcbersetzung von Titeln, die sich in den USA schon bew\u00e4hrt haben. Aber trotzdem etablieren sich auch tolle deutsche B\u00fccher, und das Selfpublishing macht die Szene auch deutlich bunter und mutiger.<\/p>\n<p class=\"id-StoryElement-question\"><strong>Ist es nicht schade, dass in der Literaturszene so in Schubladen gedacht wird?<\/strong><\/p>\n<p class=\"id-StoryElement-answer\">Label wie \u201equeere Literatur\u201c sind nat\u00fcrlich n\u00fctzlich, weil man so findet, was man lesen m\u00f6chte \u2013\u00a0aber sie k\u00f6nnen auch unn\u00f6tig segregieren und abschrecken. Ich will auch nicht in die Schublade \u201etrans Autor\u201c gesteckt werden \u2013 aber ich schreibe nun mal \u00fcber meine Welt, wie ich sie erlebe. Es ist also immer ein Balanceakt. \u201eSpa\u00dfpark\u201c ist definitiv f\u00fcr alle Horrorfans ein Lesevergn\u00fcgen.<\/p>\n<p class=\"id-StoryElement-question\"><strong>Was d\u00fcrfen Ihre Lesenden als N\u00e4chstes von Ihnen erwarten?<\/strong><\/p>\n<p class=\"id-StoryElement-answer\">Aktuell arbeite ich an einem Fantasyroman, der ans alte \u00c4gypten angelehnt ist. Danach kommt ein Jugendbuch \u00fcber die Kindheit auf dem Land, eine Liebeserkl\u00e4rung an die 00er-Jahre. Gerade fertig geschrieben habe ich ein Familiendrama und einen Survival-Thriller \u00fcber einen Pl\u00fcnderer im fiktiven postapokalyptischen Hamburg. Wann das n\u00e4chste Buch erscheint\u00a0\u2013\u00a0und welches \u2013, ist noch nicht ganz klar, aber es kommt!<\/p>\n<p class=\"id-StoryElement-question\"><strong>Kann man Sie mit einer \u201eSpa\u00dfpark\u201c-Lesung bald auch live in unseren Gefilden erleben, vielleicht im Landpark?<\/strong><\/p>\n<p class=\"id-StoryElement-answer\">Das w\u00e4re nat\u00fcrlich mal eine passende Location (lacht)! Derzeit sind zwei Lesungen in Hamburg geplant: Am 11. Oktober in der \u201eMOTTE\u201c in Altona und am 29. Oktober im B\u00fcchercaf\u00e9 \u201eKapitel Drei\u201c. <\/p>\n<p><img decoding=\"async\" class=\"id-RatioPlaceholder-element wv_story_el_image\" src=\"https:\/\/www.europesays.com\/de\/wp-content\/uploads\/2025\/10\/40078580-der-horrorroman-des-wahl-hamburgers-brian-frank-ist-in-seiner-heimat-fintel-verortet-QgBG.j.jpeg\" loading=\"lazy\"   height=\"1375\" width=\"1100\" alt=\"Der Horrorroman des Wahl-Hamburgers Brian Frank ist in seiner Heimat Fintel verortet.\"\/>Der Horrorroman des Wahl-Hamburgers Brian Frank ist in seiner Heimat Fintel verortet. \u00a9\u00a0 Alexander Frank<img decoding=\"async\" class=\"id-RatioPlaceholder-element wv_story_el_image\" src=\"https:\/\/www.europesays.com\/de\/wp-content\/uploads\/2025\/10\/40078584-der-ehemalige-eichenschueler-hat-jetzt-sein-drittes-buch-veroeffentlicht-QJBG.jpg\" loading=\"lazy\"   height=\"1467\" width=\"1100\" alt=\"Der ehemalige Eichensch&#xFC;ler hat jetzt sein drittes Buch ver&#xF6;ffentlicht.\"\/>Der ehemalige Eichensch\u00fcler hat jetzt sein drittes Buch ver\u00f6ffentlicht. \u00a9\u00a0Mareike Franke<\/p>\n","protected":false},"excerpt":{"rendered":"Startseite Lokales Landkreis Rotenburg Rotenburg (W\u00fcmme) Stand: 18.10.2025, 06:30 Uhr Von: Lea Borner DruckenTeilen Autor Brian Frank aus&hellip;\n","protected":false},"author":2,"featured_media":507535,"comment_status":"","ping_status":"","sticky":false,"template":"","format":"standard","meta":{"footnotes":""},"categories":[1774],"tags":[1784,1785,29,214,30,215],"class_list":{"0":"post-507534","1":"post","2":"type-post","3":"status-publish","4":"format-standard","5":"has-post-thumbnail","7":"category-buecher","8":"tag-books","9":"tag-buecher","10":"tag-deutschland","11":"tag-entertainment","12":"tag-germany","13":"tag-unterhaltung"},"share_on_mastodon":{"url":"https:\/\/pubeurope.com\/@de\/115393387973283387","error":""},"_links":{"self":[{"href":"https:\/\/www.europesays.com\/de\/wp-json\/wp\/v2\/posts\/507534","targetHints":{"allow":["GET"]}}],"collection":[{"href":"https:\/\/www.europesays.com\/de\/wp-json\/wp\/v2\/posts"}],"about":[{"href":"https:\/\/www.europesays.com\/de\/wp-json\/wp\/v2\/types\/post"}],"author":[{"embeddable":true,"href":"https:\/\/www.europesays.com\/de\/wp-json\/wp\/v2\/users\/2"}],"replies":[{"embeddable":true,"href":"https:\/\/www.europesays.com\/de\/wp-json\/wp\/v2\/comments?post=507534"}],"version-history":[{"count":0,"href":"https:\/\/www.europesays.com\/de\/wp-json\/wp\/v2\/posts\/507534\/revisions"}],"wp:featuredmedia":[{"embeddable":true,"href":"https:\/\/www.europesays.com\/de\/wp-json\/wp\/v2\/media\/507535"}],"wp:attachment":[{"href":"https:\/\/www.europesays.com\/de\/wp-json\/wp\/v2\/media?parent=507534"}],"wp:term":[{"taxonomy":"category","embeddable":true,"href":"https:\/\/www.europesays.com\/de\/wp-json\/wp\/v2\/categories?post=507534"},{"taxonomy":"post_tag","embeddable":true,"href":"https:\/\/www.europesays.com\/de\/wp-json\/wp\/v2\/tags?post=507534"}],"curies":[{"name":"wp","href":"https:\/\/api.w.org\/{rel}","templated":true}]}}