{"id":507536,"date":"2025-10-18T04:55:13","date_gmt":"2025-10-18T04:55:13","guid":{"rendered":"https:\/\/www.europesays.com\/de\/507536\/"},"modified":"2025-10-18T04:55:13","modified_gmt":"2025-10-18T04:55:13","slug":"dieses-the-voice-talent-aus-mv-begeistert-jury-mit-einzigartigem-rap-auftritt","status":"publish","type":"post","link":"https:\/\/www.europesays.com\/de\/507536\/","title":{"rendered":"Dieses \u201eThe Voice\u201c-Talent aus MV begeistert Jury mit einzigartigem Rap-Auftritt"},"content":{"rendered":"<p class=\"paragraph tw-mx-auto tw-mb-6\">Das Licht ist grell, die Halle still. <a target=\"_blank\" data-li-document-ref=\"3969551\" href=\"https:\/\/www.nordkurier.de\/regional\/schwerin\/18-jaehrige-aus-mv-tritt-bei-the-voice-auf-mit-diesem-song-will-sie-die-jury-ueberzeugen-3969551\" rel=\"noopener\">Maesra<\/a> steht im Scheinwerferlicht, die H\u00e4nde fest am Mikrost\u00e4nder. Wei\u00dfes Top, dunkle Baggy-Hose, wei\u00dfe Sneaker \u2013 schlicht, konzentriert, bereit. Die weite Hose maskiert, was sie in diesem Moment am liebsten verbergen m\u00f6chte: zitternde Knie. \u201eIch war so nerv\u00f6s, dass ich kaum atmen konnte\u201c, erinnert sie sich. \u201eDeshalb hab ich den Mikrost\u00e4nder behalten \u2013 ohne ihn h\u00e4tte ich das Zittern gar nicht verbergen k\u00f6nnen.\u201c Dann setzt die Musik ein, und mit ihr eine Sicherheit, die man Maesra in diesem Moment zwar nicht ansieht, aber h\u00f6rt. Ihr Rap ist klar, rhythmisch, pr\u00e4zise. Sekunden sp\u00e4ter drehen sich drei Coaches um. Die Schwerinerin entscheidet sich f\u00fcr Shirin David.<\/p>\n<\/p>\n<p>Maesras erste Schritte im Deutschrap<\/p>\n<p class=\"paragraph tw-mx-auto tw-mb-6\">Hinter dem K\u00fcnstlernamen Maesra steht die 18-j\u00e4hrige Mayah M. aus Schwerin. Der Auftritt bei \u201eThe Voice\u201c ist kein Zufall, sondern das Ergebnis eines Weges, der fr\u00fch begann \u2013 mit Trommeln im Wohnzimmer, Musikunterricht und viel Disziplin. \u201eMein Vater kommt aus Tunesien, wir haben schon im Kindergarten zusammen getrommelt\u201c, erz\u00e4hlt sie. Durch das gemeinsame Musizieren lernte sie fr\u00fch, Rhythmus zu f\u00fchlen, T\u00f6ne zu halten und auf den eigenen K\u00f6rper zu h\u00f6ren. Sp\u00e4ter besucht sie das Musikgymnasium, spielt Saxophon, \u00fcbt Atemtechnik und Timing.<\/p>\n<p><img decoding=\"async\" src=\"https:\/\/www.europesays.com\/de\/wp-content\/uploads\/2025\/10\/b2037e7d-5752-48ed-a2ee-e256c610c087.jpg\" loading=\"lazy\" alt=\"Maesra auf der B\u00fchne von \u201eThe Voice of Germany\u201c: Mit Meros \u201eStatement\u201c \u00fcberzeugte sie gleich drei Coaches und entschied sich f\u00fcr Shirin David.\"\/><img decoding=\"async\" alt=\"Bild vergr\u00f6\u00dfern\" class=\"sm:tw-w-9 sm:tw-h-9\" src=\"https:\/\/www.nordkurier.de\/_next\/static\/media\/imageExpand.10dba927.svg\"\/><\/p>\n<p>Maesra auf der B\u00fchne von \u201eThe Voice of Germany\u201c: Mit Meros \u201eStatement\u201c \u00fcberzeugte sie gleich drei Coaches und entschied sich f\u00fcr Shirin David. (Foto: Joyn\/Andr\u00e9 Kowalski;)<\/p>\n<p class=\"paragraph tw-mx-auto tw-mb-6\">\u201eDiese Grundlagen helfen mir bis heute beim Rappen\u201c, sagt sie. Mit zw\u00f6lf entdeckt sie Deutschrap f\u00fcr sich. Als der Rapper Mero, bekannt f\u00fcr seinen melodischen Stil und seine eing\u00e4ngigen Flows, 2019 den Song \u201eBaller los\u201c ver\u00f6ffentlicht, rappt sie die Zeilen mit \u2013 erst im Freundeskreis, dann vor der Handykamera. \u201eIch hab das meiner Mutter gezeigt, und sie meinte sofort: Das musst du weitermachen.\u201c Maesra schreibt eigene Texte, sucht Beats im Internet, nimmt Songs zu Hause auf \u2013 mit einfachen Mitteln, aber gro\u00dfem Ehrgeiz. \u201eIch hatte nur eine kostenlose Software und hab einfach ausprobiert\u201c, sagt sie.<\/p>\n<p>Gegenwind auf Social Media<\/p>\n<p class=\"paragraph tw-mx-auto tw-mb-6\">Bekannt wird Maesra schlie\u00dflich auf TikTok, wo sie Freestyles und Covers ver\u00f6ffentlicht. Heute folgen ihr dort rund 68.000 Menschen. Doch der Weg dorthin war alles andere als leicht. \u201eEin gr\u00f6\u00dferer TikToker hat sich \u00fcber mich lustig gemacht \u2013 danach wurde ich wochenlang beleidigt\u201c, erz\u00e4hlt sie. \u201eIch bin zwei Wochen nicht in die Schule gegangen.\u201c<\/p>\n<p><img decoding=\"async\" src=\"https:\/\/www.europesays.com\/de\/wp-content\/uploads\/2025\/10\/032655f9-059a-44b4-88e0-2107d518e50f.jpg\" loading=\"lazy\" alt=\"Maesra mit ihrer Mutter Dorina L. (rechts), die ihre gr\u00f6\u00dfte St\u00fctze ist und sie zu allen Auftritten begleitet, um ihre Tochter auf dem Weg durch die Musik und bei \u201eThe Voice of Germany\u201c zu unterst\u00fctzen.\"\/><img decoding=\"async\" alt=\"Bild vergr\u00f6\u00dfern\" class=\"sm:tw-w-9 sm:tw-h-9\" src=\"https:\/\/www.nordkurier.de\/_next\/static\/media\/imageExpand.10dba927.svg\"\/><\/p>\n<p>Maesra mit ihrer Mutter Dorina L. (rechts), die ihre gr\u00f6\u00dfte St\u00fctze ist und sie zu allen Auftritten begleitet, um ihre Tochter auf dem Weg durch die Musik und bei \u201eThe Voice of Germany\u201c zu unterst\u00fctzen. (Foto: Viktoria Kravtschenko)<\/p>\n<p class=\"paragraph tw-mx-auto tw-mb-6\">Ihre Familie h\u00e4lt in der schweren Zeit zu ihr. \u201eMeine Mutter hat gesagt: Du ziehst das jetzt durch. Zeig ihnen, dass du dich nicht unterkriegen l\u00e4sst.\u201c Maesra bleibt, macht weiter, postet neue Videos \u2013 und pl\u00f6tzlich geht alles schnell. Ihre Clips verbreiten sich viral, vor allem in der T\u00fcrkei, wo Mero gro\u00dfe Erfolge feiert. \u201eIrgendwann waren 70 Prozent meiner Follower aus der T\u00fcrkei\u201c, sagt sie. \u201eAber ich wollte auch in Deutschland zeigen, was ich kann.\u201c<\/p>\n<p>Der Weg zu \u201eThe Voice of Germany\u201c<\/p>\n<p class=\"paragraph tw-mx-auto tw-mb-6\">Nach einer ersten Bewerbung im Vorjahr erh\u00e4lt sie 2025 die Einladung zum sogenannten \u201eLast Chance Day\u201c in Berlin. Dort steht sie mit \u00fcber hundert Bewerbern auf der B\u00fchne, singt, rappt, wartet \u2013 Runde f\u00fcr Runde. \u201eAls sie mir sagten, ich bin weiter, war das ein unbeschreibliches Gef\u00fchl\u201c, erinnert sie sich. Mit der Zusage f\u00fcr die Blind Auditions beginnt der entscheidende Teil. Zum ersten Mal steht die Schwerinerin auf einer gro\u00dfen B\u00fchne, umgeben von Publikum und Kameras. \u201eIch hatte noch nie vor Leuten gerappt\u201c, sagt sie. \u201eAber ich wollte zeigen, dass ich das kann.\u201c<\/p>\n<p class=\"paragraph tw-mx-auto tw-mb-6\">In den kommenden Wochen folgen f\u00fcr Maesra die Battles, dann die Knockouts und schlie\u00dflich die Liveshows, in denen das Publikum mitentscheidet. Von Shirin David, ihrer Coachin, habe sie dabei viel gelernt. \u201eSie kennt das Rap-Business genau, hat mir gezeigt, worauf ich beim Flow achten muss und wie ich mich auf der B\u00fchne bewege.\u201c<\/p>\n<\/p>\n<p class=\"paragraph tw-mx-auto tw-mb-6\">Parallel bleibt Maesra ihrer Ausbildung treu. Sie arbeitet bei der Sparkasse, die sie f\u00fcr Dreharbeiten freistellt und auf ihren Social-Media-Kan\u00e4len unterst\u00fctzt. \u201eIch m\u00f6chte beides \u2013 die Musik und die Arbeit. Ich mag das Bodenst\u00e4ndige genauso wie die B\u00fchne\u201c, sagt sie.<\/p>\n<p>Wie es bei \u201eThe Voice\u201c weitergeht<\/p>\n<p class=\"paragraph tw-mx-auto tw-mb-6\">Nach den Ausstrahlungen der Blind Auditions geht \u201eThe Voice of Germany\u201c nun mit weiteren Kandidaten in die n\u00e4chste Runde. In Folge 7, die am 16. Oktober 2025 um 20.15 Uhr auf ProSieben und auf Joyn l\u00e4uft, stehen zun\u00e4chst weitere Blind Auditions auf dem Programm. Danach beginnen die Battles, die Knockouts und schlie\u00dflich die Liveshows, in denen Maesra erneut auf der B\u00fchne stehen wird \u2013 diesmal mit mehr Erfahrung, weniger Zittern und derselben Entschlossenheit wie am ersten Tag.<\/p>\n","protected":false},"excerpt":{"rendered":"Das Licht ist grell, die Halle still. Maesra steht im Scheinwerferlicht, die H\u00e4nde fest am Mikrost\u00e4nder. Wei\u00dfes Top,&hellip;\n","protected":false},"author":2,"featured_media":507537,"comment_status":"","ping_status":"","sticky":false,"template":"","format":"standard","meta":{"footnotes":""},"categories":[1773],"tags":[29,214,30,471,1780,1308,215],"class_list":{"0":"post-507536","1":"post","2":"type-post","3":"status-publish","4":"format-standard","5":"has-post-thumbnail","7":"category-serien","8":"tag-deutschland","9":"tag-entertainment","10":"tag-germany","11":"tag-serien","12":"tag-series","13":"tag-the-voice","14":"tag-unterhaltung"},"share_on_mastodon":{"url":"https:\/\/pubeurope.com\/@de\/115393391993099047","error":""},"_links":{"self":[{"href":"https:\/\/www.europesays.com\/de\/wp-json\/wp\/v2\/posts\/507536","targetHints":{"allow":["GET"]}}],"collection":[{"href":"https:\/\/www.europesays.com\/de\/wp-json\/wp\/v2\/posts"}],"about":[{"href":"https:\/\/www.europesays.com\/de\/wp-json\/wp\/v2\/types\/post"}],"author":[{"embeddable":true,"href":"https:\/\/www.europesays.com\/de\/wp-json\/wp\/v2\/users\/2"}],"replies":[{"embeddable":true,"href":"https:\/\/www.europesays.com\/de\/wp-json\/wp\/v2\/comments?post=507536"}],"version-history":[{"count":0,"href":"https:\/\/www.europesays.com\/de\/wp-json\/wp\/v2\/posts\/507536\/revisions"}],"wp:featuredmedia":[{"embeddable":true,"href":"https:\/\/www.europesays.com\/de\/wp-json\/wp\/v2\/media\/507537"}],"wp:attachment":[{"href":"https:\/\/www.europesays.com\/de\/wp-json\/wp\/v2\/media?parent=507536"}],"wp:term":[{"taxonomy":"category","embeddable":true,"href":"https:\/\/www.europesays.com\/de\/wp-json\/wp\/v2\/categories?post=507536"},{"taxonomy":"post_tag","embeddable":true,"href":"https:\/\/www.europesays.com\/de\/wp-json\/wp\/v2\/tags?post=507536"}],"curies":[{"name":"wp","href":"https:\/\/api.w.org\/{rel}","templated":true}]}}