{"id":507556,"date":"2025-10-18T05:06:35","date_gmt":"2025-10-18T05:06:35","guid":{"rendered":"https:\/\/www.europesays.com\/de\/507556\/"},"modified":"2025-10-18T05:06:35","modified_gmt":"2025-10-18T05:06:35","slug":"zwischenfall-bei-der-deutschen-bahn-im-zug-nach-brehna-nach-halle","status":"publish","type":"post","link":"https:\/\/www.europesays.com\/de\/507556\/","title":{"rendered":"Zwischenfall bei der Deutschen Bahn: Im Zug nach Brehna nach Halle"},"content":{"rendered":"<p class=\"fp-paragraph\"><strong>Brehna\/MZ.<\/strong> &#8211; Zu einem Zwischenfall ist es in einem Regionalexpress auf der Strecke von Brehna nach Halle gekommen. Am Donnerstagmorgen hat eine Zugbegleiterin um 9.05 Uhr um Unterst\u00fctzung der Bundespolizei am Hauptbahnhof Halle gebeten. <\/p>\n<p class=\"fp-paragraph\">Zuvor hatte sie auf der Strecke von Brehna nach Halle einen Mann kontrolliert, der keinen Fahrausweis vorzeigen konnte. Eine Streife der Bundespolizei begab sich umgehend zum angegebenen Bahnsteig und traf dort sowohl auf die Bahnmitarbeiterin, als auch den Tatverd\u00e4chtigen. Der 26-J\u00e4hrige wurde mehrfach durch die Einsatzkr\u00e4fte aufgefordert, den Zug zu verlassen. <\/p>\n<p class=\"fp-paragraph\">Das ignorierte er jedoch und beleidigte stattdessen die Bundespolizisten in polnischer Sprache. Da der Mann sich weiterhin weigerte, den Zug zu verlassen, f\u00fchrten ihn die Einsatzkr\u00e4fte aus dem Zug. <\/p>\n<p class=\"fp-paragraph\">Dabei widersetzte er sich pl\u00f6tzlich, stemmte sich mit seinem K\u00f6rpergewicht gegen das Hinausf\u00fchren und versuchte, sich aus dem Griff eines der Beamten zu l\u00f6sen. Daraufhin musste der Mann zu Boden gebracht und gefesselt werden. Ein Bundespolizist verletzte sich dabei am Knie. <\/p>\n<p class=\"fp-paragraph\">Der Moldauer wurde anschlie\u00dfend in die Dienststelle der Bundespolizei am Hauptbahnhof Halle gebracht. Auch dort verhielt er sich unkooperativ und leistete erneut Widerstand, sodass erneut Zwang angewendet werden musste. <\/p>\n<p class=\"fp-paragraph\">Die \u00dcberpr\u00fcfung seiner Personalien ergab zudem, dass sich der 26-J\u00e4hrige ohne g\u00fcltigen Aufenthaltstitel unerlaubt im Bundesgebiet aufh\u00e4lt. Gegen ihn wurden mehrere Strafverfahren eingeleitet, unter anderem wegen t\u00e4tlichen Angriffs auf sowie Widerstands gegen Vollstreckungsbeamte, K\u00f6rperverletzung, Beleidigung, Erschleichens von Leistungen, Hausfriedensbruchs und unerlaubten Aufenthalts.<\/p>\n","protected":false},"excerpt":{"rendered":"Brehna\/MZ. &#8211; Zu einem Zwischenfall ist es in einem Regionalexpress auf der Strecke von Brehna nach Halle gekommen.&hellip;\n","protected":false},"author":2,"featured_media":507557,"comment_status":"","ping_status":"","sticky":false,"template":"","format":"standard","meta":{"footnotes":""},"categories":[1860],"tags":[3364,29,548,663,3934,30,4062,17332,13,14,15,17331,860,12],"class_list":{"0":"post-507556","1":"post","2":"type-post","3":"status-publish","4":"format-standard","5":"has-post-thumbnail","7":"category-halle-saale","8":"tag-de","9":"tag-deutschland","10":"tag-eu","11":"tag-europa","12":"tag-europe","13":"tag-germany","14":"tag-halle","15":"tag-halle-saale","16":"tag-headlines","17":"tag-nachrichten","18":"tag-news","19":"tag-saale","20":"tag-sachsen-anhalt","21":"tag-schlagzeilen"},"share_on_mastodon":{"url":"https:\/\/pubeurope.com\/@de\/115393435022396872","error":""},"_links":{"self":[{"href":"https:\/\/www.europesays.com\/de\/wp-json\/wp\/v2\/posts\/507556","targetHints":{"allow":["GET"]}}],"collection":[{"href":"https:\/\/www.europesays.com\/de\/wp-json\/wp\/v2\/posts"}],"about":[{"href":"https:\/\/www.europesays.com\/de\/wp-json\/wp\/v2\/types\/post"}],"author":[{"embeddable":true,"href":"https:\/\/www.europesays.com\/de\/wp-json\/wp\/v2\/users\/2"}],"replies":[{"embeddable":true,"href":"https:\/\/www.europesays.com\/de\/wp-json\/wp\/v2\/comments?post=507556"}],"version-history":[{"count":0,"href":"https:\/\/www.europesays.com\/de\/wp-json\/wp\/v2\/posts\/507556\/revisions"}],"wp:featuredmedia":[{"embeddable":true,"href":"https:\/\/www.europesays.com\/de\/wp-json\/wp\/v2\/media\/507557"}],"wp:attachment":[{"href":"https:\/\/www.europesays.com\/de\/wp-json\/wp\/v2\/media?parent=507556"}],"wp:term":[{"taxonomy":"category","embeddable":true,"href":"https:\/\/www.europesays.com\/de\/wp-json\/wp\/v2\/categories?post=507556"},{"taxonomy":"post_tag","embeddable":true,"href":"https:\/\/www.europesays.com\/de\/wp-json\/wp\/v2\/tags?post=507556"}],"curies":[{"name":"wp","href":"https:\/\/api.w.org\/{rel}","templated":true}]}}