{"id":507561,"date":"2025-10-18T05:09:13","date_gmt":"2025-10-18T05:09:13","guid":{"rendered":"https:\/\/www.europesays.com\/de\/507561\/"},"modified":"2025-10-18T05:09:13","modified_gmt":"2025-10-18T05:09:13","slug":"winterdienst-in-chemnitz-nur-noch-auf-sparflamme-politiker-erwartet-schadenersatz-klagen","status":"publish","type":"post","link":"https:\/\/www.europesays.com\/de\/507561\/","title":{"rendered":"Winterdienst in Chemnitz nur noch auf Sparflamme: Politiker erwartet Schadenersatz-Klagen"},"content":{"rendered":"<p class=\"bold\">\n\t\t\t\t\t\t\t\t\t\tDie Pl\u00e4ne f\u00fcr massive Einschnitte beim R\u00e4umen und Streuen sorgen f\u00fcr Diskussionen. Nun \u00e4u\u00dfert sich erstmals das Rathaus dazu.\t\t\t\t<\/p>\n<p>\t\t\t\t \u201eArmutszeugnis!\u201c, \u201eGanz gro\u00dfe Klasse!\u201c, \u201eMal wieder am falschen Ende sparen&#8230;\u201c Die Reaktion auf die geplanten Einschnitte beim Winterdienst in Chemnitz sto\u00dfen auf heftige Kritik. Die \u201eFreie Presse\u201c hatte am Freitag online erstmals dar\u00fcber berichtet. Wenige Stunden sp\u00e4ter \u00e4u\u00dferten sich Vertreter der Stadt vor Medienvertretern&#8230;<\/p>\n<p>\t\t<img decoding=\"async\" class=\"fp-plus-logo\" src=\"https:\/\/www.freiepresse.de\/img\/fpplus.svg\" alt=\"Freie Presse plus Logo\"\/><\/p>\n<p>Registrieren und testen.<\/p>\n<p>Jetzt mit Ihrer Registrierung 1 Monat gratis testen und alle Beitr\u00e4ge lesen.<\/p>\n<p>Schon Abonnent? Melden Sie sich mit ihren Zugangsdaten an.<\/p>\n","protected":false},"excerpt":{"rendered":"Die Pl\u00e4ne f\u00fcr massive Einschnitte beim R\u00e4umen und Streuen sorgen f\u00fcr Diskussionen. Nun \u00e4u\u00dfert sich erstmals das Rathaus&hellip;\n","protected":false},"author":2,"featured_media":507562,"comment_status":"","ping_status":"","sticky":false,"template":"","format":"standard","meta":{"footnotes":""},"categories":[1851],"tags":[2770,3364,29,548,663,3934,30,13,2839,14,15,859,12],"class_list":{"0":"post-507561","1":"post","2":"type-post","3":"status-publish","4":"format-standard","5":"has-post-thumbnail","7":"category-chemnitz","8":"tag-chemnitz","9":"tag-de","10":"tag-deutschland","11":"tag-eu","12":"tag-europa","13":"tag-europe","14":"tag-germany","15":"tag-headlines","16":"tag-kommunalpolitik","17":"tag-nachrichten","18":"tag-news","19":"tag-sachsen","20":"tag-schlagzeilen"},"share_on_mastodon":{"url":"https:\/\/pubeurope.com\/@de\/115393447308990741","error":""},"_links":{"self":[{"href":"https:\/\/www.europesays.com\/de\/wp-json\/wp\/v2\/posts\/507561","targetHints":{"allow":["GET"]}}],"collection":[{"href":"https:\/\/www.europesays.com\/de\/wp-json\/wp\/v2\/posts"}],"about":[{"href":"https:\/\/www.europesays.com\/de\/wp-json\/wp\/v2\/types\/post"}],"author":[{"embeddable":true,"href":"https:\/\/www.europesays.com\/de\/wp-json\/wp\/v2\/users\/2"}],"replies":[{"embeddable":true,"href":"https:\/\/www.europesays.com\/de\/wp-json\/wp\/v2\/comments?post=507561"}],"version-history":[{"count":0,"href":"https:\/\/www.europesays.com\/de\/wp-json\/wp\/v2\/posts\/507561\/revisions"}],"wp:featuredmedia":[{"embeddable":true,"href":"https:\/\/www.europesays.com\/de\/wp-json\/wp\/v2\/media\/507562"}],"wp:attachment":[{"href":"https:\/\/www.europesays.com\/de\/wp-json\/wp\/v2\/media?parent=507561"}],"wp:term":[{"taxonomy":"category","embeddable":true,"href":"https:\/\/www.europesays.com\/de\/wp-json\/wp\/v2\/categories?post=507561"},{"taxonomy":"post_tag","embeddable":true,"href":"https:\/\/www.europesays.com\/de\/wp-json\/wp\/v2\/tags?post=507561"}],"curies":[{"name":"wp","href":"https:\/\/api.w.org\/{rel}","templated":true}]}}