{"id":507567,"date":"2025-10-18T05:12:16","date_gmt":"2025-10-18T05:12:16","guid":{"rendered":"https:\/\/www.europesays.com\/de\/507567\/"},"modified":"2025-10-18T05:12:16","modified_gmt":"2025-10-18T05:12:16","slug":"dieser-arzt-aus-gelsenkirchen-gehoert-zu-den-deutschen-top-medizinern","status":"publish","type":"post","link":"https:\/\/www.europesays.com\/de\/507567\/","title":{"rendered":"Dieser Arzt aus Gelsenkirchen geh\u00f6rt zu den deutschen Top-Medizinern"},"content":{"rendered":"<p class=\"expressive-copy-lg-body\">Als Top-Mediziner ist jetzt ein Arzt aus <strong>Gelsenkirchen<\/strong> ausgezeichnet worden: Dr. Abdallah Abdallah steht auf der aktuellen \u00c4rzteliste des Magazins \u201eStern\u201c im Bereich \u201eDeutschlands ausgezeichnete regionale \u00c4rzte 2025\/2026\u201c. Der Chefarzt der Klinik f\u00fcr Senologie\/Brustzentrum Ruhrgebiet am <strong>Evangelischen Klinikum Gelsenkirchen<\/strong> (EvK) gilt als ausgewiesener Experte f\u00fcr die Diagnostik und Behandlung von Brustkrebs sowie f\u00fcr die onkoplastische Brustchirurgie.<\/p>\n<p>   Gelsenkirchen-Newsletter: Jetzt anmelden!<\/p>\n<p class=\"text-body2 mt-2\">Nachrichten, Service, Reportagen: Jeden Tag wissen, was in unserer Stadt los ist.<\/p>\n<p class=\"text-caption text-copy-secondary\">\n          Mit meiner Anmeldung zum Newsletter stimme ich der<br \/>\n          <a href=\"https:\/\/www.waz.de\/services\/newsletter-adconsent\" class=\"text-overline text-copy-accent-negative dark:underline\" rel=\"nofollow noopener\" target=\"_blank\">Werbevereinbarung<\/a><br \/>\n          zu.\n        <\/p>\n<p class=\"expressive-copy-lg-body\">Das Brustzentrum Ruhrgebiet wurde schon mehrfach ausgezeichnet: Unter anderem 2023 und 2024 vom Magazin \u201eFocus Gesundheit\u201c als \u201eTop-Nationale Fachklinik\u201c. In dem Magazin wurde Dr. Abdallah Abdallah zum dritten Mal in Folge in diesem Jahr auch<a href=\"https:\/\/www.waz.de\/lokales\/gelsenkirchen\/article408976675\/vier-chefaerzte-aus-gelsenkirchen-sind-top-mediziner-2025.html\" data-category-full-path=\"https:\/\/www.waz.de\/lokales\/gelsenkirchen\/\" data-paid-status=\"premium\" data-article-publish-date=\"1747108560\" rel=\"nofollow noopener\" target=\"_blank\"> als \u201eTop-Mediziner\u201c<\/a> im Bereich Brustchirurgie gelistet. <\/p>\n<p>    <img decoding=\"async\" src=\"https:\/\/www.europesays.com\/de\/wp-content\/uploads\/2025\/10\/408798766_1744721594_v16_9_1200.jpeg\" class=\"block w-full object-cover relative z-10 aspect-[4\/3] \" alt=\"Chefarzt Dr. Abdallah Abdallah und Ober\u00e4rztin Pamela Schittler von der Klinik f\u00fcr Senologie\/Brustzentrum Ruhrgebiet freuen sich \u00fcber die erneute Rezertifizierung.\" title=\"Chefarzt Dr. Abdallah Abdallah und Ober\u00e4rztin Pamela Schittler von der Klinik f\u00fcr Senologie\/Brustzentrum Ruhrgebiet freuen sich \u00fcber die erneute Rezertifizierung.\" loading=\"lazy\"\/><\/p>\n<p class=\"expressive-copy-lg-body\">Die Auswahl der Expertinnen und Experten in der Auflistung des \u201eStern\u201c basiert unter anderem auf folgenden Kategorien: Zertifikate, Weiterbildungsbefugnisse, Empfehlungen von \u00e4rztlichen Kollegen, wissenschaftliche Publikationen, Beurteilungen von Patienten.<\/p>\n<p>  \u201eStern\u201c-Zertifikat: Einige Fachbereiche in Gelsenkirchener Kliniken ausgezeichnet<\/p>\n<p class=\"expressive-copy-lg-body\">Der \u201eStern\u201c sprach zudem 1364 Empfehlungen f\u00fcr Fachabteilungen in 511 Krankenh\u00e4usern in ganz Deutschland im Bereich \u201eRegionale Kliniken 2025\/2026\u201c aus. Auch mehrere Gelsenkirchener H\u00e4user tauchen auf der Liste auf. So wurde im Bereich Diabetes die Abteilung f\u00fcr Innere Medizin und Gastroenterologie des <strong>Marienhospitals <\/strong>ausgezeichnet.<\/p>\n<p class=\"expressive-copy-lg-body\">Von den <strong>Knappschaft Kliniken Gelsenkirchen-Buer<\/strong> wurden gleich mehrere Fachbereiche aufgelistet: die Orthop\u00e4die und Unfallchirurgie f\u00fcr die Fu\u00dfchirurgie, die Plastische und \u00c4sthetische Chirurgie f\u00fcr den Bereich Handchirurgie, die Innere Medizin mit dem Schwerpunkt Pneumologie sowie die Neurochirurgie f\u00fcr die Wirbels\u00e4ulenchirurgie. Au\u00dferdem wird im Bereich Reisemedizin die <strong>Gemeinschaftspraxis<\/strong> Dr. Hans-Bernd Tefett und Michael Schulte-Huxel in der Innenstadt als regionale Praxis empfohlen.<\/p>\n<p>  &gt;&gt;&gt; Kritik an Rankings<\/p>\n<p class=\"expressive-copy-lg-body\">An \u00c4rztelisten wie vom \u201eStern\u201c oder \u201eFocus\u201c gibt es allerdings auch immer wieder Kritik \u2013 etwa wegen mangelnder Transparenz, subjektiver Auswahlkriterien und der Frage, wie repr\u00e4sentativ die Rankings tats\u00e4chlich sind. Der \u201eStern\u201c selbst betont, die Empfehlungen w\u00fcrden nicht bedeuten, dass die Qualifikation anderer, ungenannter Kliniken angezweifelt wird.<\/p>\n","protected":false},"excerpt":{"rendered":"Als Top-Mediziner ist jetzt ein Arzt aus Gelsenkirchen ausgezeichnet worden: Dr. Abdallah Abdallah steht auf der aktuellen \u00c4rzteliste&hellip;\n","protected":false},"author":2,"featured_media":507568,"comment_status":"","ping_status":"","sticky":false,"template":"","format":"standard","meta":{"footnotes":""},"categories":[1848],"tags":[3364,29,548,663,3934,3658,30,13,14,15,1209,12],"class_list":{"0":"post-507567","1":"post","2":"type-post","3":"status-publish","4":"format-standard","5":"has-post-thumbnail","7":"category-gelsenkirchen","8":"tag-de","9":"tag-deutschland","10":"tag-eu","11":"tag-europa","12":"tag-europe","13":"tag-gelsenkirchen","14":"tag-germany","15":"tag-headlines","16":"tag-nachrichten","17":"tag-news","18":"tag-nordrhein-westfalen","19":"tag-schlagzeilen"},"share_on_mastodon":{"url":"https:\/\/pubeurope.com\/@de\/115393458679418460","error":""},"_links":{"self":[{"href":"https:\/\/www.europesays.com\/de\/wp-json\/wp\/v2\/posts\/507567","targetHints":{"allow":["GET"]}}],"collection":[{"href":"https:\/\/www.europesays.com\/de\/wp-json\/wp\/v2\/posts"}],"about":[{"href":"https:\/\/www.europesays.com\/de\/wp-json\/wp\/v2\/types\/post"}],"author":[{"embeddable":true,"href":"https:\/\/www.europesays.com\/de\/wp-json\/wp\/v2\/users\/2"}],"replies":[{"embeddable":true,"href":"https:\/\/www.europesays.com\/de\/wp-json\/wp\/v2\/comments?post=507567"}],"version-history":[{"count":0,"href":"https:\/\/www.europesays.com\/de\/wp-json\/wp\/v2\/posts\/507567\/revisions"}],"wp:featuredmedia":[{"embeddable":true,"href":"https:\/\/www.europesays.com\/de\/wp-json\/wp\/v2\/media\/507568"}],"wp:attachment":[{"href":"https:\/\/www.europesays.com\/de\/wp-json\/wp\/v2\/media?parent=507567"}],"wp:term":[{"taxonomy":"category","embeddable":true,"href":"https:\/\/www.europesays.com\/de\/wp-json\/wp\/v2\/categories?post=507567"},{"taxonomy":"post_tag","embeddable":true,"href":"https:\/\/www.europesays.com\/de\/wp-json\/wp\/v2\/tags?post=507567"}],"curies":[{"name":"wp","href":"https:\/\/api.w.org\/{rel}","templated":true}]}}