{"id":507569,"date":"2025-10-18T05:13:27","date_gmt":"2025-10-18T05:13:27","guid":{"rendered":"https:\/\/www.europesays.com\/de\/507569\/"},"modified":"2025-10-18T05:13:27","modified_gmt":"2025-10-18T05:13:27","slug":"bus-shuttle-faehrt-weiter-buergermeisterin-dankt-den-sponsoren","status":"publish","type":"post","link":"https:\/\/www.europesays.com\/de\/507569\/","title":{"rendered":"Bus-Shuttle f\u00e4hrt weiter \u2013 B\u00fcrgermeisterin dankt den Sponsoren"},"content":{"rendered":"<p>        <a href=\"https:\/\/www.europesays.com\/de\/wp-content\/uploads\/2025\/10\/heart-184572_1920.png\" data-caption=\"Bild von Sandra Sch\u00f6n auf Pixabay\"><img loading=\"lazy\" decoding=\"async\" width=\"640\" height=\"480\" class=\"entry-thumb td-modal-image\" src=\"https:\/\/www.europesays.com\/de\/wp-content\/uploads\/2025\/10\/heart-184572_1920.png\"   alt=\"\" title=\"heart-184572_1920\"\/><\/a>Bild von Sandra Sch\u00f6n auf Pixabay<\/p>\n<p>BISCHOFSHEIM \u2013 Auch in diesem Jahr f\u00e4hrt der kostenlose Bus-Shuttle an jedem Dienstag und Donnerstag zwischen der B\u00f6ckler-Siedlung und dem Ortskern von Bischofsheim mit jeweils zwei Fahrten in beide Richtungen. Zus\u00e4tzlich k\u00f6nnen Fahrg\u00e4ste an mehreren Haltestellen im Zentrum zusteigen. Das Angebot richtet sich vor allem an Seniorinnen und Senioren, steht jedoch allen B\u00fcrgerinnen und B\u00fcrgern offen, die bequem ihre Eink\u00e4ufe erledigen m\u00f6chten.<\/p>\n<p>Der Betrieb des Shuttles wird durch die gro\u00dfz\u00fcgige Unterst\u00fctzung lokaler Sponsoren erm\u00f6glicht. B\u00fcrgermeisterin Lisa G\u00f6\u00dfwein bedankte sich bei einer kleinen Veranstaltung am Dienstag, den 14. Oktober, pers\u00f6nlich bei allen Partnern f\u00fcr ihr Engagement. Dabei richtete sie einige Worte des Dankes an die Anwesenden. Im Anschluss erhielten alle Sponsoren als Zeichen der Anerkennung Blumen.<\/p>\n<p>Die Sponsoren, die das Angebot unterst\u00fctzen, sind unter anderem die Volksbank Mainspitze, vertreten durch den Bereichsleiter Vertrieb Privatkunden, Peter Kohlmann, Edeka mit Filialleiter Fulvio Lucchese, Aldi S\u00fcd, vertreten durch den Regionalverkaufsleiter Sven Schulze, der Seniorenpark Adrian mit Heimleiter Heiko B\u00f6ttcher sowie Horst Nemeth, der den Shuttle f\u00e4hrt.<\/p>\n<p>Die Haltestellen des Bus-Shuttles sind: H1 Holzmann Hochhaus, H2 Dr.-Hans-B\u00f6ckler-Platz, H3 Seniorenpark, H4 Volksbank, H5 Edeka und Post, H6 Aldi, H7 Friedhof. An Feiertagen verkehrt der Bus nicht. Immer dienstags startet der Bus, um 8.30 und 9.15 Uhr, am Holzmann Hochhaus in der B\u00f6ckler-Siedlung und um 9.30 Uhr am Seniorenpark. Donnerstags sind die Abfahrtszeiten, um 14.00 und 14.45 Uhr am Holzmann Hochhaus und um 15.00 Uhr am Seniorenpark.<\/p>\n<p>Gesa Marth<br \/>Gemeinde Bischofsheim<\/p>\n","protected":false},"excerpt":{"rendered":"Bild von Sandra Sch\u00f6n auf Pixabay BISCHOFSHEIM \u2013 Auch in diesem Jahr f\u00e4hrt der kostenlose Bus-Shuttle an jedem&hellip;\n","protected":false},"author":2,"featured_media":507570,"comment_status":"","ping_status":"","sticky":false,"template":"","format":"standard","meta":{"footnotes":""},"categories":[1847],"tags":[3364,29,548,663,3934,30,13,2052,14,15,12,4544],"class_list":{"0":"post-507569","1":"post","2":"type-post","3":"status-publish","4":"format-standard","5":"has-post-thumbnail","7":"category-wiesbaden","8":"tag-de","9":"tag-deutschland","10":"tag-eu","11":"tag-europa","12":"tag-europe","13":"tag-germany","14":"tag-headlines","15":"tag-hessen","16":"tag-nachrichten","17":"tag-news","18":"tag-schlagzeilen","19":"tag-wiesbaden"},"share_on_mastodon":{"url":"https:\/\/pubeurope.com\/@de\/115393462866433147","error":""},"_links":{"self":[{"href":"https:\/\/www.europesays.com\/de\/wp-json\/wp\/v2\/posts\/507569","targetHints":{"allow":["GET"]}}],"collection":[{"href":"https:\/\/www.europesays.com\/de\/wp-json\/wp\/v2\/posts"}],"about":[{"href":"https:\/\/www.europesays.com\/de\/wp-json\/wp\/v2\/types\/post"}],"author":[{"embeddable":true,"href":"https:\/\/www.europesays.com\/de\/wp-json\/wp\/v2\/users\/2"}],"replies":[{"embeddable":true,"href":"https:\/\/www.europesays.com\/de\/wp-json\/wp\/v2\/comments?post=507569"}],"version-history":[{"count":0,"href":"https:\/\/www.europesays.com\/de\/wp-json\/wp\/v2\/posts\/507569\/revisions"}],"wp:featuredmedia":[{"embeddable":true,"href":"https:\/\/www.europesays.com\/de\/wp-json\/wp\/v2\/media\/507570"}],"wp:attachment":[{"href":"https:\/\/www.europesays.com\/de\/wp-json\/wp\/v2\/media?parent=507569"}],"wp:term":[{"taxonomy":"category","embeddable":true,"href":"https:\/\/www.europesays.com\/de\/wp-json\/wp\/v2\/categories?post=507569"},{"taxonomy":"post_tag","embeddable":true,"href":"https:\/\/www.europesays.com\/de\/wp-json\/wp\/v2\/tags?post=507569"}],"curies":[{"name":"wp","href":"https:\/\/api.w.org\/{rel}","templated":true}]}}