{"id":507582,"date":"2025-10-18T05:20:15","date_gmt":"2025-10-18T05:20:15","guid":{"rendered":"https:\/\/www.europesays.com\/de\/507582\/"},"modified":"2025-10-18T05:20:15","modified_gmt":"2025-10-18T05:20:15","slug":"patientenakten-enthalten-oft-falsche-oder-uebertriebene-diagnosen","status":"publish","type":"post","link":"https:\/\/www.europesays.com\/de\/507582\/","title":{"rendered":"Patientenakten enthalten oft falsche oder \u00fcbertriebene Diagnosen"},"content":{"rendered":"<p class=\"date\">18.10.2025 \u2013 06:00<\/p>\n<p class=\"customer\">\n                        <a class=\"story-customer\" title=\"weiter zum newsroom von Neue Westf\u00e4lische (Bielefeld)\" href=\"https:\/\/www.presseportal.de\/nr\/65487\" rel=\"nofollow noopener\" target=\"_blank\">Neue Westf\u00e4lische (Bielefeld)<\/a>\n                    <\/p>\n<p><a data-category=\"citylink-story-view\" data-action=\"click\" data-label=\"Citylink in Meldungsansicht\" class=\"story-city event-trigger\" href=\"https:\/\/www.presseportal.de\/regional\/Bielefeld\" title=\"News aus Bielefeld \" rel=\"nofollow noopener\" target=\"_blank\">Bielefeld<\/a> (ots)<\/p>\n<p>Bielefeld. Durch den Einblick in die neue elektronische Patientenakte erfahren offenbar immer mehr Patienten von falschen Diagnosen oder Phantomdiagnosen in ihren \u00e4rztlichen Unterlagen. Das berichtet die in Bielefeld erscheinende &#8222;Neue Westf\u00e4lische&#8220; in ihrer Samstagsausgabe. Demnach sto\u00dfen einige Patienten in der Akte auf Krankheitsbefunde, die entweder \u00fcberh\u00f6ht oder frei erfunden sind. Dies gelte vor allem im Bereich der psychischen Erkrankungen, so das Blatt.<\/p>\n<p>Ein Hintergrund daf\u00fcr ist laut dem Bericht ein Anreizsystem zwischen Krankenkassen und \u00c4rzten, mit dem f\u00fcr bestimmte Diagnosen h\u00f6here Pauschalen abgerechnet werden k\u00f6nnen. Die falschen oder \u00fcbertriebenen Diagnosen k\u00f6nnen f\u00fcr Patienten zum Problem werden, wenn sie etwa eine Berufsunf\u00e4higkeits- oder Lebensversicherung abschlie\u00dfen wollen oder in die Private Krankenversicherung wechseln wollen. Auch beim Zugang zu bestimmten Berufen spielen \u00e4rztliche Befunde eine Rolle.<\/p>\n<p>Eintragungen in der elektronischen Akte lassen sich zwar l\u00f6schen oder verbergen, auf die urspr\u00fcngliche \u00e4rztliche Akte direkt hat der Patient aber kaum Zugriff. Anja Lehmann von der Stiftung Unabh\u00e4ngige Patientenberatung Deutschland empfiehlt: &#8222;Jeder Patient sollte genau pr\u00fcfen, was in seiner Patientenakte steht. Denn die Angaben k\u00f6nnen schwerwiegende Konsequenzen haben.&#8220;<\/p>\n<p class=\"contact-headline\">Pressekontakt:<\/p>\n<p class=\"contact-text\">Neue Westf\u00e4lische<br \/>News Desk<br \/>Telefon: 0521 555 271<br \/><a href=\"https:\/\/www.presseportal.de\/pm\/65487\/mailto: nachrichten@neue-westfaelische.de\" class=\"uri-mailto\" rel=\"nofollow noopener\" target=\"_blank\"> nachrichten@neue-westfaelische.de<\/a><\/p>\n<p class=\"originator\">Original-Content von: Neue Westf\u00e4lische (Bielefeld), \u00fcbermittelt durch news aktuell<\/p>\n","protected":false},"excerpt":{"rendered":"18.10.2025 \u2013 06:00 Neue Westf\u00e4lische (Bielefeld) Bielefeld (ots) Bielefeld. Durch den Einblick in die neue elektronische Patientenakte erfahren&hellip;\n","protected":false},"author":2,"featured_media":386213,"comment_status":"","ping_status":"","sticky":false,"template":"","format":"standard","meta":{"footnotes":""},"categories":[1841],"tags":[1605,3364,29,30,33657,14623,1209,16,178,180,179,181,21905],"class_list":{"0":"post-507582","1":"post","2":"type-post","3":"status-publish","4":"format-standard","5":"has-post-thumbnail","7":"category-bielefeld","8":"tag-bielefeld","9":"tag-de","10":"tag-deutschland","11":"tag-germany","12":"tag-gesundheitsreform","13":"tag-innenpolitik","14":"tag-nordrhein-westfalen","15":"tag-politik","16":"tag-presse","17":"tag-pressemeldung","18":"tag-pressemitteilung","19":"tag-pressemitteilungen","20":"tag-presseschau"},"share_on_mastodon":{"url":"https:\/\/pubeurope.com\/@de\/115393489997225700","error":""},"_links":{"self":[{"href":"https:\/\/www.europesays.com\/de\/wp-json\/wp\/v2\/posts\/507582","targetHints":{"allow":["GET"]}}],"collection":[{"href":"https:\/\/www.europesays.com\/de\/wp-json\/wp\/v2\/posts"}],"about":[{"href":"https:\/\/www.europesays.com\/de\/wp-json\/wp\/v2\/types\/post"}],"author":[{"embeddable":true,"href":"https:\/\/www.europesays.com\/de\/wp-json\/wp\/v2\/users\/2"}],"replies":[{"embeddable":true,"href":"https:\/\/www.europesays.com\/de\/wp-json\/wp\/v2\/comments?post=507582"}],"version-history":[{"count":0,"href":"https:\/\/www.europesays.com\/de\/wp-json\/wp\/v2\/posts\/507582\/revisions"}],"wp:featuredmedia":[{"embeddable":true,"href":"https:\/\/www.europesays.com\/de\/wp-json\/wp\/v2\/media\/386213"}],"wp:attachment":[{"href":"https:\/\/www.europesays.com\/de\/wp-json\/wp\/v2\/media?parent=507582"}],"wp:term":[{"taxonomy":"category","embeddable":true,"href":"https:\/\/www.europesays.com\/de\/wp-json\/wp\/v2\/categories?post=507582"},{"taxonomy":"post_tag","embeddable":true,"href":"https:\/\/www.europesays.com\/de\/wp-json\/wp\/v2\/tags?post=507582"}],"curies":[{"name":"wp","href":"https:\/\/api.w.org\/{rel}","templated":true}]}}