{"id":507596,"date":"2025-10-18T05:30:49","date_gmt":"2025-10-18T05:30:49","guid":{"rendered":"https:\/\/www.europesays.com\/de\/507596\/"},"modified":"2025-10-18T05:30:49","modified_gmt":"2025-10-18T05:30:49","slug":"dave-hat-zwei-riesige-londoner-shows-als-teil-seiner-the-boy-who-played-the-harp-uk-tour-angekuendigt","status":"publish","type":"post","link":"https:\/\/www.europesays.com\/de\/507596\/","title":{"rendered":"Dave hat zwei riesige Londoner Shows als Teil seiner &#8222;The Boy Who Played The Harp&#8220; UK Tour angek\u00fcndigt"},"content":{"rendered":"<p>\t\t\t\t\t\t\t\t\t\t\t\t\t\t\t\t\t\t\t\t\t\t<img loading=\"lazy\" decoding=\"async\" src=\"data:image\/svg+xml,%3Csvg%20xmlns=\" http:=\"\" class=\"img-fluid\" alt=\"dave uk tour the boy who played the harp\" width=\"1024\" height=\"683\" data-lazy-src=\"https:\/\/www.europesays.com\/de\/wp-content\/uploads\/2025\/10\/20251009_DAVExTHEFACE0535-1024x683.jpg\"\/><br \/>\n\t\t\t\t\t\t\t\t\t\t\t\t\t\t\t\t\t\t\t\t\t\tBild: \u00a9<\/p>\n<p>    Save<\/p>\n<p>Dave-Fans, freut euch! Nach der Ank\u00fcndigung seines neuen Albums vor ein paar Wochen geht der Rapper und Songwriter nun auf eine UK-Tournee, die auch zwei gro\u00dfe Shows in <strong>London<\/strong> umfasst.<\/p>\n<p>Dave hat die Herzen vieler mit seiner genre\u00fcbergreifenden Interpretation von Rap gestohlen, indem er die Kunst des Geschichtenerz\u00e4hlens und die Essenz von Ehrlichkeit, Introspektion und Magnetismus in seinen Texten festh\u00e4lt. Dar\u00fcber hinaus ist der Starlight-Rapper f\u00fcr seine B\u00fchnenpr\u00e4senz bekannt, die seine Liveshows zu einem echten Spektakel macht, das man gesehen haben muss.<\/p>\n<p>Die Dave \u201aThe Boy Who Played The Harp\u2018-Tour feiert das gleichnamige neue Album des K\u00fcnstlers, das am 24. Oktober erscheint. W\u00e4hrend die Europatournee am 2. Februar 2026 in M\u00fcnchen startet, beginnt die Tournee in Gro\u00dfbritannien am 4. M\u00e4rz in der OVO Hydro Arena <a href=\"https:\/\/secretglasgow.com\/\" rel=\"follow noopener\" target=\"_blank\" class=\"shortcode-outbound-link\" data-has-ga=\"true\" data-ga-type=\"click\" data-label=\"https:\/\/secretglasgow.com\/\" data-action=\"text_cta_0\" data-category=\"click_cross\">in Glasgow<\/a>, gefolgt von zwei gro\u00dfen Konzerten in der <strong>O2 Arena in London am 6. und 7. M\u00e4rz 2026<\/strong>. Die Tour geht dann am 13. M\u00e4rz 2026 in der Utility Arena <a href=\"https:\/\/secretbirmingham.com\/\" rel=\"follow noopener\" target=\"_blank\" class=\"shortcode-outbound-link\" data-has-ga=\"true\" data-ga-type=\"click\" data-label=\"https:\/\/secretbirmingham.com\/\" data-action=\"text_cta_1\" data-category=\"click_cross\">in Birmingham<\/a> weiter und findet ihren H\u00f6hepunkt am 16. M\u00e4rz 2026 in der Co-Op Live Arena <a href=\"https:\/\/secretmanchester.com\/\" rel=\"follow noopener\" target=\"_blank\" class=\"shortcode-outbound-link\" data-has-ga=\"true\" data-ga-type=\"click\" data-label=\"https:\/\/secretmanchester.com\/\" data-action=\"text_cta_2\" data-category=\"click_cross\">in<\/a> Manchester.<\/p>\n<p>Daves erstes Projekt seit 2023, das neue Album \u201aThe Boy Who Played The Harp\u2018, kann ab sofort vorbestellt werden, bevor es am Freitag, den 24. Oktober, erscheint. Die letzte Ver\u00f6ffentlichung des K\u00fcnstlers war die selbstproduzierte Central Cee-Kollaboration \u201eSprinter\u201c, die mit dem l\u00e4ngsten Nummer-eins-Rap-Rekord in der Geschichte der britischen Charts (10 Wochen) einen rekordverd\u00e4chtigen Erfolg erzielte.<\/p>\n<p> Dave \u201aThe Boy Who Played the Harp\u2018 2026 Tourdaten UK <\/p>\n<p> Mittwoch, 4. M\u00e4rz 2026, Glasgow \u2013 OVO Hydro<\/p>\n<p><strong>Freitag, 6. M\u00e4rz 2026, London \u2013 The O2<\/strong><\/p>\n<p><strong>Samstag, 7. M\u00e4rz 2026, London \u2013 The O2<\/strong><\/p>\n<p>Freitag, 13. M\u00e4rz 2026, Birmingham \u2013 Utilita Arena<\/p>\n<p>Montag, 16. M\u00e4rz 2026, Manchester \u2013 Co-op Live<\/p>\n<p> Wie man an Tickets f\u00fcr Dave kommt <\/p>\n<p> <strong>Vorverkaufstickets<\/strong> f\u00fcr die Dave \u201aThe Boy Who Played The Harp\u2018 UK Tour sind f\u00fcr alle erh\u00e4ltlich, die das neue Album bis Montag, den 20. Oktober um 10 Uhr im <a href=\"https:\/\/store.santandave.com\/\" rel=\"nofollow noopener\" target=\"_blank\" class=\"shortcode-outbound-link\" data-has-ga=\"true\" data-ga-type=\"click\" data-label=\"https:\/\/store.santandave.com\/\" data-action=\"text_cta_3\" data-category=\"click_non_sales\">offiziellen Shop des K\u00fcnstlers<\/a> vorbestellen. Der <strong>allgemeine Karten<\/strong> verkauf beginnt am <strong>Donnerstag, den 23. Oktober um 9 Uhr<\/strong>, und Sie k\u00f6nnen sie auf Daves offizieller <a href=\"https:\/\/santandave.com\/\" rel=\"nofollow noopener\" target=\"_blank\" class=\"shortcode-outbound-link\" data-has-ga=\"true\" data-ga-type=\"click\" data-label=\"https:\/\/santandave.com\/\" data-action=\"text_cta_4\" data-category=\"click_non_sales\">Website<\/a> erwerben.<\/p>\n","protected":false},"excerpt":{"rendered":"Bild: \u00a9 Save Dave-Fans, freut euch! Nach der Ank\u00fcndigung seines neuen Albums vor ein paar Wochen geht der&hellip;\n","protected":false},"author":2,"featured_media":507597,"comment_status":"","ping_status":"","sticky":false,"template":"","format":"standard","meta":{"footnotes":""},"categories":[3976],"tags":[331,332,19550,13,14,15,2138,12,3992,3993,3994,3995,3996,3997],"class_list":{"0":"post-507596","1":"post","2":"type-post","3":"status-publish","4":"format-standard","5":"has-post-thumbnail","7":"category-vereinigtes-koenigreich","8":"tag-aktuelle-nachrichten","9":"tag-aktuelle-news","10":"tag-big-concert","11":"tag-headlines","12":"tag-nachrichten","13":"tag-news","14":"tag-rap","15":"tag-schlagzeilen","16":"tag-uk","17":"tag-united-kingdom","18":"tag-united-kingdom-of-great-britain-and-northern-ireland","19":"tag-vereinigtes-koenigreich","20":"tag-vereinigtes-koenigreich-grossbritannien-und-nordirland","21":"tag-vereinigtes-koenigreich-von-grossbritannien-und-nordirland"},"share_on_mastodon":{"url":"https:\/\/pubeurope.com\/@de\/115393533294796533","error":""},"_links":{"self":[{"href":"https:\/\/www.europesays.com\/de\/wp-json\/wp\/v2\/posts\/507596","targetHints":{"allow":["GET"]}}],"collection":[{"href":"https:\/\/www.europesays.com\/de\/wp-json\/wp\/v2\/posts"}],"about":[{"href":"https:\/\/www.europesays.com\/de\/wp-json\/wp\/v2\/types\/post"}],"author":[{"embeddable":true,"href":"https:\/\/www.europesays.com\/de\/wp-json\/wp\/v2\/users\/2"}],"replies":[{"embeddable":true,"href":"https:\/\/www.europesays.com\/de\/wp-json\/wp\/v2\/comments?post=507596"}],"version-history":[{"count":0,"href":"https:\/\/www.europesays.com\/de\/wp-json\/wp\/v2\/posts\/507596\/revisions"}],"wp:featuredmedia":[{"embeddable":true,"href":"https:\/\/www.europesays.com\/de\/wp-json\/wp\/v2\/media\/507597"}],"wp:attachment":[{"href":"https:\/\/www.europesays.com\/de\/wp-json\/wp\/v2\/media?parent=507596"}],"wp:term":[{"taxonomy":"category","embeddable":true,"href":"https:\/\/www.europesays.com\/de\/wp-json\/wp\/v2\/categories?post=507596"},{"taxonomy":"post_tag","embeddable":true,"href":"https:\/\/www.europesays.com\/de\/wp-json\/wp\/v2\/tags?post=507596"}],"curies":[{"name":"wp","href":"https:\/\/api.w.org\/{rel}","templated":true}]}}