{"id":507599,"date":"2025-10-18T05:32:13","date_gmt":"2025-10-18T05:32:13","guid":{"rendered":"https:\/\/www.europesays.com\/de\/507599\/"},"modified":"2025-10-18T05:32:13","modified_gmt":"2025-10-18T05:32:13","slug":"was-halten-die-eu-buerger-von-umweltschutz-und-lieferkettengesetz-eine-umfrage-aus-10-laendern","status":"publish","type":"post","link":"https:\/\/www.europesays.com\/de\/507599\/","title":{"rendered":"Was halten die EU-B\u00fcrger von Umweltschutz und Lieferkettengesetz? Eine Umfrage aus 10 L\u00e4ndern"},"content":{"rendered":"<p>          <img decoding=\"async\" class=\"c-ad__placeholder__logo\" src=\"https:\/\/static.euronews.com\/website\/images\/logos\/logo-euronews-stacked-outlined-72x72-grey-9.svg\" width=\"72\" height=\"72\" alt=\"\" loading=\"lazy\"\/><br \/>\n          WERBUNG<\/p>\n<p>Rund drei Viertel der Erwachsenen in 10 EU-L\u00e4ndern sind der Meinung, dass gro\u00dfe Unternehmen mit 250 oder mehr Besch\u00e4ftigten f\u00fcr Menschenrechtsverletzungen und Umweltsch\u00e4den in ihren Lieferketten zur Verantwortung gezogen werden sollten. Das zeigte eine neue <a href=\"https:\/\/gw.hacdn.io\/media\/documents\/CSDDD%5FIpsos%5FPolling%5FResults%5FOverview%5F20251001.pdf\" target=\"_blank\" rel=\"noreferrer noopener\"><strong>Ipsos-Umfrage<\/strong><\/a>.<\/p>\n<p>Die Befragten in Schweden und Spanien vertreten diese Ansicht besonders stark.<\/p>\n<p>F\u00fcr die von Global Witness und Amnesty International in Auftrag gegebene und von Ipsos durchgef\u00fchrte Umfrage wurden 10.861 Personen in D\u00e4nemark, Frankreich, Deutschland, Italien, Litauen, den Niederlanden, Polen, Rum\u00e4nien, Spanien und Schweden befragt.<\/p>\n<p>Sie folgt auf die Verhandlungen zum sogenannten Lieferkettengesetz, genauer gesagt der \u00dcberarbeitung der Richtlinie \u00fcber Nachhaltigkeit und Sorgfaltspflicht von Unternehmen (CSDDD). Mit diesem bahnbrechenden EU-Gesetz sollen Unternehmen f\u00fcr Menschenrechtsverletzungen und Umweltsch\u00e4den in ihren Lieferketten zur Verantwortung gezogen werden.<\/p>\n<p>Am 13. Oktober stimmten die Abgeordneten im Europ\u00e4ischen Parlament f\u00fcr eine \u00c4nderung der Regelung, die f\u00fcr Unternehmen mit 1.000 Mitarbeitern und einem Jahresumsatz von 450 Millionen Euro sowie f\u00fcr Firmen mit mehr als 5.000 Mitarbeitern und einem Umsatz von 1,5 Milliarden Euro gelten soll.<\/p>\n<p>Nach der Abstimmung im Parlament m\u00fcssen die Abgeordneten die Entscheidung in einer Plenarsitzung in Stra\u00dfburg ratifizieren, die voraussichtlich am 20. Oktober stattfinden wird. Sobald das Plenum daf\u00fcr gestimmt hat, werden die Verhandlungen zwischen dem Parlament, dem Europ\u00e4ischen Rat und der Europ\u00e4ischen Kommission beginnen.<\/p>\n<p>Wie sollte die EU ihre Umweltgesetze durchsetzen?<\/p>\n<p>Drei von vier Befragten halten es f\u00fcr wichtig, dass die EU ihre Umweltgesetze in den Mitgliedstaaten durchsetzt, wobei die Zustimmung in Italien (85 %), Litauen (82 %) und D\u00e4nemark (80 %) am gr\u00f6\u00dften ist.<\/p>\n<p>\u00dcber 60 % der EU-B\u00fcrger sind der Meinung, dass gro\u00dfe Unternehmen gesetzlich verpflichtet werden sollten, ihre Treibhausgasemissionen zu reduzieren.<\/p>\n<p>Diese Position fand in Italien (69 %), Frankreich (68 %) und Schweden (67 %) starke Unterst\u00fctzung.<\/p>\n<p>Die Befragten meinen, dass die gerichtliche Verfolgung von Gro\u00dfunternehmen und die Verpflichtung zur Zahlung von Schadenersatz das beste Mittel ist, um sie f\u00fcr Menschenrechtsverletzungen zur Verantwortung zu ziehen.<\/p>\n<p>Gleichzeitig gaben 45 % der Befragten an, dass die \u00f6ffentliche Bekanntgabe von Umweltsch\u00e4den die beste Methode, um gro\u00dfe Unternehmen zur Rechenschaft zu ziehen.<\/p>\n<p>Dennoch gaben nur 23 % der Befragten an, dass sie in den letzten 12 Monaten von Diskussionen \u00fcber \u00c4nderungen der Umwelt- und Klimagesetzgebung der Europ\u00e4ischen Union geh\u00f6rt oder gelesen haben.<\/p>\n<p>Einfluss der USA auf die EU<\/p>\n<p>Mehr als die H\u00e4lfte der Befragten ist der Meinung, dass es f\u00fcr die EU nun wichtiger sei, ihre eigenen Umweltgesetze aufrechtzuerhalten, da die US-Regierung ihren Umweltschutz zur\u00fcckgeschraubt hat.<\/p>\n<p>US-Pr\u00e4sident Donald Trump hat angek\u00fcndigt, die US-amerikanische Produktion fossiler Brennstoffe zu steigern, und Initiativen f\u00fcr gr\u00fcne Energie kritisiert.<\/p>\n<p>Seit seiner R\u00fcckkehr ins Wei\u00dfe Haus hat der einstige Gesch\u00e4ftsmann viele der gr\u00fcnen Energie- und Klimaregulierungen seines Vorg\u00e4ngers Joe Biden demontiert.<\/p>\n","protected":false},"excerpt":{"rendered":"WERBUNG Rund drei Viertel der Erwachsenen in 10 EU-L\u00e4ndern sind der Meinung, dass gro\u00dfe Unternehmen mit 250 oder&hellip;\n","protected":false},"author":2,"featured_media":507600,"comment_status":"","ping_status":"","sticky":false,"template":"","format":"standard","meta":{"footnotes":""},"categories":[3933],"tags":[331,332,73444,548,663,158,3934,3935,13,1015,952,130,14,15,12,55],"class_list":{"0":"post-507599","1":"post","2":"type-post","3":"status-publish","4":"format-standard","5":"has-post-thumbnail","7":"category-eu","8":"tag-aktuelle-nachrichten","9":"tag-aktuelle-news","10":"tag-erderwaermung-und-klimawandel","11":"tag-eu","12":"tag-europa","13":"tag-europaeische-union","14":"tag-europe","15":"tag-european-union","16":"tag-headlines","17":"tag-justiz","18":"tag-klimawandel","19":"tag-menschenrechte","20":"tag-nachrichten","21":"tag-news","22":"tag-schlagzeilen","23":"tag-wirtschaft"},"share_on_mastodon":{"url":"https:\/\/pubeurope.com\/@de\/115393537385685326","error":""},"_links":{"self":[{"href":"https:\/\/www.europesays.com\/de\/wp-json\/wp\/v2\/posts\/507599","targetHints":{"allow":["GET"]}}],"collection":[{"href":"https:\/\/www.europesays.com\/de\/wp-json\/wp\/v2\/posts"}],"about":[{"href":"https:\/\/www.europesays.com\/de\/wp-json\/wp\/v2\/types\/post"}],"author":[{"embeddable":true,"href":"https:\/\/www.europesays.com\/de\/wp-json\/wp\/v2\/users\/2"}],"replies":[{"embeddable":true,"href":"https:\/\/www.europesays.com\/de\/wp-json\/wp\/v2\/comments?post=507599"}],"version-history":[{"count":0,"href":"https:\/\/www.europesays.com\/de\/wp-json\/wp\/v2\/posts\/507599\/revisions"}],"wp:featuredmedia":[{"embeddable":true,"href":"https:\/\/www.europesays.com\/de\/wp-json\/wp\/v2\/media\/507600"}],"wp:attachment":[{"href":"https:\/\/www.europesays.com\/de\/wp-json\/wp\/v2\/media?parent=507599"}],"wp:term":[{"taxonomy":"category","embeddable":true,"href":"https:\/\/www.europesays.com\/de\/wp-json\/wp\/v2\/categories?post=507599"},{"taxonomy":"post_tag","embeddable":true,"href":"https:\/\/www.europesays.com\/de\/wp-json\/wp\/v2\/tags?post=507599"}],"curies":[{"name":"wp","href":"https:\/\/api.w.org\/{rel}","templated":true}]}}