{"id":507612,"date":"2025-10-18T05:39:11","date_gmt":"2025-10-18T05:39:11","guid":{"rendered":"https:\/\/www.europesays.com\/de\/507612\/"},"modified":"2025-10-18T05:39:11","modified_gmt":"2025-10-18T05:39:11","slug":"die-seerose-blueht-seit-35-jahren","status":"publish","type":"post","link":"https:\/\/www.europesays.com\/de\/507612\/","title":{"rendered":"Die Seerose bl\u00fcht seit 35 Jahren"},"content":{"rendered":"<p>      Info<\/p>\n<p>            <b class=\"block text-black-solid dark:text-white-solid font-headlines text-90 font-medium mb-8\"><br \/>\n    F\u00fcr die Feiertage sind noch Termine frei<br \/>\n    <\/b><\/p>\n<p class=\"link-child-black dark:link-child-white text-black-solid dark:text-white-solid font-sans text-50 leading-md richtext link-child-black dark:link-child-white font-sans text-50 !leading-md mb-6 desktop:mb-8 last:mb-0\"><strong class=\"font-bold dark:text-white-solid\">Termine<\/strong> Aktuell auf dem Programm stehen die bald anstehenden Weihnachtsfeiertage, die die G\u00e4ste in der Seerose genie\u00dfen. Danach steht der Jahreswechsel an. Noch sind Termine frei.<\/p>\n<p class=\"link-child-black dark:link-child-white text-black-solid dark:text-white-solid font-sans text-50 leading-md richtext link-child-black dark:link-child-white font-sans text-50 !leading-md mb-6 desktop:mb-8 last:mb-0\"><strong class=\"font-bold dark:text-white-solid\">Reservierung<\/strong> Das Restaurant Seerose, Waldstra\u00dfe 130, in Moers-Schwafheim hat folgende \u00d6ffnungszeiten: Montag bis Sonntag, 11.30 bis 23 Uhr. Die K\u00fcche ist ge\u00f6ffnet von 11.30 bis 15 Uhr und 17.30 bis 22 Uhr. Telefonische Reservierung wird zum Wochenende empfohlen unter 02841 36637. Weitere Infos auch unter <a href=\"https:\/\/hotelseerose.de\/\" target=\"_blank\" rel=\"noopener\">hotelserose.de<\/a>.<\/p>\n","protected":false},"excerpt":{"rendered":"Info F\u00fcr die Feiertage sind noch Termine frei Termine Aktuell auf dem Programm stehen die bald anstehenden Weihnachtsfeiertage,&hellip;\n","protected":false},"author":2,"featured_media":507613,"comment_status":"","ping_status":"","sticky":false,"template":"","format":"standard","meta":{"footnotes":""},"categories":[1838],"tags":[54863,126592,126591,3364,29,3715,27331,1221,126595,2701,17418,30,126593,24199,1209,1598,48156,126590,43133,126594],"class_list":{"0":"post-507612","1":"post","2":"type-post","3":"status-publish","4":"format-standard","5":"has-post-thumbnail","7":"category-duisburg","8":"tag-26amp","9":"tag-aufwaendigen","10":"tag-christian-hafner","11":"tag-de","12":"tag-deutschland","13":"tag-duisburg","14":"tag-feiert","15":"tag-gaeste","16":"tag-gastes","17":"tag-geburtstag","18":"tag-gefeiert","19":"tag-germany","20":"tag-hotelseerose","21":"tag-iris","22":"tag-nordrhein-westfalen","23":"tag-restaurant","24":"tag-schwafheim","25":"tag-seerose","26":"tag-stammgaeste","27":"tag-weihnachtfeiertage"},"share_on_mastodon":{"url":"https:\/\/pubeurope.com\/@de\/115393564760849490","error":""},"_links":{"self":[{"href":"https:\/\/www.europesays.com\/de\/wp-json\/wp\/v2\/posts\/507612","targetHints":{"allow":["GET"]}}],"collection":[{"href":"https:\/\/www.europesays.com\/de\/wp-json\/wp\/v2\/posts"}],"about":[{"href":"https:\/\/www.europesays.com\/de\/wp-json\/wp\/v2\/types\/post"}],"author":[{"embeddable":true,"href":"https:\/\/www.europesays.com\/de\/wp-json\/wp\/v2\/users\/2"}],"replies":[{"embeddable":true,"href":"https:\/\/www.europesays.com\/de\/wp-json\/wp\/v2\/comments?post=507612"}],"version-history":[{"count":0,"href":"https:\/\/www.europesays.com\/de\/wp-json\/wp\/v2\/posts\/507612\/revisions"}],"wp:featuredmedia":[{"embeddable":true,"href":"https:\/\/www.europesays.com\/de\/wp-json\/wp\/v2\/media\/507613"}],"wp:attachment":[{"href":"https:\/\/www.europesays.com\/de\/wp-json\/wp\/v2\/media?parent=507612"}],"wp:term":[{"taxonomy":"category","embeddable":true,"href":"https:\/\/www.europesays.com\/de\/wp-json\/wp\/v2\/categories?post=507612"},{"taxonomy":"post_tag","embeddable":true,"href":"https:\/\/www.europesays.com\/de\/wp-json\/wp\/v2\/tags?post=507612"}],"curies":[{"name":"wp","href":"https:\/\/api.w.org\/{rel}","templated":true}]}}