{"id":507621,"date":"2025-10-18T05:44:36","date_gmt":"2025-10-18T05:44:36","guid":{"rendered":"https:\/\/www.europesays.com\/de\/507621\/"},"modified":"2025-10-18T05:44:36","modified_gmt":"2025-10-18T05:44:36","slug":"katy-perry-beginnt-deutschland-tour-in-hannover-niedersachsen","status":"publish","type":"post","link":"https:\/\/www.europesays.com\/de\/507621\/","title":{"rendered":"Katy Perry beginnt Deutschland-Tour in Hannover | Niedersachsen"},"content":{"rendered":"<p id=\"absatz1\" class=\"em_text\">Mit einer spektakul\u00e4ren Science-Fiction-Show hat US-S\u00e4ngerin Katy Perry in Hannover ihre Deutschland-Tour begonnen. Die 40-J\u00e4hrige ist mit ihrer \u00abThe Lifetimes Tour\u00bb erstmals seit sieben Jahren wieder auf Tournee. Los ging es im April in Mexiko, enden soll die Tournee im Dezember in den Vereinigten Arabischen Emiraten.<\/p>\n<p id=\"absatz2\" class=\"em_text\">Vier Konzerte der S\u00e4ngerin sind in Deutschland geplant, nach Perrys Auftritt in Hannovers ZAG-Arena sollen Auftritte in Berlin (21. Oktober), K\u00f6ln (23. Oktober) und M\u00fcnchen (31. Oktober) folgen. Auch dort soll der Popstar wie in Hannover in einer akrobatisch anspruchsvollen Show an Drahtseilen durch die Luft fliegen und auf einer metallischen Kreatur reiten.<\/p>\n<p><a class=\"link-img\" href=\"https:\/\/www.mt.de\/_em_daten\/_cache\/image\/1xRG40QnZPblJGUERFT2htK3BoVmI1c2NBWXA1eUFnZUN5OXgwMGFUckErV2dWS2MrVXpERzJxSm82d0dFdWoyc1hyYnJJcW1Xc2hJK2xGbUFBeXM4ZkZvZkEvMVVETTkvN0VDU1l3dk5iMGJ4YjhLNk0rM0tkOTQwRFdMUnJXOTc\/251018-0117-urn-newsml-dpa-com-20090101-251017-935-898744.webp\" data-fancybox=\"images\" data-caption=\"Auch in den anderen St\u00e4dten soll der Popstar wie in Hannover in einer akrobatisch anspruchsvollen Show an Drahtseilen durch die Luft fliegen und auf einer metallischen Kreatur reiten. - \u00a9 Moritz Frankenberg\/dpa\" rel=\"nofollow noopener\" target=\"_blank\"><br \/>\n<img decoding=\"async\"  src=\"https:\/\/www.europesays.com\/de\/wp-content\/uploads\/2025\/10\/251018-0117-urn-newsml-dpa-com-20090101-251017-935-898744.webp.webp\" loading=\"lazy\" width=\"1000\" alt=\"Auch in den anderen St\u00e4dten soll der Popstar wie in Hannover in einer akrobatisch anspruchsvollen Show an Drahtseilen durch die Luft fliegen und auf einer metallischen Kreatur reiten. - \u00a9 Moritz Frankenberg\/dpa\"\/><\/p>\n<p><\/a><\/p>\n<p>Auch in den anderen St\u00e4dten soll der Popstar wie in Hannover in einer akrobatisch anspruchsvollen Show an Drahtseilen durch die Luft fliegen und auf einer metallischen Kreatur reiten. &#8211; \u00a9 Moritz Frankenberg\/dpa<\/p>\n<p id=\"absatz5\" class=\"em_text\">\u00abThe Lifetimes Tour\u00bb begleitet Perrys aktuelles und siebtes Studioalbum \u00ab143\u00bb, das schon im September 2024 erschien. Doch in Deutschland floppte die Platte ? mit lediglich Rang 16 in den Albumcharts ist es die schw\u00e4chste Platzierung der US-S\u00e4ngerin seit dem Jahr 2001.<\/p>\n<p>Ger\u00fcchte um Beziehung zu Kanadas Ex-Premier<\/p>\n<p id=\"absatz6\" class=\"em_text\">Abseits der Musik sorgte die \u00abI Kissed a Girl\u00bb-S\u00e4ngerin im April durch einen Kurzflug ins All mit Hilfe der Raumfahrtfirma von Amazon-Gr\u00fcnder Jeff Bezos weltweit f\u00fcr Aufsehen. Zudem soll Perry seit einiger Zeit mit keinem Geringeren anbandeln als dem langj\u00e4hrigen kanadischen Premierminister Justin Trudeau. Fotos zeigten den 53 Jahre alten Ex-Premier und die 13 Jahre j\u00fcngere S\u00e4ngerin innig k\u00fcssend auf einer Jacht vor der K\u00fcste Kaliforniens.<\/p>\n<p><a class=\"link-img\" href=\"https:\/\/www.mt.de\/_em_daten\/_cache\/image\/1xRG40QnZPblJGUERFT2htK3BoVmI1c2NBWXA1eUFnZUN5OXgwMGFUckErV2dWS2MrVXpERzJxSm82d0dFdWoyc1hyYnJJcW1Xc2hJK2xGbUFBeXM4Zk5RTVdXK3BCQW5OT2ZXSmQzZnlKSlZYcWllKzQ0OThtTjJ4QWNoRUYwNkM\/251018-0117-urn-newsml-dpa-com-20090101-251017-935-898741.webp\" data-fancybox=\"images\" data-caption=\"Die Welttournee \u00abThe Lifetimes Tour\u00bb begleitet Perrys aktuelles und siebtes Studioalbum \u00ab143\u00bb, das schon im September 2024 erschien. - \u00a9 Moritz Frankenberg\/dpa\" rel=\"nofollow noopener\" target=\"_blank\"><br \/>\n<img decoding=\"async\"  src=\"https:\/\/www.europesays.com\/de\/wp-content\/uploads\/2025\/10\/251018-0117-urn-newsml-dpa-com-20090101-251017-935-898741.webp.webp\" loading=\"lazy\" width=\"1000\" alt=\"Die Welttournee \u00abThe Lifetimes Tour\u00bb begleitet Perrys aktuelles und siebtes Studioalbum \u00ab143\u00bb, das schon im September 2024 erschien. - \u00a9 Moritz Frankenberg\/dpa\"\/><\/p>\n<p><\/a><\/p>\n<p>Die Welttournee \u00abThe Lifetimes Tour\u00bb begleitet Perrys aktuelles und siebtes Studioalbum \u00ab143\u00bb, das schon im September 2024 erschien. &#8211; \u00a9 Moritz Frankenberg\/dpa<\/p>\n<p id=\"absatz8\" class=\"em_text\">Perry und Trudeau wurden erstmals im Juli gemeinsam im schicken Lokal \u00abLe Violon\u00bb in Montreal gesichtet. Die Pops\u00e4ngerin hatte sich im Juni von Schauspieler Orlando Bloom getrennt ? dem Vater ihrer f\u00fcnfj\u00e4hrigen Tochter Daisy Dove Bloom. Trudeau lebt seit 2023 von seiner Frau getrennt.<\/p>\n<p><a class=\"link-img\" href=\"https:\/\/www.mt.de\/_em_daten\/_cache\/image\/1xRG40QnZPblJGUERFT2htK3BoVmI1c2NBWXA1eUFnZUN5OXgwMGFUckErV2dWS2MrVXpERzJxSm82d0dFdWoyc1hyYnJJcW1Xc2hJK2xGbUFBeXM4Zk45cDQvYnVCZnVGQzg2bk4xaHR0NFRmaFdsNlZ2UUpJck9VRTllb3gzeVI\/251018-0117-urn-newsml-dpa-com-20090101-251017-935-898732.webp\" data-fancybox=\"images\" data-caption=\"Abseits der Musik sorgte die \u00abI Kissed a Girl\u00bb-S\u00e4ngerin im April durch einen Kurzflug ins All weltweit f\u00fcr Aufsehen. - \u00a9 Moritz Frankenberg\/dpa\" rel=\"nofollow noopener\" target=\"_blank\"><br \/>\n<img decoding=\"async\"  src=\"https:\/\/www.europesays.com\/de\/wp-content\/uploads\/2025\/10\/251018-0117-urn-newsml-dpa-com-20090101-251017-935-898732.webp.webp\" loading=\"lazy\" width=\"1000\" alt=\"Abseits der Musik sorgte die \u00abI Kissed a Girl\u00bb-S\u00e4ngerin im April durch einen Kurzflug ins All weltweit f\u00fcr Aufsehen. - \u00a9 Moritz Frankenberg\/dpa\"\/><\/p>\n<p><\/a><\/p>\n<p>Abseits der Musik sorgte die \u00abI Kissed a Girl\u00bb-S\u00e4ngerin im April durch einen Kurzflug ins All weltweit f\u00fcr Aufsehen. &#8211; \u00a9 Moritz Frankenberg\/dpa<\/p>\n<p><a class=\"link-img\" href=\"https:\/\/www.mt.de\/_em_daten\/_cache\/image\/1xRG40QnZPblJGUERFT2htK3BoVmI1c2NBWXA1eUFnZUN5OXgwMGFUckErV2dWS2MrVXpERzJxSm82d0dFdWoyc1hyYnJJcW1Xc2hJK2xGbUFBeXM4ZklkM0FrV1FReTArNXdLQmROZTFmNS81OStKL3hSUS9MZzY4NEJZbmw1NXc\/251018-0117-urn-newsml-dpa-com-20090101-251017-935-898735.webp\" data-fancybox=\"images\" data-caption=\"Zudem soll Perry seit einiger Zeit mit keinem Geringeren anbandeln als dem langj\u00e4hrigen kanadischen Premierminister Justin Trudeau. - \u00a9 Moritz Frankenberg\/dpa\" rel=\"nofollow noopener\" target=\"_blank\"><br \/>\n<img decoding=\"async\"  src=\"https:\/\/www.europesays.com\/de\/wp-content\/uploads\/2025\/10\/251018-0117-urn-newsml-dpa-com-20090101-251017-935-898735.webp.webp\" loading=\"lazy\" width=\"1000\" alt=\"Zudem soll Perry seit einiger Zeit mit keinem Geringeren anbandeln als dem langj\u00e4hrigen kanadischen Premierminister Justin Trudeau. - \u00a9 Moritz Frankenberg\/dpa\"\/><\/p>\n<p><\/a><\/p>\n<p>Zudem soll Perry seit einiger Zeit mit keinem Geringeren anbandeln als dem langj\u00e4hrigen kanadischen Premierminister Justin Trudeau. &#8211; \u00a9 Moritz Frankenberg\/dpa<\/p>\n","protected":false},"excerpt":{"rendered":"Mit einer spektakul\u00e4ren Science-Fiction-Show hat US-S\u00e4ngerin Katy Perry in Hannover ihre Deutschland-Tour begonnen. Die 40-J\u00e4hrige ist mit ihrer&hellip;\n","protected":false},"author":2,"featured_media":507622,"comment_status":"","ping_status":"","sticky":false,"template":"","format":"standard","meta":{"footnotes":""},"categories":[1836],"tags":[2499,296,3364,29,30,46,31181,25253,11306,208,1411,2992,831],"class_list":{"0":"post-507621","1":"post","2":"type-post","3":"status-publish","4":"format-standard","5":"has-post-thumbnail","7":"category-hannover","8":"tag-kln","9":"tag-berlin","10":"tag-de","11":"tag-deutschland","12":"tag-germany","13":"tag-hannover","14":"tag-justin-trudeau","15":"tag-katy-perry","16":"tag-mnchen","17":"tag-mexiko","18":"tag-niedersachsen","19":"tag-tournee","20":"tag-vereinigte-arabische-emirate"},"share_on_mastodon":{"url":"https:\/\/pubeurope.com\/@de\/115393584703883458","error":""},"_links":{"self":[{"href":"https:\/\/www.europesays.com\/de\/wp-json\/wp\/v2\/posts\/507621","targetHints":{"allow":["GET"]}}],"collection":[{"href":"https:\/\/www.europesays.com\/de\/wp-json\/wp\/v2\/posts"}],"about":[{"href":"https:\/\/www.europesays.com\/de\/wp-json\/wp\/v2\/types\/post"}],"author":[{"embeddable":true,"href":"https:\/\/www.europesays.com\/de\/wp-json\/wp\/v2\/users\/2"}],"replies":[{"embeddable":true,"href":"https:\/\/www.europesays.com\/de\/wp-json\/wp\/v2\/comments?post=507621"}],"version-history":[{"count":0,"href":"https:\/\/www.europesays.com\/de\/wp-json\/wp\/v2\/posts\/507621\/revisions"}],"wp:featuredmedia":[{"embeddable":true,"href":"https:\/\/www.europesays.com\/de\/wp-json\/wp\/v2\/media\/507622"}],"wp:attachment":[{"href":"https:\/\/www.europesays.com\/de\/wp-json\/wp\/v2\/media?parent=507621"}],"wp:term":[{"taxonomy":"category","embeddable":true,"href":"https:\/\/www.europesays.com\/de\/wp-json\/wp\/v2\/categories?post=507621"},{"taxonomy":"post_tag","embeddable":true,"href":"https:\/\/www.europesays.com\/de\/wp-json\/wp\/v2\/tags?post=507621"}],"curies":[{"name":"wp","href":"https:\/\/api.w.org\/{rel}","templated":true}]}}