{"id":507644,"date":"2025-10-18T05:56:26","date_gmt":"2025-10-18T05:56:26","guid":{"rendered":"https:\/\/www.europesays.com\/de\/507644\/"},"modified":"2025-10-18T05:56:26","modified_gmt":"2025-10-18T05:56:26","slug":"ausstellung-von-nora-schattauer-in-oberkassel","status":"publish","type":"post","link":"https:\/\/www.europesays.com\/de\/507644\/","title":{"rendered":"Ausstellung von Nora Schattauer in Oberkassel"},"content":{"rendered":"<p class=\"text_ohne_einzug richtext text-em-55 !leading-serif mx-6 desktop:mx-0\">  Malerei ohne Pinsel und ohne Farbkasten \u2013 wenn Nora Schattauer zur Pipette greift, sieht man zun\u00e4chst einmal: nichts. Denn sie \u201emalt\u201c unsichtbar mit anorganischen Salzen. \u201e1990 habe ich den Farbkasten zugemacht und zun\u00e4chst mit Wachs und Kautschuk gearbeitet\u201c, erkl\u00e4rt Schattauer. Vor 25 Jahren entdeckte die in K\u00f6ln lebende K\u00fcnstlerin Metallfarbstoffe f\u00fcr ihre Arbeit, experimentierte mit Silber, Kupfer, Eisen und Chrom \u2013 Farben, die direkt aus der Erde kommen. Und ist mit dieser Technik weltweit die einzige in diesem Zwischenraum der Malerei.<\/p>\n","protected":false},"excerpt":{"rendered":"Malerei ohne Pinsel und ohne Farbkasten \u2013 wenn Nora Schattauer zur Pipette greift, sieht man zun\u00e4chst einmal: nichts.&hellip;\n","protected":false},"author":2,"featured_media":507645,"comment_status":"","ping_status":"","sticky":false,"template":"","format":"standard","meta":{"footnotes":""},"categories":[1831],"tags":[126604,2076,32928,126603,3364,29,3405,18562,126600,126599,30,20282,43253,126602,2705,126598,1209,126601,48090],"class_list":{"0":"post-507644","1":"post","2":"type-post","3":"status-publish","4":"format-standard","5":"has-post-thumbnail","7":"category-duesseldorf","8":"tag-40kopfermann","9":"tag-ausstellung","10":"tag-chrom","11":"tag-chromgruen","12":"tag-de","13":"tag-deutschland","14":"tag-duesseldorf","15":"tag-farbe","16":"tag-farbkasten","17":"tag-fuhrmann","18":"tag-germany","19":"tag-gruen","20":"tag-kasten","21":"tag-kopfermann","22":"tag-malerei","23":"tag-nora-schattauer","24":"tag-nordrhein-westfalen","25":"tag-pinsel","26":"tag-pipette"},"share_on_mastodon":{"url":"https:\/\/pubeurope.com\/@de\/115393631656092959","error":""},"_links":{"self":[{"href":"https:\/\/www.europesays.com\/de\/wp-json\/wp\/v2\/posts\/507644","targetHints":{"allow":["GET"]}}],"collection":[{"href":"https:\/\/www.europesays.com\/de\/wp-json\/wp\/v2\/posts"}],"about":[{"href":"https:\/\/www.europesays.com\/de\/wp-json\/wp\/v2\/types\/post"}],"author":[{"embeddable":true,"href":"https:\/\/www.europesays.com\/de\/wp-json\/wp\/v2\/users\/2"}],"replies":[{"embeddable":true,"href":"https:\/\/www.europesays.com\/de\/wp-json\/wp\/v2\/comments?post=507644"}],"version-history":[{"count":0,"href":"https:\/\/www.europesays.com\/de\/wp-json\/wp\/v2\/posts\/507644\/revisions"}],"wp:featuredmedia":[{"embeddable":true,"href":"https:\/\/www.europesays.com\/de\/wp-json\/wp\/v2\/media\/507645"}],"wp:attachment":[{"href":"https:\/\/www.europesays.com\/de\/wp-json\/wp\/v2\/media?parent=507644"}],"wp:term":[{"taxonomy":"category","embeddable":true,"href":"https:\/\/www.europesays.com\/de\/wp-json\/wp\/v2\/categories?post=507644"},{"taxonomy":"post_tag","embeddable":true,"href":"https:\/\/www.europesays.com\/de\/wp-json\/wp\/v2\/tags?post=507644"}],"curies":[{"name":"wp","href":"https:\/\/api.w.org\/{rel}","templated":true}]}}