{"id":507713,"date":"2025-10-18T06:33:10","date_gmt":"2025-10-18T06:33:10","guid":{"rendered":"https:\/\/www.europesays.com\/de\/507713\/"},"modified":"2025-10-18T06:33:10","modified_gmt":"2025-10-18T06:33:10","slug":"fahndung-nach-raeuberischer-erpressung-radio-emscher-lippe","status":"publish","type":"post","link":"https:\/\/www.europesays.com\/de\/507713\/","title":{"rendered":"Fahndung nach r\u00e4uberischer Erpressung &#8211; Radio Emscher Lippe"},"content":{"rendered":"<ul>\n<li><strong>Vorfall passierte Anfang des Jahres<\/strong><\/li>\n<li><strong>Verd\u00e4chtiger am Geldautomaten aufgenommen <\/strong><\/li>\n<\/ul>\n<p>Der Unbekannte soll gemeinsam mit einem Komplizen einen 22-j\u00e4hrigen Gelsenkirchener Anfang des Jahres (am Abend des 7. Januars) unter einem falschen Vorwand in einen Park in Buer gelockt haben. Unter Androhung von Gewalt erpressten sie von dem 22-J\u00e4hrigen unter anderem dessen Bankkarte und die dazugeh\u00f6rige PIN. Als einer der beiden Tatverd\u00e4chtigen wenig sp\u00e4ter mit der Bankkarte an einem Automaten Geld abhob, wurde er von \u00dcberwachungskameras aufgezeichnet. Einen Link zu den Bildern findet ihr hier: <a href=\"https:\/\/www.radioemscherlippe.de\/_blank\" rel=\"noopener noreferrer nofollow\" target=\"https:\/\/www.radioemscherlippe.de\/_blank\" style=\"color: rgb(0, 0, 255);\">https:\/\/polizei.nrw\/fahndung\/183584<\/a>.<\/p>\n","protected":false},"excerpt":{"rendered":"Vorfall passierte Anfang des Jahres Verd\u00e4chtiger am Geldautomaten aufgenommen Der Unbekannte soll gemeinsam mit einem Komplizen einen 22-j\u00e4hrigen&hellip;\n","protected":false},"author":2,"featured_media":387994,"comment_status":"","ping_status":"","sticky":false,"template":"","format":"standard","meta":{"footnotes":""},"categories":[1848],"tags":[1950,3364,29,548,663,3934,3658,30,13,14,15,1209,12],"class_list":{"0":"post-507713","1":"post","2":"type-post","3":"status-publish","4":"format-standard","5":"has-post-thumbnail","7":"category-gelsenkirchen","8":"tag-blaulicht","9":"tag-de","10":"tag-deutschland","11":"tag-eu","12":"tag-europa","13":"tag-europe","14":"tag-gelsenkirchen","15":"tag-germany","16":"tag-headlines","17":"tag-nachrichten","18":"tag-news","19":"tag-nordrhein-westfalen","20":"tag-schlagzeilen"},"share_on_mastodon":{"url":"https:\/\/pubeurope.com\/@de\/115393777189655224","error":""},"_links":{"self":[{"href":"https:\/\/www.europesays.com\/de\/wp-json\/wp\/v2\/posts\/507713","targetHints":{"allow":["GET"]}}],"collection":[{"href":"https:\/\/www.europesays.com\/de\/wp-json\/wp\/v2\/posts"}],"about":[{"href":"https:\/\/www.europesays.com\/de\/wp-json\/wp\/v2\/types\/post"}],"author":[{"embeddable":true,"href":"https:\/\/www.europesays.com\/de\/wp-json\/wp\/v2\/users\/2"}],"replies":[{"embeddable":true,"href":"https:\/\/www.europesays.com\/de\/wp-json\/wp\/v2\/comments?post=507713"}],"version-history":[{"count":0,"href":"https:\/\/www.europesays.com\/de\/wp-json\/wp\/v2\/posts\/507713\/revisions"}],"wp:featuredmedia":[{"embeddable":true,"href":"https:\/\/www.europesays.com\/de\/wp-json\/wp\/v2\/media\/387994"}],"wp:attachment":[{"href":"https:\/\/www.europesays.com\/de\/wp-json\/wp\/v2\/media?parent=507713"}],"wp:term":[{"taxonomy":"category","embeddable":true,"href":"https:\/\/www.europesays.com\/de\/wp-json\/wp\/v2\/categories?post=507713"},{"taxonomy":"post_tag","embeddable":true,"href":"https:\/\/www.europesays.com\/de\/wp-json\/wp\/v2\/tags?post=507713"}],"curies":[{"name":"wp","href":"https:\/\/api.w.org\/{rel}","templated":true}]}}