{"id":507723,"date":"2025-10-18T06:41:16","date_gmt":"2025-10-18T06:41:16","guid":{"rendered":"https:\/\/www.europesays.com\/de\/507723\/"},"modified":"2025-10-18T06:41:16","modified_gmt":"2025-10-18T06:41:16","slug":"sky-oder-rtl-wer-zeigt-uebertraegt-dynamo-dresden-bei-preussen-muenster-heute-im-live-stream-und-free-tv","status":"publish","type":"post","link":"https:\/\/www.europesays.com\/de\/507723\/","title":{"rendered":"Sky oder RTL? Wer zeigt \/ \u00fcbertr\u00e4gt Dynamo Dresden bei Preu\u00dfen M\u00fcnster heute im Live Stream und Free TV?"},"content":{"rendered":"<p data-testid=\"article-teaser\">Dynamo Dresden trifft am Samstag in der 2. Bundesliga auf Preu\u00dfen M\u00fcnster. Hier erfahrt Ihr, wo das Spiel im TV und LIVE STREAM \u00fcbertragen wird.<\/p>\n<p>In der <a href=\"https:\/\/www.goal.com\/de\/deutschland-2-bundesliga\/ergebnisse\/722fdbecxzcq9788l6jqclzlw\" target=\"_blank\" rel=\"follow noopener\">2. Bundesliga<\/a> steht der sechste Spieltag auf dem Programm. Dabei bekommt es Dynamo Dresden am <strong>Samstag (18. Oktober)<\/strong> ausw\u00e4rts mit Preu\u00dfen M\u00fcnster zu tun. Der Anpfiff dieses Aufeinandertreffens ert\u00f6nt um<strong> 13.00 Uhr<\/strong>.<\/p>\n<p>Au\u00dferdem fungiert<strong> das Preu\u00dfenstadion <\/strong>als Kulisse der Partie der SGD bei den Adlertr\u00e4gern. Preu\u00dfen M\u00fcnster und Dynamo Dresden halten <strong>bei zehn und sechs Punkten.<\/strong><\/p>\n<p><strong>GOAL<\/strong> erkl\u00e4rt Euch in diesem Artikel, wo Ihr Dynamo Dresden bei Preu\u00dfen M\u00fcnster im LIVE STREAM und TV anschauen k\u00f6nnt.<\/p>\n<p>Sky oder DAZN? Wer zeigt \/ \u00fcbertr\u00e4gt Dynamo Dresden bei Preu\u00dfen M\u00fcnster heute im Live Stream und TV?<\/p>\n<p>Ihr k\u00f6nnt die Begegnung von Dynamo Dresden bei Preu\u00dfen M\u00fcnster <strong>bei Sky in voller L\u00e4nge sowie in der Konferenz<\/strong> sehen, wobei <strong>die Vorberichte um 12.30 Uhr <\/strong>beginnen.<\/p>\n<p>Anschlie\u00dfend liegt Ihr f\u00fcr die \u00dcbertragung<strong> als Einzelspiel bei Sky Sport Bundesliga 4<\/strong> richtig \u2013 die Konferenz l\u00e4uft hingegen<strong> bei Sky Sport Bundesliga 2. Sven Schr\u00f6ter und Thomas Wagner<\/strong> zeichnen sich f\u00fcr <strong>den Kommentar bzw. f\u00fcr die Moderation<\/strong> verantwortlich.\u00a0<\/p>\n<p>Doch m\u00f6chtet Ihr die Partie im Preu\u00dfenstadion im TV oder bei Sky Go mitverfolgen, kommt Ihr nicht <strong>um das Bundesliga Paket<\/strong> herum. Alternativ k\u00f6nnt Ihr <strong>WOW<\/strong> heranziehen \u2013 hierbei k\u00f6nnt Ihr Abos um monatlich 29,99 Euro (mit Jahresvertrag) bzw. 44,99 Euro abschlie\u00dfen.<\/p>\n<tr>\n<td><strong>Spiel<\/strong><\/td>\n<td>Preu\u00dfen M\u00fcnster \u2013 Dynamo Dresden<\/td>\n<\/tr>\n<tr>\n<td><strong>Wettbewerb<\/strong><\/td>\n<td>2. Bundesliga, 9. Spieltag<\/td>\n<\/tr>\n<tr>\n<td><strong>Datum<\/strong><\/td>\n<td>Samstag, 18. Oktober 2025<\/td>\n<\/tr>\n<tr>\n<td><strong>Uhrzeit<\/strong><\/td>\n<td>13.00 Uhr<\/td>\n<\/tr>\n<tr>\n<td><strong>Ort<\/strong><\/td>\n<td>Preu\u00dfenstadion (M\u00fcnster)<\/td>\n<\/tr>\n<p>Ansto\u00dfzeit Preu\u00dfen M\u00fcnster gegen Dynamo DresdenPreu\u00dfen M\u00fcnster vs Dynamo Dresden: AufstellungenNews \u00fcber die Preu\u00dfen M\u00fcnster<\/p>\n<p>Preu\u00dfen M\u00fcnster verlor in der L\u00e4nderspiel-Pause<strong> ein Testspiel bei Gladbach mit 2:3.<\/strong><\/p>\n<p>In der j\u00fcngsten Zweitliga-Partie hatte die Mannschaft von Alexander Ende mit <strong>einem 1:2 bei Hertha BSC die dritte Niederlage binnen vier Spieltagen <\/strong>kassiert.<\/p>\n<p>Nach einem 1:2 gegen Fortuna D\u00fcsseldorf sowie einem 1:4 bei Lautern hatten die Adlertr\u00e4ger <strong>Eintracht Braunschweig mit 3:1 <\/strong>bezwungen.<\/p>\n<p><img class=\"fco-image__image\" alt=\"Jannis Heuer of SC Preussen M\u00fcnster runs with the ball \"   loading=\"lazy\" decoding=\"async\" fetchpriority=\"auto\" width=\"1920\" height=\"1080\" src=\"https:\/\/www.europesays.com\/de\/wp-content\/uploads\/2025\/10\/171025 Jannis Heuer of SC Preussen M\u00fcnster runs with the ball  1920 .jpg\" style=\"aspect-ratio:1920 \/ 1080;width:100%;height:100%\"\/>Getty Images<\/p>\n<p>News \u00fcber Dynamo Dresden<\/p>\n<p>Dynamo Dresden setzte sich am 9. Oktober in einem Testspiel<strong> gegen Jahn Regensburg mit 5:1.<\/strong><\/p>\n<p>In der Liga wartet die Elf von Thomas Stamm <strong>seit f\u00fcnf Auftritten auf einen Sieg.<\/strong><\/p>\n<p>Doch vor zwei Wochen verzeichnete die SGD <strong>mit einem 3:3 gegen den Karlsruher SC das dritte Unentschieden binnen vier Auftritten.<\/strong><\/p>\n<p>Vor einem 0:2 im j\u00fcngsten Ausw\u00e4rtsspiel beim SV Darmstadt hatte Dynamo Dresden <strong>beim SV Elversberg sowie gegen Hannover 96 2:2<\/strong> erreicht.<\/p>\n<p>Form<\/p>\n<dl class=\"statistics_statistics__mw2he component-statistics\">\n<dt class=\"statistics_statistic-term__q2TPr\">Tor erzielt (kassiert)<\/dt>\n<dd class=\"statistics_statistic-value__t97Eh\">8\/12<\/dd>\n<dt class=\"statistics_statistic-term__q2TPr\">Spiele \u00fcber 2,5 Tore<\/dt>\n<dd class=\"statistics_statistic-value__t97Eh\">5\/5<\/dd>\n<dt class=\"statistics_statistic-term__q2TPr\">Beide Teams haben getroffen<\/dt>\n<dd class=\"statistics_statistic-value__t97Eh\">5\/5<\/dd>\n<\/dl>\n<dl class=\"statistics_statistics__mw2he component-statistics\">\n<dt class=\"statistics_statistic-term__q2TPr\">Tor erzielt (kassiert)<\/dt>\n<dd class=\"statistics_statistic-value__t97Eh\">7\/10<\/dd>\n<dt class=\"statistics_statistic-term__q2TPr\">Spiele \u00fcber 2,5 Tore<\/dt>\n<dd class=\"statistics_statistic-value__t97Eh\">3\/5<\/dd>\n<dt class=\"statistics_statistic-term__q2TPr\">Beide Teams haben getroffen<\/dt>\n<dd class=\"statistics_statistic-value__t97Eh\">3\/5<\/dd>\n<\/dl>\n<p>Bilanz direkte Duelle<\/p>\n<p class=\"stats_number__mLeX6\">2<\/p>\n<p class=\"stats_label__RzDtQ\">Siege<\/p>\n<p class=\"stats_number__mLeX6\">1<\/p>\n<p class=\"stats_label__RzDtQ\">Unentschieden<\/p>\n<p class=\"stats_number__mLeX6\">2<\/p>\n<p class=\"stats_label__RzDtQ\">Siege<\/p>\n<dl class=\"statistics_statistics__mw2he component-statistics\">\n<dt class=\"statistics_statistic-term__q2TPr\">Spiele \u00fcber 2,5 Tore<\/dt>\n<dd class=\"statistics_statistic-value__t97Eh\">2\/5<\/dd>\n<dt class=\"statistics_statistic-term__q2TPr\">Beide Teams haben getroffen<\/dt>\n<dd class=\"statistics_statistic-value__t97Eh\">2\/5<\/dd>\n<\/dl>\n<p>Preu\u00dfen M\u00fcnster vs Dynamo Dresden: Die TabellenDynamo Dresden bei Preu\u00dfen M\u00fcnster live anschauen: N\u00fctzliche Links<img loading=\"lazy\" decoding=\"async\" src=\"https:\/\/www.europesays.com\/de\/wp-content\/uploads\/2025\/10\/6fcd7dab523048bc941d6684f3fa5092.gif\" width=\"1\" height=\"1\" alt=\"\" style=\"width:1;height:1\"\/><\/p>\n","protected":false},"excerpt":{"rendered":"Dynamo Dresden trifft am Samstag in der 2. Bundesliga auf Preu\u00dfen M\u00fcnster. Hier erfahrt Ihr, wo das Spiel&hellip;\n","protected":false},"author":2,"featured_media":507724,"comment_status":"","ping_status":"","sticky":false,"template":"","format":"standard","meta":{"footnotes":""},"categories":[1843],"tags":[621,3364,29,8468,3766,30,8970,1209,126621,126622,7650],"class_list":{"0":"post-507723","1":"post","2":"type-post","3":"status-publish","4":"format-standard","5":"has-post-thumbnail","7":"category-muenster","8":"tag-2-bundesliga","9":"tag-de","10":"tag-deutschland","11":"tag-deutschland-2-bundesliga","12":"tag-dynamo-dresden","13":"tag-germany","14":"tag-muenster","15":"tag-nordrhein-westfalen","16":"tag-preussen-muenster-dynamo-dresden","17":"tag-preussen-muenster-vs-dynamo-dresden","18":"tag-preussen-muenster"},"share_on_mastodon":{"url":"https:\/\/pubeurope.com\/@de\/115393808609673330","error":""},"_links":{"self":[{"href":"https:\/\/www.europesays.com\/de\/wp-json\/wp\/v2\/posts\/507723","targetHints":{"allow":["GET"]}}],"collection":[{"href":"https:\/\/www.europesays.com\/de\/wp-json\/wp\/v2\/posts"}],"about":[{"href":"https:\/\/www.europesays.com\/de\/wp-json\/wp\/v2\/types\/post"}],"author":[{"embeddable":true,"href":"https:\/\/www.europesays.com\/de\/wp-json\/wp\/v2\/users\/2"}],"replies":[{"embeddable":true,"href":"https:\/\/www.europesays.com\/de\/wp-json\/wp\/v2\/comments?post=507723"}],"version-history":[{"count":0,"href":"https:\/\/www.europesays.com\/de\/wp-json\/wp\/v2\/posts\/507723\/revisions"}],"wp:featuredmedia":[{"embeddable":true,"href":"https:\/\/www.europesays.com\/de\/wp-json\/wp\/v2\/media\/507724"}],"wp:attachment":[{"href":"https:\/\/www.europesays.com\/de\/wp-json\/wp\/v2\/media?parent=507723"}],"wp:term":[{"taxonomy":"category","embeddable":true,"href":"https:\/\/www.europesays.com\/de\/wp-json\/wp\/v2\/categories?post=507723"},{"taxonomy":"post_tag","embeddable":true,"href":"https:\/\/www.europesays.com\/de\/wp-json\/wp\/v2\/tags?post=507723"}],"curies":[{"name":"wp","href":"https:\/\/api.w.org\/{rel}","templated":true}]}}