{"id":507725,"date":"2025-10-18T06:42:41","date_gmt":"2025-10-18T06:42:41","guid":{"rendered":"https:\/\/www.europesays.com\/de\/507725\/"},"modified":"2025-10-18T06:42:41","modified_gmt":"2025-10-18T06:42:41","slug":"diebstahl-aus-pkw-rucksack-und-tablet-entwendet","status":"publish","type":"post","link":"https:\/\/www.europesays.com\/de\/507725\/","title":{"rendered":"Diebstahl aus Pkw &#8211; Rucksack und Tablet entwendet"},"content":{"rendered":"<p>(hd) Am Donnerstag (16.10.2025) stellte ein 19-j\u00e4hriger Mann aus Bad Salzuflen seinen Pkw der Marke Toyota gegen 19:30 Uhr an der Jacques-Delors-Stra\u00dfe in Herford ab. Als er drei Stunden sp\u00e4ter zu seinem Fahrzeug zur\u00fcckkehrte, bemerkte er, dass aus dem Fahrzeuginnenraum ein Rucksack und ein Tablet entwendet worden waren. Besch\u00e4digungen waren an dem Pkw nicht erkennbar. Die Kriminalpolizei hat die Ermittlungen \u00fcbernommen. Wie der oder die unbekannten T\u00e4ter in das Fahrzeug eindringen konnten, muss noch ermittelt werden. Zeugen, etwas Verd\u00e4chtiges beobachtet haben, werden gebeten, sich unter Tel. 05221 \/ 888-0 zu melden.<\/p>\n<p>R\u00fcckfragen bitte an:<\/p>\n<p>Kreispolizeibeh\u00f6rde Herford Pressestelle Herford Telefon: 05221 888 1250 E-Mail: pressestelle.herford@polizei.nrw.de<\/p>\n<p> Original-Content von: Kreispolizeibeh\u00f6rde Herford, \u00fcbermittelt durch news aktuell<\/p>\n","protected":false},"excerpt":{"rendered":"(hd) Am Donnerstag (16.10.2025) stellte ein 19-j\u00e4hriger Mann aus Bad Salzuflen seinen Pkw der Marke Toyota gegen 19:30&hellip;\n","protected":false},"author":2,"featured_media":359028,"comment_status":"","ping_status":"","sticky":false,"template":"","format":"standard","meta":{"footnotes":""},"categories":[1841],"tags":[1605,3364,29,30,1209,12925],"class_list":{"0":"post-507725","1":"post","2":"type-post","3":"status-publish","4":"format-standard","5":"has-post-thumbnail","7":"category-bielefeld","8":"tag-bielefeld","9":"tag-de","10":"tag-deutschland","11":"tag-germany","12":"tag-nordrhein-westfalen","13":"tag-polizeimeldungen"},"share_on_mastodon":{"url":"https:\/\/pubeurope.com\/@de\/115393812487682204","error":""},"_links":{"self":[{"href":"https:\/\/www.europesays.com\/de\/wp-json\/wp\/v2\/posts\/507725","targetHints":{"allow":["GET"]}}],"collection":[{"href":"https:\/\/www.europesays.com\/de\/wp-json\/wp\/v2\/posts"}],"about":[{"href":"https:\/\/www.europesays.com\/de\/wp-json\/wp\/v2\/types\/post"}],"author":[{"embeddable":true,"href":"https:\/\/www.europesays.com\/de\/wp-json\/wp\/v2\/users\/2"}],"replies":[{"embeddable":true,"href":"https:\/\/www.europesays.com\/de\/wp-json\/wp\/v2\/comments?post=507725"}],"version-history":[{"count":0,"href":"https:\/\/www.europesays.com\/de\/wp-json\/wp\/v2\/posts\/507725\/revisions"}],"wp:featuredmedia":[{"embeddable":true,"href":"https:\/\/www.europesays.com\/de\/wp-json\/wp\/v2\/media\/359028"}],"wp:attachment":[{"href":"https:\/\/www.europesays.com\/de\/wp-json\/wp\/v2\/media?parent=507725"}],"wp:term":[{"taxonomy":"category","embeddable":true,"href":"https:\/\/www.europesays.com\/de\/wp-json\/wp\/v2\/categories?post=507725"},{"taxonomy":"post_tag","embeddable":true,"href":"https:\/\/www.europesays.com\/de\/wp-json\/wp\/v2\/tags?post=507725"}],"curies":[{"name":"wp","href":"https:\/\/api.w.org\/{rel}","templated":true}]}}