{"id":507728,"date":"2025-10-18T06:44:31","date_gmt":"2025-10-18T06:44:31","guid":{"rendered":"https:\/\/www.europesays.com\/de\/507728\/"},"modified":"2025-10-18T06:44:31","modified_gmt":"2025-10-18T06:44:31","slug":"w-polizei-sucht-radfahrer-nach-unfall-auf-der-maerkischen-strasse","status":"publish","type":"post","link":"https:\/\/www.europesays.com\/de\/507728\/","title":{"rendered":"W Polizei sucht Radfahrer nach Unfall auf der M\u00e4rkischen Stra\u00dfe"},"content":{"rendered":"<p>Am Mittwochnachmittag (15.10.2025, 14:50 Uhr) kollidierten ein  67-j\u00e4hriger Leichtkraftradfahrer und ein unbekannter Fahrradfahrer. <\/p>\n<p>Der 67-J\u00e4hriger fuhr mit seiner Aprilia die M\u00e4rkische Stra\u00dfe in  Richtung Mallak. Ein Fahrradfahrer fuhr zun\u00e4chst auf dem Gehweg in  gleicher Richtung. Anschlie\u00dfend wechselte dieser auf die Fahrbahn und in den flie\u00dfenden Verkehr. Der Kradfahrer fuhr hinter dem Fahrrad und beabsichtigte es zu \u00fcberholen. Nach bisherigen Erkenntnissen fuhr der Radfahrer nach links, sodass es zum Zusammensto\u00df der Fahrzeuge kam.  Beide M\u00e4nner kamen zu Fall, wobei der Kraftradfahrer leichte  Verletzungen erlitt. <\/p>\n<p>Noch bevor die Polizei die Unfall\u00f6rtlichkeit erreichte, entfernte  sich der unbekannte Fahrradfahrer mit seinem Rad.<\/p>\n<p>Der Fl\u00fcchtige ist circa 30 bis 35 Jahre alt, 1,70 m gro\u00df und mit  einem roten Fahrrad unterwegs gewesen. Er hat einen hellen Bart und  war zur Tatzeit mit einer M\u00fctze, einem Schal und einer  orange-schwarz-farbenen Jacke bekleidet. <\/p>\n<p>Das Verkehrskommissariat hat die Ermittlungen aufgenommen und bittet  Zeugen und Hinweisgeber sich unter 0202 284 0 bei der Polizei zu  melden.<\/p>\n<p>R\u00fcckfragen bitte an:<\/p>\n<p>Polizei Wuppertal Pressestelle \/ \u00d6ffentlichkeitsarbeit Telefon: 0202\/284-2020 E-Mail: pressestelle.wuppertal@polizei.nrw.de<\/p>\n<p>Polizei Wuppertal auch bei www.facebook.com\/Polizei.NRW.W<\/p>\n<p> Original-Content von: Polizei Wuppertal, \u00fcbermittelt durch news aktuell<\/p>\n","protected":false},"excerpt":{"rendered":"Am Mittwochnachmittag (15.10.2025, 14:50 Uhr) kollidierten ein 67-j\u00e4hriger Leichtkraftradfahrer und ein unbekannter Fahrradfahrer. Der 67-J\u00e4hriger fuhr mit seiner&hellip;\n","protected":false},"author":2,"featured_media":76510,"comment_status":"","ping_status":"","sticky":false,"template":"","format":"standard","meta":{"footnotes":""},"categories":[1840],"tags":[3364,29,30,1209,12925,4418],"class_list":{"0":"post-507728","1":"post","2":"type-post","3":"status-publish","4":"format-standard","5":"has-post-thumbnail","7":"category-wuppertal","8":"tag-de","9":"tag-deutschland","10":"tag-germany","11":"tag-nordrhein-westfalen","12":"tag-polizeimeldungen","13":"tag-wuppertal"},"share_on_mastodon":{"url":"https:\/\/pubeurope.com\/@de\/115393820467191954","error":""},"_links":{"self":[{"href":"https:\/\/www.europesays.com\/de\/wp-json\/wp\/v2\/posts\/507728","targetHints":{"allow":["GET"]}}],"collection":[{"href":"https:\/\/www.europesays.com\/de\/wp-json\/wp\/v2\/posts"}],"about":[{"href":"https:\/\/www.europesays.com\/de\/wp-json\/wp\/v2\/types\/post"}],"author":[{"embeddable":true,"href":"https:\/\/www.europesays.com\/de\/wp-json\/wp\/v2\/users\/2"}],"replies":[{"embeddable":true,"href":"https:\/\/www.europesays.com\/de\/wp-json\/wp\/v2\/comments?post=507728"}],"version-history":[{"count":0,"href":"https:\/\/www.europesays.com\/de\/wp-json\/wp\/v2\/posts\/507728\/revisions"}],"wp:featuredmedia":[{"embeddable":true,"href":"https:\/\/www.europesays.com\/de\/wp-json\/wp\/v2\/media\/76510"}],"wp:attachment":[{"href":"https:\/\/www.europesays.com\/de\/wp-json\/wp\/v2\/media?parent=507728"}],"wp:term":[{"taxonomy":"category","embeddable":true,"href":"https:\/\/www.europesays.com\/de\/wp-json\/wp\/v2\/categories?post=507728"},{"taxonomy":"post_tag","embeddable":true,"href":"https:\/\/www.europesays.com\/de\/wp-json\/wp\/v2\/tags?post=507728"}],"curies":[{"name":"wp","href":"https:\/\/api.w.org\/{rel}","templated":true}]}}