{"id":50773,"date":"2025-04-22T00:13:11","date_gmt":"2025-04-22T00:13:11","guid":{"rendered":"https:\/\/www.europesays.com\/de\/50773\/"},"modified":"2025-04-22T00:13:11","modified_gmt":"2025-04-22T00:13:11","slug":"trauerfeier-in-den-usa-und-eine-botschaft-von-trum","status":"publish","type":"post","link":"https:\/\/www.europesays.com\/de\/50773\/","title":{"rendered":"Trauerfeier in den USA und eine Botschaft von Trum"},"content":{"rendered":"<p class=\"metatextline\">Stand: 22.04.2025 02:05 Uhr<\/p>\n<p class=\"textabsatz columns twelve  m-ten  m-offset-one l-eight l-offset-two\">\n        <strong>US-Pr\u00e4sident Trump will zur Bestattung von Papst Franziskus nach Italien reisen. In Washington richtete er eine Botschaft an die Katholiken in den USA. Am Wei\u00dfen Haus und vor \u00f6ffentlichen Geb\u00e4uden wehen die Flaggen auf Halbmast. Von Carsten K\u00fchntopp.<\/strong>\n    <\/p>\n<p>                                        <a class=\"authorline__link\" href=\"https:\/\/www.tagesschau.de\/korrespondenten\/korrespondent-ts-732.html\" rel=\"nofollow noopener\" target=\"_blank\"><br \/>\n                                            <img decoding=\"async\" class=\"authorline__img\" alt=\"Carsten K\u00fchntopp\" src=\"https:\/\/www.europesays.com\/de\/wp-content\/uploads\/2025\/04\/kuehntopp-ts-102.jpg\"\/><br \/>\n                                        <\/a><\/p>\n<p class=\"textabsatz m-ten m-offset-one l-eight l-offset-two columns twelve\"><strong>US-Pr\u00e4sident Trump will zur Bestattung von Papst Franziskus nach Italien reisen. In Washington richtete er eine Botschaft an die Katholiken in den USA. Am Wei\u00dfen Haus und vor \u00f6ffentlichen Geb\u00e4uden wehen die Flaggen auf Halbmast<\/strong><\/p>\n<p class=\"textabsatz m-ten m-offset-one l-eight l-offset-two columns twelve\">\nTrauergottesdienst in Washington, in der Basilika der Unbefleckten Empf\u00e4ngnis. Christophe Kardinal Pierre, Apostolischer Nuntius in den USA, erinnert an die letzten Stunden im Leben von Papst Franziskus &#8211; an den Segen, den er an Ostersonntag auf dem Petersplatz spendete: Franziskus&#8216; Stimme sei nur noch schwach gewesen, doch so kurz vor seinem Tod\u00a0habe er gesagt: &#8222;Christus ist auferstanden!&#8220; Eine wundervolle Botschaft, so der Kardinal.<\/p>\n<p class=\"textabsatz m-ten m-offset-one l-eight l-offset-two columns twelve\">\nAm Wei\u00dfen Haus weht das Sternenbanner nun auf Halbmast. Pr\u00e4sident Donald Trump hat diese Botschaft an die Katholiken: &#8222;Wir lieben euch alle und sind bei euch. Die Katholiken haben mich bei der Wahl sehr stark unterst\u00fctzt. Es ist eine Ehre, die Unterst\u00fctzung der Katholiken zu haben. Ich f\u00fchle jetzt mit ihnen, weil sie den Papst geliebt haben.&#8220; Trump \u00e4u\u00dferte sich bei einer traditionellen Osterveranstaltung f\u00fcr Kinder am Wei\u00dfen Haus.<\/p>\n<p>    Kurze Begegnung zwischen Vance und Franziskus<\/p>\n<p class=\"textabsatz m-ten m-offset-one l-eight l-offset-two columns twelve\">\nSeine Vize, JD Vance, war einer der letzten, die Franziskus vor seinem Tod noch gesehen hatten, am Sonntag im Vatikan. Es sei gut, ihn nun bei besserer Gesundheit zu sehen als zuletzt, so der Vize-Pr\u00e4sident zum Papst. Es war nur eine kurze Begegnung. Politisch gab es erhebliche Differenzen zwischen Papst Franziskus und der Trump-Regierung. W\u00e4hrend sich Franziskus stets f\u00fcr die Rechte von Migranten stark machte, strebt Trump die Abschiebung von Millionen irregul\u00e4ren Einwanderern an.<\/p>\n<p>    &#8222;Fremden nicht mit Angst begegnen&#8220;<\/p>\n<p class=\"textabsatz m-ten m-offset-one l-eight l-offset-two columns twelve\">\n2015, w\u00e4hrend seines Besuches in den USA, setzte sich Franziskus f\u00fcr einen menschlichen Umgang mit Migranten ein, in einer Rede vor beiden H\u00e4usern des Kongresses: &#8222;\u00dcber Jahrhundete sind Millionen von Menschen hierher gekommen, um ihren Traum zu verfolgen, eine Zukunft in Freiheit zu bauen. Wir, die Menschen dieses Kontinents, begegnen Fremden nicht mit Angst, denn die meisten von uns waren selbst einst Fremde.&#8220;<\/p>\n<p class=\"textabsatz m-ten m-offset-one l-eight l-offset-two columns twelve\">\nF\u00fcr sie sei das Inspiration und Ansporn zugleich gewesen, sagt Schwester Nomra Pimentel dem Sender CNN. Sie leitet eine katholische Wohlfahrtsorganisation im Rio Grande Valley, in Texas, direkt an der Grenze zu Mexiko: &#8222;Franziskus&#8216; Botschaft war klar: Das, was wir hier tun, ist richtig &#8211; dass wir uns um unsere migrantischen Br\u00fcder und Schwestern k\u00fcmmern, dass wir nach den Werten des Gospels leben, dass wir Menschen aufnehmen und empfangen, die Not leiden oder an den R\u00e4ndern leben.&#8220;<\/p>\n<p>    Jeder f\u00fcnfte erwachsene Amerikaner katholisch<\/p>\n<p class=\"textabsatz m-ten m-offset-one l-eight l-offset-two columns twelve\">\nEtwa jeder f\u00fcnfte erwachsene Amerikaner ist katholischen Glaubens. Der New Yorker Kardinal Timothy Dolan dr\u00fcckte aus, was sie nun verloren haben: &#8222;Wir nennen ihn nicht umsonst den Heiligen Vater&#8220;, so der Kardinal. Franziskus sei der Vater der Familie gewesen &#8211; und nun gebe es in der Familie einen Todesfall.<\/p>\n","protected":false},"excerpt":{"rendered":"Stand: 22.04.2025 02:05 Uhr US-Pr\u00e4sident Trump will zur Bestattung von Papst Franziskus nach Italien reisen. In Washington richtete&hellip;\n","protected":false},"author":2,"featured_media":50774,"comment_status":"","ping_status":"","sticky":false,"template":"","format":"standard","meta":{"footnotes":""},"categories":[3977],"tags":[331,332,13,14,15,16519,12,4017,4018,4016,64,4019,4020],"class_list":{"0":"post-50773","1":"post","2":"type-post","3":"status-publish","4":"format-standard","5":"has-post-thumbnail","7":"category-usa","8":"tag-aktuelle-nachrichten","9":"tag-aktuelle-news","10":"tag-headlines","11":"tag-nachrichten","12":"tag-news","13":"tag-papst","14":"tag-schlagzeilen","15":"tag-united-states","16":"tag-united-states-of-america","17":"tag-us","18":"tag-usa","19":"tag-vereinigte-staaten","20":"tag-vereinigte-staaten-von-amerika"},"share_on_mastodon":{"url":"https:\/\/pubeurope.com\/@de\/114378729285680024","error":""},"_links":{"self":[{"href":"https:\/\/www.europesays.com\/de\/wp-json\/wp\/v2\/posts\/50773","targetHints":{"allow":["GET"]}}],"collection":[{"href":"https:\/\/www.europesays.com\/de\/wp-json\/wp\/v2\/posts"}],"about":[{"href":"https:\/\/www.europesays.com\/de\/wp-json\/wp\/v2\/types\/post"}],"author":[{"embeddable":true,"href":"https:\/\/www.europesays.com\/de\/wp-json\/wp\/v2\/users\/2"}],"replies":[{"embeddable":true,"href":"https:\/\/www.europesays.com\/de\/wp-json\/wp\/v2\/comments?post=50773"}],"version-history":[{"count":0,"href":"https:\/\/www.europesays.com\/de\/wp-json\/wp\/v2\/posts\/50773\/revisions"}],"wp:featuredmedia":[{"embeddable":true,"href":"https:\/\/www.europesays.com\/de\/wp-json\/wp\/v2\/media\/50774"}],"wp:attachment":[{"href":"https:\/\/www.europesays.com\/de\/wp-json\/wp\/v2\/media?parent=50773"}],"wp:term":[{"taxonomy":"category","embeddable":true,"href":"https:\/\/www.europesays.com\/de\/wp-json\/wp\/v2\/categories?post=50773"},{"taxonomy":"post_tag","embeddable":true,"href":"https:\/\/www.europesays.com\/de\/wp-json\/wp\/v2\/tags?post=50773"}],"curies":[{"name":"wp","href":"https:\/\/api.w.org\/{rel}","templated":true}]}}