{"id":507737,"date":"2025-10-18T06:50:11","date_gmt":"2025-10-18T06:50:11","guid":{"rendered":"https:\/\/www.europesays.com\/de\/507737\/"},"modified":"2025-10-18T06:50:11","modified_gmt":"2025-10-18T06:50:11","slug":"usa-und-china-planen-handelsgespraeche-fuer-kommende-woche","status":"publish","type":"post","link":"https:\/\/www.europesays.com\/de\/507737\/","title":{"rendered":"USA und China planen Handelsgespr\u00e4che f\u00fcr kommende Woche"},"content":{"rendered":"<p>                    Um Zollkrieg abzuwenden<br \/>\n                USA und China planen Handelsgespr\u00e4che f\u00fcr kommende Woche<\/p>\n<p>\t\t\t\t              18.10.2025, 08:48 Uhr<\/p>\n<p><strong>Nach massiven Zolldrohungen und einem fast schon abgesagten Treffen zwischen beiden Staatschefs scheinen die USA und China in ihrem Wirtschaftsstreit doch zueinander zu finden. F\u00fcr die kommende Woche sind Gespr\u00e4che geplant. Doch gegenseitige Vorw\u00fcrfe belasten die Beziehungen weiterhin.<\/strong><\/p>\n<p>Nach einem hochrangigen Telefonat zwischen Vertretern Chinas und der USA wollen beide Seiten ihren Dialog \u00fcber Handelsfragen in den kommenden Tagen fortsetzen. Beide L\u00e4nder seien \u00fcbereingekommen, &#8222;baldm\u00f6glichst&#8220; erneute Handelsgespr\u00e4che zu f\u00fchren. Das meldete Chinas staatliche Nachrichtenagentur Xinhua nach einer Videoschalte des chinesischen Vizeregierungschefs He Lifeng mit US-Finanzminister Scott Bessent. Xinhua schrieb von einem &#8222;offenen, intensiven und konstruktiven Austausch&#8220;.<\/p>\n<p>Neben dem US-Finanzminister hatte an dem Gespr\u00e4ch laut Xinhua auch der Handelsbeauftragte Jamieson Greer teilgenommen. Bessent schrieb seinerseits auf X von einem &#8222;offenen und detaillierten&#8220; Gespr\u00e4ch und k\u00fcndigte ein &#8222;pers\u00f6nliches Treffen&#8220; mit He f\u00fcr die kommende Woche an.<\/p>\n<p>Die Spannungen zwischen Washington und Peking waren in der vergangenen Woche wieder aufgeflammt. Trump hatte zus\u00e4tzliche Abgaben von 100 Prozent auf chinesische Importe angek\u00fcndigt und gedroht, ein geplantes Treffen mit Chinas Staatschef Xi Jinping abzusagen. Er reagierte damit auf eine deutliche Ausweitung der chinesischen Ausfuhrkontrollen f\u00fcr Seltene Erden.<\/p>\n<p>Lage bleibt angespannt<\/p>\n<p>Vor der Videoschalte zwischen Bessent und He ver\u00f6ffentlichte der US-Sender Fox News allerdings ein Interview mit Trump, in dem dieser ank\u00fcndigte, Xi nun doch treffen zu wollen. Trump bezeichnete darin seine angedrohten Strafz\u00f6lle als nicht tragbar. Peking habe ihn aber dazu gezwungen, so Trump.<\/p>\n<p>China dominiert den Markt f\u00fcr Seltene Erden. Die Chefin der Welthandelsorganisation (WTO), Ngozi Okonjo-Iweala, rief die USA und China zur Deeskalation auf. Eine Entkopplung der beiden gr\u00f6\u00dften Volkswirtschaften der Welt k\u00f6nne die globale Wirtschaftsleistung langfristig um sieben Prozent verringern, sagte sie.<\/p>\n<p>Trotz der anhaltenden Gespr\u00e4che und des weiterhin geplanten Treffens zwischen Trump und Xi bleibt die Lage angespannt. Bessent warf China am Freitag vor dem Lenkungsausschuss des Internationalen W\u00e4hrungsfonds (IWF) beispielsweise staatlich gelenkte Wirtschaftspraktiken vor. Das chinesische Handelsministerium beschuldigte seinerseits die USA, das regelbasierte Handelssystem zu untergraben.<\/p>\n","protected":false},"excerpt":{"rendered":"Um Zollkrieg abzuwenden USA und China planen Handelsgespr\u00e4che f\u00fcr kommende Woche 18.10.2025, 08:48 Uhr Nach massiven Zolldrohungen und&hellip;\n","protected":false},"author":2,"featured_media":507738,"comment_status":"","ping_status":"","sticky":false,"template":"","format":"standard","meta":{"footnotes":""},"categories":[3977],"tags":[331,332,227,106,213,212,13,10268,14,15,12,4017,4018,4016,64,4019,4020,14572,55],"class_list":{"0":"post-507737","1":"post","2":"type-post","3":"status-publish","4":"format-standard","5":"has-post-thumbnail","7":"category-usa","8":"tag-aktuelle-nachrichten","9":"tag-aktuelle-news","10":"tag-china","11":"tag-donald-trump","12":"tag-handelsbeziehungen","13":"tag-handelskonflikte","14":"tag-headlines","15":"tag-konjunktur","16":"tag-nachrichten","17":"tag-news","18":"tag-schlagzeilen","19":"tag-united-states","20":"tag-united-states-of-america","21":"tag-us","22":"tag-usa","23":"tag-vereinigte-staaten","24":"tag-vereinigte-staaten-von-amerika","25":"tag-weltwirtschaft","26":"tag-wirtschaft"},"share_on_mastodon":{"url":"https:\/\/pubeurope.com\/@de\/115393843854747326","error":""},"_links":{"self":[{"href":"https:\/\/www.europesays.com\/de\/wp-json\/wp\/v2\/posts\/507737","targetHints":{"allow":["GET"]}}],"collection":[{"href":"https:\/\/www.europesays.com\/de\/wp-json\/wp\/v2\/posts"}],"about":[{"href":"https:\/\/www.europesays.com\/de\/wp-json\/wp\/v2\/types\/post"}],"author":[{"embeddable":true,"href":"https:\/\/www.europesays.com\/de\/wp-json\/wp\/v2\/users\/2"}],"replies":[{"embeddable":true,"href":"https:\/\/www.europesays.com\/de\/wp-json\/wp\/v2\/comments?post=507737"}],"version-history":[{"count":0,"href":"https:\/\/www.europesays.com\/de\/wp-json\/wp\/v2\/posts\/507737\/revisions"}],"wp:featuredmedia":[{"embeddable":true,"href":"https:\/\/www.europesays.com\/de\/wp-json\/wp\/v2\/media\/507738"}],"wp:attachment":[{"href":"https:\/\/www.europesays.com\/de\/wp-json\/wp\/v2\/media?parent=507737"}],"wp:term":[{"taxonomy":"category","embeddable":true,"href":"https:\/\/www.europesays.com\/de\/wp-json\/wp\/v2\/categories?post=507737"},{"taxonomy":"post_tag","embeddable":true,"href":"https:\/\/www.europesays.com\/de\/wp-json\/wp\/v2\/tags?post=507737"}],"curies":[{"name":"wp","href":"https:\/\/api.w.org\/{rel}","templated":true}]}}