{"id":507739,"date":"2025-10-18T06:52:53","date_gmt":"2025-10-18T06:52:53","guid":{"rendered":"https:\/\/www.europesays.com\/de\/507739\/"},"modified":"2025-10-18T06:52:53","modified_gmt":"2025-10-18T06:52:53","slug":"israelische-fussballfans-duerfen-spiel-in-grossbritannien-nicht-besuchen","status":"publish","type":"post","link":"https:\/\/www.europesays.com\/de\/507739\/","title":{"rendered":"Israelische Fu\u00dfballfans d\u00fcrfen Spiel in Gro\u00dfbritannien nicht besuchen"},"content":{"rendered":"<ol class=\"id-DonaldBreadcrumb lp_west_breadcrumb id-DonaldBreadcrumb--default\" data-k5a-pos=\"west_breadcrumb\">\n<li class=\"id-Breadcrumb-item\"><a href=\"https:\/\/www.fr.de\/\" class=\"id-Breadcrumb-link\" data-id-ec=\"{\" shn=\"\" textlink=\"\" data-k5a-pos=\"1_startseite\" target=\"_blank\" rel=\"noopener\">Startseite<\/a><\/li>\n<li class=\"id-Breadcrumb-item\"><a href=\"https:\/\/www.fr.de\/politik\/\" class=\"id-Breadcrumb-link\" data-id-ec=\"{\" shn=\"\" textlink=\"\" data-k5a-pos=\"2_politik\" target=\"_blank\" rel=\"noopener\">Politik<\/a><\/li>\n<\/ol>\n<p class=\"id-Story-timestamp id-Story-timestamp--default\">Stand: 17.10.2025, 18:27 Uhr<\/p>\n<p class=\"id-Story-authors id-Story-authors--default\">Von: <a class=\"id-Story-authors-link lp_west_author\" href=\"https:\/\/www.fr.de\/autor\/sebastian-borger-8q0zervb9.html\" title=\"Zur Autorenseite von Sebastian Borger\" data-id-ec=\"{\" shn=\"\" author-link=\"\" borger=\"\" data-k5a-pos=\"west_author\" target=\"_blank\" rel=\"noopener\">Sebastian Borger<\/a><\/p>\n<p class=\"id-Story-interactionBar id-Story-interactionBar--default\">DruckenTeilen<\/p>\n<p class=\"id-StoryElement-leadText\">Britische Polizeibeh\u00f6rde verbietet Anh\u00e4ngerschaft von Maccabi Tel Aviv den Besuch eines Fu\u00dfballspiels in Birmingham.<\/p>\n<p class=\"id-StoryElement-paragraph\">In Gro\u00dfbritannien k\u00f6nnen die Sicherheitsbeh\u00f6rden die Sicherheit von J\u00fcdinnen und Juden nicht garantieren. Vierzehn Tage nach dem Terrorangriff eines Islamisten auf eine Synagoge in Manchester hat jetzt die Polizei von Birmingham wegen m\u00f6glicher Ausschreitungen israelischen Fu\u00dfballfans den Aufenthalt in der Stadt verboten. Das Europa-League-Spiel zwischen Aston Villa und Maccabi Tel Aviv im November soll ohne die ausw\u00e4rtigen Fans stattfinden. Labour-Premier Keir Starmer kritisierte das Verbot.<\/p>\n<p><img decoding=\"async\" class=\"id-RatioPlaceholder-element wv_story_el_image\" src=\"https:\/\/www.europesays.com\/de\/wp-content\/uploads\/2025\/10\/40118773-deutschland-israel-2n3faCY35sBG.jpg\" loading=\"lazy\"   height=\"645\" width=\"1100\" alt=\"Deutschland - Israel \"\/>Die Sicherheit von J\u00fcdinnen und Juden bei Fu\u00dfballspielen in Gro\u00dfbritannien kann nicht garantiert werden. (Archivbild) \u00a9\u00a0Hendrik Schmidt\/dpa<\/p>\n<p class=\"id-StoryElement-paragraph\">Erst in den vergangenen Tagen war es am Rande von WM-Qualifikationsspielen der israelischen Nationalmannschaft in Norwegen und Italien zu Ausschreitungen gekommen. In Oslo und Udine hielt die Polizei gewaltt\u00e4tige antiisraelische Demonstrierende mit Tr\u00e4nengas und Wasserwerfern in Schach.<\/p>\n<p class=\"id-StoryElement-paragraph\">In Birmingham leben Hunderttausende von bestens integrierten Musliminnen und Muslimen, deren Vorfahren aus fr\u00fcheren Kolonien wie Pakistan und Bangladesch stammen. Einige regionale Parlamentsabgeordnete sind asiatischer Herkunft und islamischen Glaubens; dazu geh\u00f6ren sowohl die Labour-Innenministerin Shabana Mahmood, der Konservative Saqib Bhatti sowie der fr\u00fcher lange f\u00fcr die Liberaldemokraten t\u00e4tige, 2024 jedoch als \u201ePro-Pal\u00e4stina\u201c-Kandidat gew\u00e4hlte Unabh\u00e4ngige Ayoub Khan. Das Stadion des Traditionsclubs Aston Villa liegt in seinem Wahlkreis.<\/p>\n<p>Starmer sucht L\u00f6sung<\/p>\n<p class=\"id-StoryElement-paragraph\">Nach Bekanntgabe des Spielplans durch die Uefa geh\u00f6rte Khan mit dem fr\u00fcheren Labour-Chef Jeremy Corbyn zu den Organisatoren einer Petition, in der die Absage des Spiels, mindestens aber ein Ausschluss der ausw\u00e4rtigen Fans gefordert wurde. Als Begr\u00fcndung gaben die Initiatoren \u201eden anhaltenden Genozid in <a href=\"https:\/\/www.fr.de\/politik\/gazastreifen-palaestina-israel-konflikt-krieg-gebiet-region-naher-osten-geschichte-92574288.html\" class=\"id-import-Link\" data-id-ec=\"{&quot;sht&quot;:&quot;Container&quot;,&quot;shn&quot;:&quot;Story&quot;,&quot;p&quot;:{&quot;containerType&quot;:&quot;Paragraph&quot;,&quot;displayType&quot;:&quot;Paragraph InlineLink&quot;,&quot;type&quot;:&quot;INLINE_LINK&quot;,&quot;value&quot;:&quot;Gaza&quot;,&quot;variant&quot;:&quot;standardLink&quot;,&quot;sponsored&quot;:false,&quot;linkHref&quot;:&quot;https:\/\/www.fr.de\/politik\/gazastreifen-palaestina-israel-konflikt-krieg-gebiet-region-naher-osten-geschichte-92574288.html&quot;,&quot;storyElementPosition&quot;:15,&quot;storyElementCount&quot;:20}}\" target=\"_blank\" rel=\"noopener\">Gaza<\/a>\u201c sowie \u201eErfahrungen mit gewaltt\u00e4tigen Fans\u201c des israelischen Clubs an. Am Donnerstag begr\u00fc\u00dfte Khan das Stadionverbot f\u00fcr Maccabi-Fans. Seit der Auslosung des Matches sei klar gewesen, \u201edass unsere Sicherheitsbeh\u00f6rden die Risiken nicht zur G\u00e4nze w\u00fcrden bew\u00e4ltigen k\u00f6nnen\u201c, sagte der 52-J\u00e4hrige der BBC.<\/p>\n<p>Israel-Gaza-Krieg: Gro\u00dfe Demo in Frankfurt \u2013 die Bilder des Abends<img decoding=\"async\" class=\"id-RatioPlaceholder-element wv_story_el_interstitialImage\" src=\"https:\/\/www.europesays.com\/de\/wp-content\/uploads\/2025\/10\/1760770373_994_39999335-weit-mehr-als-000-menschen-haben-am-jahrestag-des-terrorangriffs-der-hamas-auf-israel-in-de.jpeg\" loading=\"lazy\"   height=\"2000\" width=\"3000\" alt=\"Weit mehr als 1.000 Menschen haben am Jahrestag des Terrorangriffs der Hamas auf Israel in der Frankfurter Innenstadt demonstriert. Propal&#xE4;stinensische Demonstranten standen an der Hauptwache proisraelischen Demonstranten gegen&#xFC;ber,\"\/><a href=\"https:\/\/www.fr.de\/frankfurt\/israel-gaza-krieg-grosse-demo-in-frankfurt-die-bilder-des-abends-zr-93974826.html\" class=\"id-StoryElement-intestitialLink-link\" data-id-ec=\"{\" shn=\"\" ansehen=\"\" data-k5a-pos=\"west_story_16_photoGalleryLink\" title=\"Zur Fotostrecke: Israel-Gaza-Krieg: Gro&#xDF;e Demo in Frankfurt &#x2013; die Bilder des Abends\" target=\"_blank\" rel=\"noopener\">Fotostrecke ansehen<\/a><\/p>\n<p class=\"id-StoryElement-paragraph\">Wom\u00f6glich ist damit gemeint, worauf das Beratergremium der zust\u00e4ndigen Polizeibeh\u00f6rde explizit Bezug nimmt: die Ausschreitungen in Amsterdam rund um das Europa-League-Match im vergangenen November zwischen dem lokalen Club Ajax und Maccabi. Augenzeug:innen zufolge randalierte am Vorabend der Partie ein schwarzgekleideter Block des G\u00e4steclubs, p\u00f6belte gegen Araber und riss pal\u00e4stinensische Flaggen von H\u00e4usern. Nach dem Spiel attackierten junge M\u00e4nner auf E-Scootern die Maccabi-Fans; offenbar hatten sich die Angreifer im Netz zur \u201eJudenjagd\u201c verabredet. Die Stadtverwaltung sprach sp\u00e4ter von einer \u201egiftigen Mischung aus Antisemitismus, Hooliganverhalten und Wut \u00fcber den Gaza-Krieg\u201c.<\/p>\n<p class=\"id-StoryElement-paragraph\">In Gro\u00dfbritannien forderte am Freitag der \u00f6rtliche Polizeiaufseher eine \u00dcberpr\u00fcfung der Entscheidung. Starmer beauftragte seine Sportministerin Lisa Nandy damit, eine L\u00f6sung zu finden. Wom\u00f6glich stellt die Regierung der \u00f6rtlichen Polizeibeh\u00f6rde mehr Geld zur Verf\u00fcgung, um etwaigen Ausschreitungen von vornherein entgegentreten zu k\u00f6nnen.<\/p>\n","protected":false},"excerpt":{"rendered":"Startseite Politik Stand: 17.10.2025, 18:27 Uhr Von: Sebastian Borger DruckenTeilen Britische Polizeibeh\u00f6rde verbietet Anh\u00e4ngerschaft von Maccabi Tel Aviv&hellip;\n","protected":false},"author":2,"featured_media":507740,"comment_status":"","ping_status":"","sticky":false,"template":"","format":"standard","meta":{"footnotes":""},"categories":[3976],"tags":[331,332,13,14,15,12,3992,3993,3994,3995,3996,3997],"class_list":{"0":"post-507739","1":"post","2":"type-post","3":"status-publish","4":"format-standard","5":"has-post-thumbnail","7":"category-vereinigtes-koenigreich","8":"tag-aktuelle-nachrichten","9":"tag-aktuelle-news","10":"tag-headlines","11":"tag-nachrichten","12":"tag-news","13":"tag-schlagzeilen","14":"tag-uk","15":"tag-united-kingdom","16":"tag-united-kingdom-of-great-britain-and-northern-ireland","17":"tag-vereinigtes-koenigreich","18":"tag-vereinigtes-koenigreich-grossbritannien-und-nordirland","19":"tag-vereinigtes-koenigreich-von-grossbritannien-und-nordirland"},"share_on_mastodon":{"url":"https:\/\/pubeurope.com\/@de\/115393856214230575","error":""},"_links":{"self":[{"href":"https:\/\/www.europesays.com\/de\/wp-json\/wp\/v2\/posts\/507739","targetHints":{"allow":["GET"]}}],"collection":[{"href":"https:\/\/www.europesays.com\/de\/wp-json\/wp\/v2\/posts"}],"about":[{"href":"https:\/\/www.europesays.com\/de\/wp-json\/wp\/v2\/types\/post"}],"author":[{"embeddable":true,"href":"https:\/\/www.europesays.com\/de\/wp-json\/wp\/v2\/users\/2"}],"replies":[{"embeddable":true,"href":"https:\/\/www.europesays.com\/de\/wp-json\/wp\/v2\/comments?post=507739"}],"version-history":[{"count":0,"href":"https:\/\/www.europesays.com\/de\/wp-json\/wp\/v2\/posts\/507739\/revisions"}],"wp:featuredmedia":[{"embeddable":true,"href":"https:\/\/www.europesays.com\/de\/wp-json\/wp\/v2\/media\/507740"}],"wp:attachment":[{"href":"https:\/\/www.europesays.com\/de\/wp-json\/wp\/v2\/media?parent=507739"}],"wp:term":[{"taxonomy":"category","embeddable":true,"href":"https:\/\/www.europesays.com\/de\/wp-json\/wp\/v2\/categories?post=507739"},{"taxonomy":"post_tag","embeddable":true,"href":"https:\/\/www.europesays.com\/de\/wp-json\/wp\/v2\/tags?post=507739"}],"curies":[{"name":"wp","href":"https:\/\/api.w.org\/{rel}","templated":true}]}}