{"id":507742,"date":"2025-10-18T06:55:36","date_gmt":"2025-10-18T06:55:36","guid":{"rendered":"https:\/\/www.europesays.com\/de\/507742\/"},"modified":"2025-10-18T06:55:36","modified_gmt":"2025-10-18T06:55:36","slug":"im-herzen-der-finsternis-in-bruessel-laeuten-prominente-wissenschaftler-eine-neue-gesundheitspolitik-ein","status":"publish","type":"post","link":"https:\/\/www.europesays.com\/de\/507742\/","title":{"rendered":"Im Herzen der Finsternis in Br\u00fcssel l\u00e4uten prominente Wissenschaftler eine neue Gesundheitspolitik ein"},"content":{"rendered":"<p>Der 15. Oktober 2025 ist der Geburtstag einer neuen, am Menschen orientierten Gesundheitspolitik. Im Europ\u00e4ischen Parlament, im Herzen der Finsternis des Von-der-Leyen-Pfizer-Imperiums, wurde die Bewegung \u00abMake Europe Healthy Again\u00bb (Meha) aus der Taufe gehoben \u2013 mit prominenten Wissenschaftlern aus aller Welt. Pate stand mit Robert Malone ein Aush\u00e4ngeschild der gesundheitspolitischen Wende, die US-Pr\u00e4sident Donald Trump und sein Gesundheitsminister Robert F. Kennedy Jr. unter dem Motto \u00abMake America Healthy Again\u00bb eingel\u00e4utet haben.<\/p>\n<p>Malone gilt als Erfinder der mRNA-Technologie, geh\u00f6rt heute aber zu deren gewichtigsten Kritikern. Er ist auch Mitglied im Advisory Committee on Immunization Practices, das die Regierung in Impffragen ber\u00e4t. Kennedy hatte die mit der Pharmalobby unter einer Decke steckenden Vorg\u00e4nger entlassen und stattdessen unabh\u00e4ngige Fachleute wie Malone ernannt. Prompt wurden die Covid-Impfempfehlungen in den USA aufgehoben, w\u00e4hrend sie in Europa entgegen allen Fakten und Erkenntnisse zu den gef\u00e4hrlichen Nebenwirkungen immer noch bestehen.<\/p>\n<p>Der Gastgeber der Meha-Gr\u00fcndungskonferenz, der \u00f6sterreichische EU-Abgeordnete Gerald Hauser, betonte, dass in Europa \u00abimmer noch v\u00f6llig falsche Narrative\u00bb herrschten. Die Gesundheitspolitik m\u00fcsse sich endlich am Interesse der Bev\u00f6lkerung orientieren, nicht an jenem der Pharmaindustrie.<\/p>\n<p>Der Staat d\u00fcrfe nicht \u00fcber die K\u00f6rper der B\u00fcrger verf\u00fcgen, sagte Robert Malone. Die Rechte des Individuums m\u00fcssten immer im Zentrum stehen.<\/p>\n<p>Mit \u00abMake America Healthy Again\u00bb kehre Trump alles um, um wieder die Gesundheit der Bev\u00f6lkerung, insbesondere jene der Kinder, zu f\u00f6rdern. Kritisches Denken sei wieder erlaubt, w\u00e4hrend sich in der bleiernen Covid-\u00c4ra gerade auch in der Seuchenschutzbeh\u00f6rde CDC eine Unkultur einer nicht auf Evidenz beruhenden Wissenschaft entwickelt habe, in der Zweifel an den \u00abImpfungen\u00bb als schlecht und b\u00f6se gegolten h\u00e4tten. Nach dem Motto: \u00abWenn du eine Frage stellst, bist du eine Gefahr f\u00fcr das Gesundheitssystem.\u00bb<\/p>\n<p>Eine solche neue \u2013 und eigentlich alte, auf bew\u00e4hrten medizinethischen Grunds\u00e4tze beruhende \u2013 Gesundheitspolitik will \u00abMake Europe Healthy Again\u00bb mit der Inspiration von \u00dcbersee nun auch auf dem Alten Kontinent f\u00f6rdern. Dies m\u00fcsse Hand in Hand gehen mit der Wiederherstellung der freien Rede, betonten mehrere weitere Redner am Kongress.<\/p>\n<p>Malone machte den Europ\u00e4ern dabei Mut: Es sei seine \u00abgrosse Botschaft\u00bb, dass die Menschen \u00abdie Hoffnung nicht aufgeben\u00bb. Auf lange Sicht werde auch Europa wieder gesund werden.<\/p>\n","protected":false},"excerpt":{"rendered":"Der 15. Oktober 2025 ist der Geburtstag einer neuen, am Menschen orientierten Gesundheitspolitik. Im Europ\u00e4ischen Parlament, im Herzen&hellip;\n","protected":false},"author":2,"featured_media":507743,"comment_status":"","ping_status":"","sticky":false,"template":"","format":"standard","meta":{"footnotes":""},"categories":[3933],"tags":[331,332,548,663,158,3934,3935,141,13,755,14,15,16,12],"class_list":{"0":"post-507742","1":"post","2":"type-post","3":"status-publish","4":"format-standard","5":"has-post-thumbnail","7":"category-eu","8":"tag-aktuelle-nachrichten","9":"tag-aktuelle-news","10":"tag-eu","11":"tag-europa","12":"tag-europaeische-union","13":"tag-europe","14":"tag-european-union","15":"tag-gesundheit","16":"tag-headlines","17":"tag-impfung","18":"tag-nachrichten","19":"tag-news","20":"tag-politik","21":"tag-schlagzeilen"},"share_on_mastodon":{"url":"https:\/\/pubeurope.com\/@de\/115393863608795210","error":""},"_links":{"self":[{"href":"https:\/\/www.europesays.com\/de\/wp-json\/wp\/v2\/posts\/507742","targetHints":{"allow":["GET"]}}],"collection":[{"href":"https:\/\/www.europesays.com\/de\/wp-json\/wp\/v2\/posts"}],"about":[{"href":"https:\/\/www.europesays.com\/de\/wp-json\/wp\/v2\/types\/post"}],"author":[{"embeddable":true,"href":"https:\/\/www.europesays.com\/de\/wp-json\/wp\/v2\/users\/2"}],"replies":[{"embeddable":true,"href":"https:\/\/www.europesays.com\/de\/wp-json\/wp\/v2\/comments?post=507742"}],"version-history":[{"count":0,"href":"https:\/\/www.europesays.com\/de\/wp-json\/wp\/v2\/posts\/507742\/revisions"}],"wp:featuredmedia":[{"embeddable":true,"href":"https:\/\/www.europesays.com\/de\/wp-json\/wp\/v2\/media\/507743"}],"wp:attachment":[{"href":"https:\/\/www.europesays.com\/de\/wp-json\/wp\/v2\/media?parent=507742"}],"wp:term":[{"taxonomy":"category","embeddable":true,"href":"https:\/\/www.europesays.com\/de\/wp-json\/wp\/v2\/categories?post=507742"},{"taxonomy":"post_tag","embeddable":true,"href":"https:\/\/www.europesays.com\/de\/wp-json\/wp\/v2\/tags?post=507742"}],"curies":[{"name":"wp","href":"https:\/\/api.w.org\/{rel}","templated":true}]}}