{"id":507746,"date":"2025-10-18T06:57:13","date_gmt":"2025-10-18T06:57:13","guid":{"rendered":"https:\/\/www.europesays.com\/de\/507746\/"},"modified":"2025-10-18T06:57:13","modified_gmt":"2025-10-18T06:57:13","slug":"nato-plan-bis-2030-deutschland-strebt-fuehrungsrolle-an-2","status":"publish","type":"post","link":"https:\/\/www.europesays.com\/de\/507746\/","title":{"rendered":"NATO-Plan bis 2030 \u2013 Deutschland strebt F\u00fchrungsrolle an"},"content":{"rendered":"<ol class=\"id-DonaldBreadcrumb lp_west_breadcrumb id-DonaldBreadcrumb--default\" data-k5a-pos=\"west_breadcrumb\">\n<li class=\"id-Breadcrumb-item\"><a href=\"https:\/\/www.merkur.de\/\" class=\"id-Breadcrumb-link\" data-id-ec=\"{\" shn=\"\" textlink=\"\" data-k5a-pos=\"1_startseite\" rel=\"nofollow noopener\" target=\"_blank\">Startseite<\/a><\/li>\n<li class=\"id-Breadcrumb-item\"><a href=\"https:\/\/www.merkur.de\/politik\/\" class=\"id-Breadcrumb-link\" data-id-ec=\"{\" shn=\"\" textlink=\"\" data-k5a-pos=\"2_politik\" rel=\"nofollow noopener\" target=\"_blank\">Politik<\/a><\/li>\n<\/ol>\n<p class=\"id-Story-timestamp id-Story-timestamp--default\">Stand: 18.10.2025, 05:40 Uhr<\/p>\n<p class=\"id-Story-authors id-Story-authors--default\">Von: <a class=\"id-Story-authors-link lp_west_author\" href=\"https:\/\/www.merkur.de\/autor\/konstantin-ochsenreiter-29l128fzd.html\" title=\"Zur Autorenseite von Konstantin Ochsenreiter\" data-id-ec=\"{\" shn=\"\" author-link=\"\" ochsenreiter=\"\" data-k5a-pos=\"west_author\" rel=\"nofollow noopener\" target=\"_blank\">Konstantin Ochsenreiter<\/a><\/p>\n<p class=\"id-Story-interactionBar id-Story-interactionBar--default\">DruckenTeilen<\/p>\n<p class=\"id-StoryElement-leadText\">Ein neuer Fahrplan soll Europas Verteidigungsf\u00e4higkeit bis 2030 st\u00e4rken: Die Bedrohungslage bleibt ernst \u2013 die Staats- und Regierungschefs beraten n\u00e4chste Woche.<\/p>\n<p class=\"id-StoryElement-paragraph\">Br\u00fcssel \u2013 Der <a href=\"https:\/\/www.fr.de\/politik\/ukraine-konflikt-sti1524391\/\" class=\"id-import-Link id-pageApi-Link--externalDomain\" title=\"Ukraine-Krieg\" data-id-ec=\"{&quot;sht&quot;:&quot;Container&quot;,&quot;shn&quot;:&quot;Story&quot;,&quot;p&quot;:{&quot;containerType&quot;:&quot;Paragraph&quot;,&quot;displayType&quot;:&quot;Paragraph InlineLink&quot;,&quot;type&quot;:&quot;INLINE_LINK&quot;,&quot;value&quot;:&quot;Ukraine-Krieg&quot;,&quot;variant&quot;:&quot;standardLink&quot;,&quot;sponsored&quot;:false,&quot;linkHref&quot;:&quot;https:\/\/www.fr.de\/politik\/ukraine-konflikt-sti1524391\/&quot;,&quot;storyElementPosition&quot;:8,&quot;storyElementCount&quot;:37}}\" rel=\"nofollow noopener\" target=\"_blank\">Ukraine-Krieg<\/a> tobt unvermindert weiter. Mit dem Aufkommen der mutma\u00dflich russischen Drohnen- und Flugzeugfl\u00fcgen \u00fcber <a href=\"https:\/\/www.fr.de\/politik\/nato-org27480\/\" class=\"id-import-Link id-pageApi-Link--externalDomain\" title=\"NATO\" data-id-ec=\"{&quot;sht&quot;:&quot;Container&quot;,&quot;shn&quot;:&quot;Story&quot;,&quot;p&quot;:{&quot;containerType&quot;:&quot;Paragraph&quot;,&quot;displayType&quot;:&quot;Paragraph InlineLink&quot;,&quot;type&quot;:&quot;INLINE_LINK&quot;,&quot;value&quot;:&quot;Nato&quot;,&quot;variant&quot;:&quot;standardLink&quot;,&quot;sponsored&quot;:false,&quot;linkHref&quot;:&quot;https:\/\/www.fr.de\/politik\/nato-org27480\/&quot;,&quot;storyElementPosition&quot;:8,&quot;storyElementCount&quot;:37}}\" rel=\"nofollow noopener\" target=\"_blank\">Nato<\/a> und <a href=\"https:\/\/www.fr.de\/politik\/eu-europaeische-union-mitgliedstaaten-laender-gruendung-von-der-leyen-ziele-91385429.html\" class=\"id-import-Link id-pageApi-Link--externalDomain\" data-id-ec=\"{&quot;sht&quot;:&quot;Container&quot;,&quot;shn&quot;:&quot;Story&quot;,&quot;p&quot;:{&quot;containerType&quot;:&quot;Paragraph&quot;,&quot;displayType&quot;:&quot;Paragraph InlineLink&quot;,&quot;type&quot;:&quot;INLINE_LINK&quot;,&quot;value&quot;:&quot;EU&quot;,&quot;variant&quot;:&quot;standardLink&quot;,&quot;sponsored&quot;:false,&quot;linkHref&quot;:&quot;https:\/\/www.fr.de\/politik\/eu-europaeische-union-mitgliedstaaten-laender-gruendung-von-der-leyen-ziele-91385429.html&quot;,&quot;storyElementPosition&quot;:8,&quot;storyElementCount&quot;:37}}\" rel=\"nofollow noopener\" target=\"_blank\">EU<\/a>-Partnern erh\u00f6hte sich auch der <a href=\"https:\/\/www.merkur.de\/politik\/putin-eins-auf-die-nase-geben-von-der-leyen-befuerwortet-abschuss-von-russland-kampfjets-zr-93954319.html\" class=\"id-import-Link\" data-id-ec=\"{&quot;sht&quot;:&quot;Container&quot;,&quot;shn&quot;:&quot;Story&quot;,&quot;p&quot;:{&quot;containerType&quot;:&quot;Paragraph&quot;,&quot;displayType&quot;:&quot;Paragraph InlineLink&quot;,&quot;type&quot;:&quot;INLINE_LINK&quot;,&quot;value&quot;:&quot;Handlungsdruck in der EU-Kommission&quot;,&quot;variant&quot;:&quot;standardLink&quot;,&quot;sponsored&quot;:false,&quot;linkHref&quot;:&quot;https:\/\/www.merkur.de\/politik\/putin-eins-auf-die-nase-geben-von-der-leyen-befuerwortet-abschuss-von-russland-kampfjets-zr-93954319.html&quot;,&quot;storyElementPosition&quot;:8,&quot;storyElementCount&quot;:37}}\" rel=\"nofollow noopener\" target=\"_blank\">Handlungsdruck in der EU-Kommission<\/a>.<\/p>\n<p><img decoding=\"async\" class=\"id-RatioPlaceholder-element wv_story_el_image\" src=\"https:\/\/www.europesays.com\/de\/wp-content\/uploads\/2025\/10\/1760770631_748_39137718-eu-kommissionspraesidentin-ursula-von-der-leyen-und-der-ukrainische-praesident-wolodymyr-se.jpeg\" loading=\"lazy\"   height=\"619\" width=\"1100\" alt=\"EU-Kommissionspr&#xE4;sidentin Ursula von der Leyen und der ukrainische Pr&#xE4;sident Wolodymyr Selenskyj.\"\/>Die neuen Ma\u00dfnahmen sollen auch, die \u201elangj\u00e4hrige Unterst\u00fctzung f\u00fcr die Ukraine aufrechterhalten\u201c \u2013\u00a0Wolodymyr Selenskyj (r.) d\u00fcrfte Ursula von der Leyens (l.) Engagement freuen. (montage) \u00a9\u00a0JEAN-CHRISTOPHE VERHAEGEN\/AFP; ANDREAS SOLARO\/AFP<\/p>\n<p class=\"id-StoryElement-paragraph\">Nun hat die EU-Kommission ihren Fahrplan f\u00fcr ein verteidigungsf\u00e4higes Europa vorgestellt. Es <a href=\"https:\/\/www.merkur.de\/politik\/enthuellt-massive-aufruestung-neue-geheimplaene-zu-russlands-panzer-offensive-zr-93985865.html\" class=\"id-import-Link\" data-id-ec=\"{&quot;sht&quot;:&quot;Container&quot;,&quot;shn&quot;:&quot;Story&quot;,&quot;p&quot;:{&quot;containerType&quot;:&quot;Paragraph&quot;,&quot;displayType&quot;:&quot;Paragraph InlineLink&quot;,&quot;type&quot;:&quot;INLINE_LINK&quot;,&quot;value&quot;:&quot;handele sich um &#x201E;einen klaren Plan mit gemeinsamen Zielen und konkreten Meilensteinen auf unserem Weg bis 2030&quot;,&quot;variant&quot;:&quot;standardLink&quot;,&quot;sponsored&quot;:false,&quot;linkHref&quot;:&quot;https:\/\/www.merkur.de\/politik\/enthuellt-massive-aufruestung-neue-geheimplaene-zu-russlands-panzer-offensive-zr-93985865.html&quot;,&quot;storyElementPosition&quot;:11,&quot;storyElementCount&quot;:37}}\" rel=\"nofollow noopener\" target=\"_blank\">handele sich um \u201eeinen klaren Plan mit gemeinsamen Zielen und konkreten Meilensteinen auf unserem Weg bis 2030<\/a>\u201c, erkl\u00e4rte Kommissionspr\u00e4sidentin von der Leyen. Deutschland soll darin eine zentrale Rolle spielen.<\/p>\n<p>\u201eEuropa in Gefahr\u201c: Von der Leyen warnt vor Bedrohungen<\/p>\n<p class=\"id-StoryElement-paragraph\"><a href=\"https:\/\/www.merkur.de\/politik\/drohnen-experte-nennt-drei-ziele-russlands-putin-testet-nato-mit-kampfjets-und-zr-93957764.html\" class=\"id-import-Link\" data-id-ec=\"{&quot;sht&quot;:&quot;Container&quot;,&quot;shn&quot;:&quot;Story&quot;,&quot;p&quot;:{&quot;containerType&quot;:&quot;Paragraph&quot;,&quot;displayType&quot;:&quot;Paragraph InlineLink&quot;,&quot;type&quot;:&quot;INLINE_LINK&quot;,&quot;value&quot;:&quot;Ausgel&#xF6;st durch die Bedrohung Russlands&quot;,&quot;variant&quot;:&quot;standardLink&quot;,&quot;sponsored&quot;:false,&quot;linkHref&quot;:&quot;https:\/\/www.merkur.de\/politik\/drohnen-experte-nennt-drei-ziele-russlands-putin-testet-nato-mit-kampfjets-und-zr-93957764.html&quot;,&quot;storyElementPosition&quot;:14,&quot;storyElementCount&quot;:37}}\" rel=\"nofollow noopener\" target=\"_blank\">Ausgel\u00f6st durch die Bedrohung Russlands<\/a> pr\u00e4sentiert die EU-Kommission einen Fahrplan f\u00fcr vier gro\u00dfe europ\u00e4ische Aufr\u00fcstungsprojekte: die europ\u00e4ische Drohnenabwehr-Initiative, die Eastern Flank Watch, den europ\u00e4ischen Luftschutz und ein Weltraumverteidigungs-Schild.<\/p>\n<p class=\"id-StoryElement-paragraph\">\u201eDie <a href=\"https:\/\/www.merkur.de\/politik\/gipfel-in-daenemark-gegen-putins-drohnen-bundeswehr-hilft-bei-absicherung-von-eu-93959716.html\" class=\"id-import-Link\" data-id-ec=\"{&quot;sht&quot;:&quot;Container&quot;,&quot;shn&quot;:&quot;Story&quot;,&quot;p&quot;:{&quot;containerType&quot;:&quot;Paragraph&quot;,&quot;displayType&quot;:&quot;Paragraph InlineLink&quot;,&quot;type&quot;:&quot;INLINE_LINK&quot;,&quot;value&quot;:&quot;j&#xFC;ngsten Bedrohungen haben gezeigt, dass Europa in Gefahr&quot;,&quot;variant&quot;:&quot;standardLink&quot;,&quot;sponsored&quot;:false,&quot;linkHref&quot;:&quot;https:\/\/www.merkur.de\/politik\/gipfel-in-daenemark-gegen-putins-drohnen-bundeswehr-hilft-bei-absicherung-von-eu-93959716.html&quot;,&quot;storyElementPosition&quot;:15,&quot;storyElementCount&quot;:37}}\" rel=\"nofollow noopener\" target=\"_blank\">j\u00fcngsten Bedrohungen haben gezeigt, dass Europa in Gefahr<\/a> ist\u201c, sagte von der Leyen zur Vorstellung des Fahrplans. Die Ma\u00dfnahmen w\u00fcrden \u201eunsere Verteidigungsindustrie st\u00e4rken, die Produktion beschleunigen und unsere langj\u00e4hrige Unterst\u00fctzung f\u00fcr die Ukraine aufrechterhalten\u201c, argumentierte von der Leyen. Konkrete Angaben dazu, was die Vorzeigeprojekte kosten werden, machte die Kommission bisher nicht.<\/p>\n<p>Promis, Premieren und Problemf\u00e4lle: Das ist Ursula von der Leyens neue EU-Kommission<img decoding=\"async\" class=\"id-RatioPlaceholder-element wv_story_el_interstitialImage\" src=\"https:\/\/www.europesays.com\/de\/wp-content\/uploads\/2025\/07\/36311527-ursula-von-der-leyen-hat-ein-neues-team-in-ihrer-eu-kommission-2GNJ0Nnuv7fe.jpg\" loading=\"lazy\"   height=\"1200\" width=\"1600\" alt=\"Ursula von der Leyen hat ein neues Team in ihrer EU-Kommission.\"\/><a href=\"https:\/\/www.merkur.de\/politik\/eu-kommission-vonderleyen-kommissare-2024-kommission-neu-europaeische-union-fotos-ueberblick-zr-93435075.html\" class=\"id-StoryElement-intestitialLink-link\" data-id-ec=\"{\" shn=\"\" ansehen=\"\" data-k5a-pos=\"west_story_16_photoGalleryLink\" title=\"Zur Fotostrecke: Promis, Premieren und Problemf&#xE4;lle: Das ist Ursula von der Leyens neue EU-Kommission\" rel=\"nofollow noopener\" target=\"_blank\">Fotostrecke ansehen<\/a><\/p>\n<p class=\"id-StoryElement-paragraph\">Geheimdienste gehen davon aus, dass <a href=\"https:\/\/www.merkur.de\/politik\/ukraine-krieg-russischer-vormarsch-halbiert-putin-verliert-an-tempo-zr-93964702.html\" class=\"id-import-Link\" data-id-ec=\"{&quot;sht&quot;:&quot;Container&quot;,&quot;shn&quot;:&quot;Story&quot;,&quot;p&quot;:{&quot;containerType&quot;:&quot;Paragraph&quot;,&quot;displayType&quot;:&quot;Paragraph InlineLink&quot;,&quot;type&quot;:&quot;INLINE_LINK&quot;,&quot;value&quot;:&quot;Russland sp&#xE4;testens 2030 milit&#xE4;risch in der Lage sein d&#xFC;rfte, einen weiteren Krieg zu beginnen&quot;,&quot;variant&quot;:&quot;standardLink&quot;,&quot;sponsored&quot;:false,&quot;linkHref&quot;:&quot;https:\/\/www.merkur.de\/politik\/ukraine-krieg-russischer-vormarsch-halbiert-putin-verliert-an-tempo-zr-93964702.html&quot;,&quot;storyElementPosition&quot;:18,&quot;storyElementCount&quot;:37}}\" rel=\"nofollow noopener\" target=\"_blank\">Russland sp\u00e4testens 2030 milit\u00e4risch in der Lage sein d\u00fcrfte, einen weiteren Krieg zu beginnen<\/a>. \u201eRussland hat derzeit keine Kapazit\u00e4t, einen Angriff auf die EU zu starten. Es k\u00f6nnte sich aber in den kommenden Jahren darauf vorbereiten\u201c, erkl\u00e4rte die EU-Au\u00dfenbeauftragte Kaja Kallas. Die Gefahr werde nicht verschwinden, selbst wenn der Krieg in der Ukraine ende.<\/p>\n<p>EU plant Verteidigungsprojekte \u2013 Deutschland \u00fcbernimmt F\u00fchrungsrolle<\/p>\n<p class=\"id-StoryElement-paragraph\">Deutschland will nach Angaben von Verteidigungsminister <a href=\"https:\/\/www.merkur.de\/politik\/boris-pistorius-deutschland-bundesverteidigungsminister-92039104.html\" class=\"id-import-Link\" data-id-ec=\"{&quot;sht&quot;:&quot;Container&quot;,&quot;shn&quot;:&quot;Story&quot;,&quot;p&quot;:{&quot;containerType&quot;:&quot;Paragraph&quot;,&quot;displayType&quot;:&quot;Paragraph InlineLink&quot;,&quot;type&quot;:&quot;INLINE_LINK&quot;,&quot;value&quot;:&quot;Boris Pistorius&quot;,&quot;variant&quot;:&quot;standardLink&quot;,&quot;sponsored&quot;:false,&quot;linkHref&quot;:&quot;https:\/\/www.merkur.de\/politik\/boris-pistorius-deutschland-bundesverteidigungsminister-92039104.html&quot;,&quot;storyElementPosition&quot;:21,&quot;storyElementCount&quot;:37}}\" rel=\"nofollow noopener\" target=\"_blank\">Boris Pistorius<\/a> (<a href=\"https:\/\/www.fr.de\/politik\/spd-org26325\/\" class=\"id-import-Link id-pageApi-Link--externalDomain\" title=\"SPD\" data-id-ec=\"{&quot;sht&quot;:&quot;Container&quot;,&quot;shn&quot;:&quot;Story&quot;,&quot;p&quot;:{&quot;containerType&quot;:&quot;Paragraph&quot;,&quot;displayType&quot;:&quot;Paragraph InlineLink&quot;,&quot;type&quot;:&quot;INLINE_LINK&quot;,&quot;value&quot;:&quot;SPD&quot;,&quot;variant&quot;:&quot;standardLink&quot;,&quot;sponsored&quot;:false,&quot;linkHref&quot;:&quot;https:\/\/www.fr.de\/politik\/spd-org26325\/&quot;,&quot;storyElementPosition&quot;:21,&quot;storyElementCount&quot;:37}}\" rel=\"nofollow noopener\" target=\"_blank\">SPD<\/a>) die F\u00fchrung beim geplanten \u201eEuropean Air Shield\u201c \u00fcbernehmen. Das Projekt m\u00f6chte EU-Programme nutzen, um ein \u00fcber L\u00e4ndergrenzen hinweg vernetztes, mehrstufiges Flugabwehrsystem einschlie\u00dflich der erforderlichen Sensorik aufzubauen. Es soll gegen das gesamte Spektrum von Bedrohungen aus der Luft sch\u00fctzen und nahtlos mit dem <a href=\"https:\/\/www.merkur.de\/politik\/und-eu-haben-russland-krieg-erklaert-putin-vertrauter-wuetet-nato-93956361.html\" class=\"id-import-Link\" data-id-ec=\"{&quot;sht&quot;:&quot;Container&quot;,&quot;shn&quot;:&quot;Story&quot;,&quot;p&quot;:{&quot;containerType&quot;:&quot;Paragraph&quot;,&quot;displayType&quot;:&quot;Paragraph InlineLink&quot;,&quot;type&quot;:&quot;INLINE_LINK&quot;,&quot;value&quot;:&quot;F&#xFC;hrungs- und Kontrollsystem der NATO zusammenarbeiten k&#xF6;nnen&quot;,&quot;variant&quot;:&quot;standardLink&quot;,&quot;sponsored&quot;:false,&quot;linkHref&quot;:&quot;https:\/\/www.merkur.de\/politik\/und-eu-haben-russland-krieg-erklaert-putin-vertrauter-wuetet-nato-93956361.html&quot;,&quot;storyElementPosition&quot;:21,&quot;storyElementCount&quot;:37}}\" rel=\"nofollow noopener\" target=\"_blank\">F\u00fchrungs- und Kontrollsystem der NATO zusammenarbeiten k\u00f6nnen<\/a>.<\/p>\n<p class=\"id-StoryElement-paragraph\">Die Finanzierung der vier Projekte soll zun\u00e4chst vor allem \u00fcber die Mitgliedstaaten und \u00fcber bereits bestehende EU-Programme erfolgen. Mittelfristig k\u00f6nnten dann zus\u00e4tzliche Gelder \u00fcber den n\u00e4chsten Langfrist-Haushalt der EU flie\u00dfen, der derzeit f\u00fcr die Jahre 2028 bis 2034 geplant wird. EU-Verteidigungsindustriekommissar Andrius Kubilius erkl\u00e4rte, \u00fcber die NATO h\u00e4tten die meisten <a href=\"https:\/\/www.merkur.de\/politik\/gegen-trump-und-putin-eu-gipfel-fuer-ukraine-hilfen-europa-ruestet-93637335.html\" class=\"id-import-Link\" data-id-ec=\"{&quot;sht&quot;:&quot;Container&quot;,&quot;shn&quot;:&quot;Story&quot;,&quot;p&quot;:{&quot;containerType&quot;:&quot;Paragraph&quot;,&quot;displayType&quot;:&quot;Paragraph InlineLink&quot;,&quot;type&quot;:&quot;INLINE_LINK&quot;,&quot;value&quot;:&quot;EU-Staaten bereits zugesagt, ihre Verteidigungsausgaben bis 2035 massiv &quot;,&quot;variant&quot;:&quot;standardLink&quot;,&quot;sponsored&quot;:false,&quot;linkHref&quot;:&quot;https:\/\/www.merkur.de\/politik\/gegen-trump-und-putin-eu-gipfel-fuer-ukraine-hilfen-europa-ruestet-93637335.html&quot;,&quot;storyElementPosition&quot;:22,&quot;storyElementCount&quot;:37}}\" rel=\"nofollow noopener\" target=\"_blank\">EU-Staaten bereits zugesagt, ihre Verteidigungsausgaben bis 2035 massiv <\/a>zu erh\u00f6hen. Im Schnitt m\u00fcssten insgesamt zus\u00e4tzlich 288 Milliarden Euro pro Jahr ausgegeben werden.<\/p>\n<p>Von der Leyen plant Hightech-Drohnen-Initiative <\/p>\n<p class=\"id-StoryElement-paragraph\">\u00dcber die Drohnen-Initiative soll dem Fahrplan zufolge ein mehrschichtiges Hightech-System mit F\u00e4higkeiten zur Erkennung, Verfolgung und Neutralisierung feindlicher Drohnen aufgebaut werden. Dieses soll \u2013 mittels eigener Drohnentechnik \u2013 pr\u00e4zise Schl\u00e4ge gegen Bodenziele ausf\u00fchren. Den Planern sei es laut der Deutschen Presse-Agentur (dpa) wichtig, dass die Drohnen-Initiative in enger Zusammenarbeit mit der NATO und geografisch offen entwickelt wird.<\/p>\n<p class=\"id-StoryElement-paragraph\">Zur Begr\u00fcndung f\u00fcr diesen 360-Grad-Ansatz in alle Himmelsrichtungen hei\u00dft es, die <a href=\"https:\/\/www.merkur.de\/politik\/russland-kopenhagen-gipfel-von-der-leyen-plant-drohnen-wall-an-ostflanke-gegen-zr-93964425.html\" class=\"id-import-Link\" data-id-ec=\"{&quot;sht&quot;:&quot;Container&quot;,&quot;shn&quot;:&quot;Story&quot;,&quot;p&quot;:{&quot;containerType&quot;:&quot;Paragraph&quot;,&quot;displayType&quot;:&quot;Paragraph InlineLink&quot;,&quot;type&quot;:&quot;INLINE_LINK&quot;,&quot;value&quot;:&quot;&#xF6;stlichen EU-Mitgliedstaaten an der Grenze zu Russland und Belarus seien zwar der gr&#xF6;&#xDF;ten unmittelbaren Bedrohung&quot;,&quot;variant&quot;:&quot;standardLink&quot;,&quot;sponsored&quot;:false,&quot;linkHref&quot;:&quot;https:\/\/www.merkur.de\/politik\/russland-kopenhagen-gipfel-von-der-leyen-plant-drohnen-wall-an-ostflanke-gegen-zr-93964425.html&quot;,&quot;storyElementPosition&quot;:27,&quot;storyElementCount&quot;:37}}\" rel=\"nofollow noopener\" target=\"_blank\">\u00f6stlichen EU-Mitgliedstaaten an der Grenze zu Russland und Belarus seien zwar der gr\u00f6\u00dften unmittelbaren Bedrohung<\/a> ausgesetzt. Die j\u00fcngsten Zwischenf\u00e4lle h\u00e4tten allerdings gezeigt, dass jedes Land betroffen sein k\u00f6nne. So war wegen der Sichtung unbemannter Flugk\u00f6rper in den <a href=\"https:\/\/www.merkur.de\/politik\/cdu-experte-warnt-drohnen-ueber-deutschland-bei-polizei-melden-zr-93981223.html\" class=\"id-import-Link\" data-id-ec=\"{&quot;sht&quot;:&quot;Container&quot;,&quot;shn&quot;:&quot;Story&quot;,&quot;p&quot;:{&quot;containerType&quot;:&quot;Paragraph&quot;,&quot;displayType&quot;:&quot;Paragraph InlineLink&quot;,&quot;type&quot;:&quot;INLINE_LINK&quot;,&quot;value&quot;:&quot;vergangenen Wochen unter anderem in D&#xE4;nemark und Deutschland wiederholt Alarm an zivilen und milit&#xE4;rischen Flugh&#xE4;fen ausgel&#xF6;st&quot;,&quot;variant&quot;:&quot;standardLink&quot;,&quot;sponsored&quot;:false,&quot;linkHref&quot;:&quot;https:\/\/www.merkur.de\/politik\/cdu-experte-warnt-drohnen-ueber-deutschland-bei-polizei-melden-zr-93981223.html&quot;,&quot;storyElementPosition&quot;:27,&quot;storyElementCount&quot;:37}}\" rel=\"nofollow noopener\" target=\"_blank\">vergangenen Wochen unter anderem in D\u00e4nemark und Deutschland wiederholt Alarm an zivilen und milit\u00e4rischen Flugh\u00e4fen ausgel\u00f6st<\/a> worden. Zeitweise musste deswegen sogar der Flugverkehr eingestellt werden.<\/p>\n<p class=\"id-StoryElement-paragraph\">Vor dem Hintergrund der Tatsache, dass Drohnen nicht zwingend direkt aus Russland kommen m\u00fcssen, soll <a href=\"https:\/\/www.merkur.de\/politik\/luftraum-eu-plant-drohnenwall-gegen-putins-angriffe-auf-nato-zr-93956148.html\" class=\"id-import-Link\" data-id-ec=\"{&quot;sht&quot;:&quot;Container&quot;,&quot;shn&quot;:&quot;Story&quot;,&quot;p&quot;:{&quot;containerType&quot;:&quot;Paragraph&quot;,&quot;displayType&quot;:&quot;Paragraph InlineLink&quot;,&quot;type&quot;:&quot;INLINE_LINK&quot;,&quot;value&quot;:&quot;k&#xFC;nftig auch nicht mehr von einem geplanten &#x201E;Drohnenwall&#x201C; gesprochen werden&quot;,&quot;variant&quot;:&quot;standardLink&quot;,&quot;sponsored&quot;:false,&quot;linkHref&quot;:&quot;https:\/\/www.merkur.de\/politik\/luftraum-eu-plant-drohnenwall-gegen-putins-angriffe-auf-nato-zr-93956148.html&quot;,&quot;storyElementPosition&quot;:28,&quot;storyElementCount&quot;:37}}\" rel=\"nofollow noopener\" target=\"_blank\">k\u00fcnftig auch nicht mehr von einem geplanten \u201eDrohnenwall\u201c gesprochen werden<\/a>, sondern neutral von der \u201eEuropean Drone Defence Initiative\u201c. Nach Angaben von Bundesverteidigungsminister Pistorius will Deutschland in den n\u00e4chsten Jahren zehn Milliarden Euro in Drohnen investieren werde.<\/p>\n<p>Drohnenabwehr im Fokus: EU stellt Verteidigungsplan vor<\/p>\n<p class=\"id-StoryElement-paragraph\">Zus\u00e4tzlich zur Drohnenabwehr will die EU allgemein die Luftabwehr in den \u00f6stlichen Mitgliedstaaten st\u00e4rken. Die <a href=\"https:\/\/www.merkur.de\/politik\/russlands-grenze-massive-nato-antwort-auf-putin-britische-aufklaerungsflugzeuge-patrouillieren-12-stunden-an-zr-93983551.html\" class=\"id-import-Link\" data-id-ec=\"{&quot;sht&quot;:&quot;Container&quot;,&quot;shn&quot;:&quot;Story&quot;,&quot;p&quot;:{&quot;containerType&quot;:&quot;Paragraph&quot;,&quot;displayType&quot;:&quot;Paragraph InlineLink&quot;,&quot;type&quot;:&quot;INLINE_LINK&quot;,&quot;value&quot;:&quot;Eastern Flank Watch ziele darauf ab, Luftverteidigung und Drohnenabwehr&quot;,&quot;variant&quot;:&quot;standardLink&quot;,&quot;sponsored&quot;:false,&quot;linkHref&quot;:&quot;https:\/\/www.merkur.de\/politik\/russlands-grenze-massive-nato-antwort-auf-putin-britische-aufklaerungsflugzeuge-patrouillieren-12-stunden-an-zr-93983551.html&quot;,&quot;storyElementPosition&quot;:30,&quot;storyElementCount&quot;:37}}\" rel=\"nofollow noopener\" target=\"_blank\">Eastern Flank Watch ziele darauf ab, Luftverteidigung und Drohnenabwehr<\/a> mit einer Reihe von Bodenverteidigungssystemen sowie der maritimen Sicherheit in der Ostsee und dem Schwarzen Meer zu verkn\u00fcpfen. Dabei gehe es auch um die Abwehr hybrider Bedrohungen und die sogenannte russische Schattenflotte.<\/p>\n<p class=\"id-StoryElement-paragraph\">Zudem sollen einzelne EU-L\u00e4nder sich in insgesamt neun Priorit\u00e4tsbereichen, darunter Luftabwehr, milit\u00e4rische Mobilit\u00e4t und elektronische Kriegsf\u00fchrung, zu sogenannten \u201eF\u00e4higkeits-Koalitionen\u201c zusammenschlie\u00dfen. Die Pl\u00e4ne sollen in \u201eenger Zusammenarbeit mit der NATO\u201c umgesetzt werden, wie die <a href=\"https:\/\/www.merkur.de\/politik\/putin-selenskyj-trump-usa-ukraine-krieg-beratungen-europa-scholz-bundeskanzler-gipfel-zr-93637194.html\" class=\"id-import-Link\" data-id-ec=\"{&quot;sht&quot;:&quot;Container&quot;,&quot;shn&quot;:&quot;Story&quot;,&quot;p&quot;:{&quot;containerType&quot;:&quot;Paragraph&quot;,&quot;displayType&quot;:&quot;Paragraph InlineLink&quot;,&quot;type&quot;:&quot;INLINE_LINK&quot;,&quot;value&quot;:&quot;EU-Au&#xDF;enbeauftragte Kaja Kallas bei der Vorstellung der &#x201E;Defence Readiness Roadmap 2030&#x201C; &quot;,&quot;variant&quot;:&quot;standardLink&quot;,&quot;sponsored&quot;:false,&quot;linkHref&quot;:&quot;https:\/\/www.merkur.de\/politik\/putin-selenskyj-trump-usa-ukraine-krieg-beratungen-europa-scholz-bundeskanzler-gipfel-zr-93637194.html&quot;,&quot;storyElementPosition&quot;:32,&quot;storyElementCount&quot;:37}}\" rel=\"nofollow noopener\" target=\"_blank\">EU-Au\u00dfenbeauftragte Kaja Kallas bei der Vorstellung der \u201eDefence Readiness Roadmap 2030\u201c <\/a>sagte.\u00a0<\/p>\n<p class=\"id-StoryElement-paragraph\">NATO-Generalsekret\u00e4r Mark Rutte hatte am Mittwoch eine \u201eReihe zus\u00e4tzlicher Ma\u00dfnahmen zur Drohnenabwehr\u201c angek\u00fcndigt. Sowohl Rutte als auch Kallas versicherten, dass es keine Doppelstrukturen bei der Drohnenabwehr geben werde. \u201eWir verdoppeln nicht die Arbeit, die die NATO leistet, sondern wir erg\u00e4nzen uns tats\u00e4chlich gegenseitig\u201c, sagte Kallas. Zur Notwendigkeit einer effektiven Drohnenabwehr sagte sie, dies sei \u201enicht l\u00e4nger optional\u201c. Drohnen definierten die Kriegsf\u00fchrung neu, argumentierte die EU-Au\u00dfenbeauftragte.\u00a0<\/p>\n<p>Verteidigungsinitiative der EU: Entscheidung bis Jahresende geplant<\/p>\n<p class=\"id-StoryElement-paragraph\">Wie es mit dem Fahrplan weitergeht, liegt nun in der Hand der Staats- und Regierungschefs der EU-Staaten. Sie werden in der kommenden Woche bei einem Gipfeltreffen in Br\u00fcssel erstmals \u00fcber die Vorschl\u00e4ge der Kommission beraten. Der von Ursula von der Leyen angestrebte Plan sieht vor,  dass sie bis sp\u00e4testens Ende des Jahres ihre Zustimmung geben.<\/p>\n<p class=\"id-StoryElement-paragraph\">Parallel dazu reagiert auch das Wei\u00dfe Haus auf die Lage im <a href=\"https:\/\/www.fr.de\/politik\/ukraine-konflikt-sti1524391\/\" class=\"id-import-Link id-pageApi-Link--externalDomain\" title=\"Ukraine-Krieg\" data-id-ec=\"{&quot;sht&quot;:&quot;Container&quot;,&quot;shn&quot;:&quot;Story&quot;,&quot;p&quot;:{&quot;containerType&quot;:&quot;Paragraph&quot;,&quot;displayType&quot;:&quot;Paragraph InlineLink&quot;,&quot;type&quot;:&quot;INLINE_LINK&quot;,&quot;value&quot;:&quot;Ukraine-Krieg&quot;,&quot;variant&quot;:&quot;standardLink&quot;,&quot;sponsored&quot;:false,&quot;linkHref&quot;:&quot;https:\/\/www.fr.de\/politik\/ukraine-konflikt-sti1524391\/&quot;,&quot;storyElementPosition&quot;:37,&quot;storyElementCount&quot;:37}}\" rel=\"nofollow noopener\" target=\"_blank\">Ukraine-Krieg<\/a>: US-Pr\u00e4sident <a href=\"https:\/\/www.fr.de\/politik\/donald-trump-per32650\/\" class=\"id-import-Link id-pageApi-Link--externalDomain\" title=\"Donald Trump\" data-id-ec=\"{&quot;sht&quot;:&quot;Container&quot;,&quot;shn&quot;:&quot;Story&quot;,&quot;p&quot;:{&quot;containerType&quot;:&quot;Paragraph&quot;,&quot;displayType&quot;:&quot;Paragraph InlineLink&quot;,&quot;type&quot;:&quot;INLINE_LINK&quot;,&quot;value&quot;:&quot;Donald Trump&quot;,&quot;variant&quot;:&quot;standardLink&quot;,&quot;sponsored&quot;:false,&quot;linkHref&quot;:&quot;https:\/\/www.fr.de\/politik\/donald-trump-per32650\/&quot;,&quot;storyElementPosition&quot;:37,&quot;storyElementCount&quot;:37}}\" rel=\"nofollow noopener\" target=\"_blank\">Donald Trump<\/a> <a href=\"https:\/\/www.merkur.de\/politik\/trump-kuendigt-treffen-mit-putin-in-europa-an-zr-93990547.html\" class=\"id-import-Link\" data-id-ec=\"{&quot;sht&quot;:&quot;Container&quot;,&quot;shn&quot;:&quot;Story&quot;,&quot;p&quot;:{&quot;containerType&quot;:&quot;Paragraph&quot;,&quot;displayType&quot;:&quot;Paragraph InlineLink&quot;,&quot;type&quot;:&quot;INLINE_LINK&quot;,&quot;value&quot;:&quot;telefonierte heute mit seinem Amtskollegen Wladimir Putin&quot;,&quot;variant&quot;:&quot;standardLink&quot;,&quot;sponsored&quot;:false,&quot;linkHref&quot;:&quot;https:\/\/www.merkur.de\/politik\/trump-kuendigt-treffen-mit-putin-in-europa-an-zr-93990547.html&quot;,&quot;storyElementPosition&quot;:37,&quot;storyElementCount&quot;:37}}\" rel=\"nofollow noopener\" target=\"_blank\">telefonierte heute mit seinem Amtskollegen Wladimir Putin<\/a>. Die beiden wollen sich zeitnah pers\u00f6nlich in Europa treffen. (Quellen: dpa, afp, Truth Social)<\/p>\n","protected":false},"excerpt":{"rendered":"Startseite Politik Stand: 18.10.2025, 05:40 Uhr Von: Konstantin Ochsenreiter DruckenTeilen Ein neuer Fahrplan soll Europas Verteidigungsf\u00e4higkeit bis 2030&hellip;\n","protected":false},"author":2,"featured_media":507747,"comment_status":"","ping_status":"","sticky":false,"template":"","format":"standard","meta":{"footnotes":""},"categories":[3933],"tags":[331,332,548,663,158,3934,3935,13,14,15,12],"class_list":{"0":"post-507746","1":"post","2":"type-post","3":"status-publish","4":"format-standard","5":"has-post-thumbnail","7":"category-eu","8":"tag-aktuelle-nachrichten","9":"tag-aktuelle-news","10":"tag-eu","11":"tag-europa","12":"tag-europaeische-union","13":"tag-europe","14":"tag-european-union","15":"tag-headlines","16":"tag-nachrichten","17":"tag-news","18":"tag-schlagzeilen"},"share_on_mastodon":{"url":"https:\/\/pubeurope.com\/@de\/115393871979930496","error":""},"_links":{"self":[{"href":"https:\/\/www.europesays.com\/de\/wp-json\/wp\/v2\/posts\/507746","targetHints":{"allow":["GET"]}}],"collection":[{"href":"https:\/\/www.europesays.com\/de\/wp-json\/wp\/v2\/posts"}],"about":[{"href":"https:\/\/www.europesays.com\/de\/wp-json\/wp\/v2\/types\/post"}],"author":[{"embeddable":true,"href":"https:\/\/www.europesays.com\/de\/wp-json\/wp\/v2\/users\/2"}],"replies":[{"embeddable":true,"href":"https:\/\/www.europesays.com\/de\/wp-json\/wp\/v2\/comments?post=507746"}],"version-history":[{"count":0,"href":"https:\/\/www.europesays.com\/de\/wp-json\/wp\/v2\/posts\/507746\/revisions"}],"wp:featuredmedia":[{"embeddable":true,"href":"https:\/\/www.europesays.com\/de\/wp-json\/wp\/v2\/media\/507747"}],"wp:attachment":[{"href":"https:\/\/www.europesays.com\/de\/wp-json\/wp\/v2\/media?parent=507746"}],"wp:term":[{"taxonomy":"category","embeddable":true,"href":"https:\/\/www.europesays.com\/de\/wp-json\/wp\/v2\/categories?post=507746"},{"taxonomy":"post_tag","embeddable":true,"href":"https:\/\/www.europesays.com\/de\/wp-json\/wp\/v2\/tags?post=507746"}],"curies":[{"name":"wp","href":"https:\/\/api.w.org\/{rel}","templated":true}]}}