{"id":507748,"date":"2025-10-18T06:58:20","date_gmt":"2025-10-18T06:58:20","guid":{"rendered":"https:\/\/www.europesays.com\/de\/507748\/"},"modified":"2025-10-18T06:58:20","modified_gmt":"2025-10-18T06:58:20","slug":"lufthansa-prueft-streichung-von-rund-100-inlandsfluegen","status":"publish","type":"post","link":"https:\/\/www.europesays.com\/de\/507748\/","title":{"rendered":"Lufthansa pr\u00fcft Streichung von rund 100 Inlandsfl\u00fcgen"},"content":{"rendered":"<p>            <img loading=\"lazy\" decoding=\"async\" class=\"ts-image\" src=\"https:\/\/www.europesays.com\/de\/wp-content\/uploads\/2025\/10\/lufthansa-968.jpg\" alt=\"Das Lufthansa-Logo vor einem Geb\u00e4ude des Unternehmens in Frankfurt\/Main\" title=\"Das Lufthansa-Logo vor einem Geb\u00e4ude des Unternehmens in Frankfurt\/Main | dpa\"\/><\/p>\n<p class=\"metatextline\">Stand: 18.10.2025 03:45 Uhr<\/p>\n<p class=\"textabsatz columns twelve  m-ten  m-offset-one l-eight l-offset-two\">\n        <strong>Weniger Passagiere, h\u00f6here Steuern und Geb\u00fchren: F\u00fcr die Lufthansa sind viele Inlandsstrecken nicht mehr wirtschaftlich. Rund 100 von ihnen stehen laut Konzernchef Spohr nun auf dem Pr\u00fcfstand.<\/strong>\n    <\/p>\n<p class=\"textabsatz m-ten m-offset-one l-eight l-offset-two columns twelve\">Die Lufthansa-Gruppe erw\u00e4gt, wegen hoher Steuern und Geb\u00fchren ihr innerdeutsches Flugangebot zu k\u00fcrzen. &#8222;Ohne eine Reduzierung der Standortbelastungen werden weitere Streichungen unvermeidbar sein&#8220;, sagte Konzernchef Carsten Spohr der &#8222;Welt am Sonntag&#8220;.<\/p>\n<p>    Viele Strecken nicht wirtschaftlich<\/p>\n<p class=\"textabsatz m-ten m-offset-one l-eight l-offset-two columns twelve\">Es geht demnach um rund 100 innerdeutsche Fl\u00fcge pro Woche, die im kommenden Sommer wegfallen k\u00f6nnten. Laut Spohr ist der Flugbetrieb innerhalb Deutschlands aufgrund einer Verdopplung der staatlichen Standortkosten seit 2019 in einigen Bereichen nicht mehr wirtschaftlich.<\/p>\n<p class=\"textabsatz m-ten m-offset-one l-eight l-offset-two columns twelve\">&#8222;Verbindungen wie von M\u00fcnchen nach M\u00fcnster\/Osnabr\u00fcck oder von M\u00fcnchen nach Dresden stehen auf dem Pr\u00fcfstand&#8220;, sagte der Manager. &#8222;Wir fliegen auf diesen Strecken jeden Tag defizit\u00e4r.&#8220;<\/p>\n<p>    Passagierzahlen eingebrochen<\/p>\n<p class=\"textabsatz m-ten m-offset-one l-eight l-offset-two columns twelve\">Die Zahl der Passagiere auf Inlandsfl\u00fcgen hatte anders als auf Auslandsfl\u00fcgen nach der Corona-Pandemie nicht mehr das Niveau von zuvor erreicht. Das liegt nach Einsch\u00e4tzung von Branchenverb\u00e4nden vor allem an der gesunkenen Zahl der Gesch\u00e4ftsreisen, die durch Videokonferenzen ersetzt wurden, sowie Verlagerungen auf die Schiene.<\/p>\n","protected":false},"excerpt":{"rendered":"Stand: 18.10.2025 03:45 Uhr Weniger Passagiere, h\u00f6here Steuern und Geb\u00fchren: F\u00fcr die Lufthansa sind viele Inlandsstrecken nicht mehr&hellip;\n","protected":false},"author":2,"featured_media":507749,"comment_status":"","ping_status":"","sticky":false,"template":"","format":"standard","meta":{"footnotes":""},"categories":[5],"tags":[331,332,3364,29,30,13,126623,2108,14,15,12],"class_list":{"0":"post-507748","1":"post","2":"type-post","3":"status-publish","4":"format-standard","5":"has-post-thumbnail","7":"category-nachrichten","8":"tag-aktuelle-nachrichten","9":"tag-aktuelle-news","10":"tag-de","11":"tag-deutschland","12":"tag-germany","13":"tag-headlines","14":"tag-inlandsfluege","15":"tag-lufthansa","16":"tag-nachrichten","17":"tag-news","18":"tag-schlagzeilen"},"share_on_mastodon":{"url":"https:\/\/pubeurope.com\/@de\/115393875557535698","error":""},"_links":{"self":[{"href":"https:\/\/www.europesays.com\/de\/wp-json\/wp\/v2\/posts\/507748","targetHints":{"allow":["GET"]}}],"collection":[{"href":"https:\/\/www.europesays.com\/de\/wp-json\/wp\/v2\/posts"}],"about":[{"href":"https:\/\/www.europesays.com\/de\/wp-json\/wp\/v2\/types\/post"}],"author":[{"embeddable":true,"href":"https:\/\/www.europesays.com\/de\/wp-json\/wp\/v2\/users\/2"}],"replies":[{"embeddable":true,"href":"https:\/\/www.europesays.com\/de\/wp-json\/wp\/v2\/comments?post=507748"}],"version-history":[{"count":0,"href":"https:\/\/www.europesays.com\/de\/wp-json\/wp\/v2\/posts\/507748\/revisions"}],"wp:featuredmedia":[{"embeddable":true,"href":"https:\/\/www.europesays.com\/de\/wp-json\/wp\/v2\/media\/507749"}],"wp:attachment":[{"href":"https:\/\/www.europesays.com\/de\/wp-json\/wp\/v2\/media?parent=507748"}],"wp:term":[{"taxonomy":"category","embeddable":true,"href":"https:\/\/www.europesays.com\/de\/wp-json\/wp\/v2\/categories?post=507748"},{"taxonomy":"post_tag","embeddable":true,"href":"https:\/\/www.europesays.com\/de\/wp-json\/wp\/v2\/tags?post=507748"}],"curies":[{"name":"wp","href":"https:\/\/api.w.org\/{rel}","templated":true}]}}