{"id":507759,"date":"2025-10-18T07:05:14","date_gmt":"2025-10-18T07:05:14","guid":{"rendered":"https:\/\/www.europesays.com\/de\/507759\/"},"modified":"2025-10-18T07:05:14","modified_gmt":"2025-10-18T07:05:14","slug":"larissa-rusek-fuer-nationalteam-von-oesterreich-nachnominiert","status":"publish","type":"post","link":"https:\/\/www.europesays.com\/de\/507759\/","title":{"rendered":"Larissa Rusek f\u00fcr Nationalteam von \u00d6sterreich nachnominiert"},"content":{"rendered":"<p>Zum zweiten Mal dabei <\/p>\n<p>Club-Torh\u00fcterin f\u00fcrs Nationalteam nachnominiert<\/p>\n<p>18.10.2025 &#8211; 08:53 UhrLesedauer: 1 Min.<\/p>\n<p><a href=\"#focus-0\" class=\"transition-colors duration-200 block text-current relative\" data-sctrack=\"FocusGalleryImage.Reference\"><img fetchpriority=\"high\" data-testid=\"Opener.Image\" style=\"--lqipURL:url('https:\/\/images.t-online.de\/2025\/10\/25WyReZtT6fR\/0x11:3200x1800\/fit-in\/150x0\/filters:blur(25)\/larissa-rusek-die-20-jaehrige-wechselte-im-sommer-aus-oesterreich-zum-1-fc-nuernberg.jpg')\"   loading=\"eager\" src=\"https:\/\/www.europesays.com\/de\/wp-content\/uploads\/2025\/10\/larissa-rusek-die-20-jaehrige-wechselte-im-sommer-aus-oesterreich-zum-1-fc-nuernberg.jpg\" alt=\"Larissa Rusek: Die 20-J\u00e4hrige wechselte im Sommer aus \u00d6sterreich zum 1. FC N\u00fcrnberg.\" title=\"Larissa Rusek: Die 20-J\u00e4hrige wechselte im Sommer aus \u00d6sterreich zum 1. FC N\u00fcrnberg.\" width=\"3200\" height=\"1800\" class=\"bg-[url:var(--lqipURL)] bg-cover bg-center flex h-full w-full max-w-full\" decoding=\"async\"\/><img style=\"--width:32;--height:32\" loading=\"lazy\" src=\"https:\/\/nuernberg.t-online.de\/s\/paper\/_next\/static\/media\/zoom-in.f7dae02f.svg\" alt=\"Vergr\u00f6\u00dfern des Bildes\" title=\"Vergr\u00f6\u00dfern des Bildes\" class=\"block h-[calc(var(--height)_\/_16_*_1rem)] w-[calc(var(--width)_\/_16_*_1rem)] max-w-none absolute bottom-8 right-8 rounded-4 bg-snow p-8\" decoding=\"async\"\/><\/a><\/p>\n<p>Larissa Rusek: Die 20-J\u00e4hrige wechselte im Sommer aus \u00d6sterreich zum 1. FC N\u00fcrnberg. (Quelle: IMAGO\/Sportfoto Zink \/ Wolfgang Zink)<\/p>\n<p class=\"font-bold text-18 leading-17\">Mit guten Leistungen beim 1. FC N\u00fcrnberg spielt sich Larissa Rusek in den Fokus der Nationalmannschaft. Nun profitiert sie von der Verletzung einer Torh\u00fcter-Kollegin.<\/p>\n<p class=\"text-18 leading-17\">Torh\u00fcterin Larissa Rusek von Frauen-Bundesligist 1. FC N\u00fcrnberg darf auf ihr Deb\u00fct in der \u00f6sterreichischen Nationalmannschaft hoffen. Wie der \u00d6sterreichische Fu\u00dfball-Bund (\u00d6FB) am Freitagabend bekannt gab, wurde die 20-J\u00e4hrige f\u00fcr die beiden anstehenden Playoff-Duelle in der Nations League gegen Tschechien am 24. und 28. Oktober nachnominiert.<\/p>\n<p class=\"text-18 leading-17\">Rusek r\u00fcckte f\u00fcr die verletzte Manuela Zinsberger nach. Die 110-malige Nationalspielerin vom FC Arsenal zog sich im Training ihres Klubs einen Kreuzbandriss zu und wird f\u00fcr mehrere Monate ausfallen. \u00d6sterreichs Teamchef Alexander Schriebl sagte: &#8222;Es tut mir f\u00fcr Manuela unglaublich leid. Mit ihrem Ausfall verlieren wir nicht nur eine absolute Leistungstr\u00e4gerin, sondern auch eine Identifikationsfigur und ein Vorbild f\u00fcr viele.&#8220;<\/p>\n<p class=\"text-18 leading-17\">F\u00fcr Rusek ist es die zweite Nominierung f\u00fcr das Nationalteam. Bei den beiden L\u00e4nderspielen im M\u00e4rz dieses Jahres gegen die Niederlande, bei denen sie erstmals dabei war, kam sie jedoch nicht zum Einsatz. Damals stand die geb\u00fcrtige Wienerin noch beim USV Neulengbach in der \u00d6FB Frauen-Bundesliga unter Vertrag. Im Sommer folgte schlie\u00dflich der Wechsel zum Club.<\/p>\n<p class=\"text-18 leading-17\">F\u00fcr die N\u00fcrnberger bestritt Rusek in der laufenden Saison bislang alle sechs Partien. In der vergangenen Woche hatten die FCN-Frauen ausw\u00e4rts in Jena ihren ersten Sieg nach dem Wiederaufstieg gefeiert. In der Tabelle belegen die Fr\u00e4nkinnen aktuell den elften von 14 Pl\u00e4tzen. Das n\u00e4chste Heimspiel gegen den SC Freiburg steht an diesem Samstag (Anpfiff: 12 Uhr) an.<\/p>\n","protected":false},"excerpt":{"rendered":"Zum zweiten Mal dabei Club-Torh\u00fcterin f\u00fcrs Nationalteam nachnominiert 18.10.2025 &#8211; 08:53 UhrLesedauer: 1 Min. Larissa Rusek: Die 20-J\u00e4hrige&hellip;\n","protected":false},"author":2,"featured_media":507760,"comment_status":"","ping_status":"","sticky":false,"template":"","format":"standard","meta":{"footnotes":""},"categories":[1837],"tags":[783,126630,772,3364,29,30,126629,12830,3783,40731,1433],"class_list":{"0":"post-507759","1":"post","2":"type-post","3":"status-publish","4":"format-standard","5":"has-post-thumbnail","7":"category-nuernberg","8":"tag-1-fc-nuernberg","9":"tag-alexander-schriebl","10":"tag-bayern","11":"tag-de","12":"tag-deutschland","13":"tag-germany","14":"tag-larissa-rusek","15":"tag-nationalteam","16":"tag-nuernberg","17":"tag-oefb","18":"tag-oesterreich"},"share_on_mastodon":{"url":"https:\/\/pubeurope.com\/@de\/115393903507833677","error":""},"_links":{"self":[{"href":"https:\/\/www.europesays.com\/de\/wp-json\/wp\/v2\/posts\/507759","targetHints":{"allow":["GET"]}}],"collection":[{"href":"https:\/\/www.europesays.com\/de\/wp-json\/wp\/v2\/posts"}],"about":[{"href":"https:\/\/www.europesays.com\/de\/wp-json\/wp\/v2\/types\/post"}],"author":[{"embeddable":true,"href":"https:\/\/www.europesays.com\/de\/wp-json\/wp\/v2\/users\/2"}],"replies":[{"embeddable":true,"href":"https:\/\/www.europesays.com\/de\/wp-json\/wp\/v2\/comments?post=507759"}],"version-history":[{"count":0,"href":"https:\/\/www.europesays.com\/de\/wp-json\/wp\/v2\/posts\/507759\/revisions"}],"wp:featuredmedia":[{"embeddable":true,"href":"https:\/\/www.europesays.com\/de\/wp-json\/wp\/v2\/media\/507760"}],"wp:attachment":[{"href":"https:\/\/www.europesays.com\/de\/wp-json\/wp\/v2\/media?parent=507759"}],"wp:term":[{"taxonomy":"category","embeddable":true,"href":"https:\/\/www.europesays.com\/de\/wp-json\/wp\/v2\/categories?post=507759"},{"taxonomy":"post_tag","embeddable":true,"href":"https:\/\/www.europesays.com\/de\/wp-json\/wp\/v2\/tags?post=507759"}],"curies":[{"name":"wp","href":"https:\/\/api.w.org\/{rel}","templated":true}]}}