{"id":507767,"date":"2025-10-18T07:09:15","date_gmt":"2025-10-18T07:09:15","guid":{"rendered":"https:\/\/www.europesays.com\/de\/507767\/"},"modified":"2025-10-18T07:09:15","modified_gmt":"2025-10-18T07:09:15","slug":"haben-mitarbeiter-der-uniklinik-schaedelknochen-aus-leichen-herausoperiert","status":"publish","type":"post","link":"https:\/\/www.europesays.com\/de\/507767\/","title":{"rendered":"Haben Mitarbeiter der Uniklinik Sch\u00e4delknochen aus Leichen herausoperiert?"},"content":{"rendered":"<p>Verdacht auf St\u00f6rung der TotenruheHaben Mitarbeiter der Uniklinik Dresden heimlich Sch\u00e4delknochen aus Leichen herausoperiert?<img alt=\"Uniklinik Dresden\" loading=\"lazy\" width=\"940\" height=\"529\" decoding=\"async\" data-nimg=\"1\" class=\"Image_image__SdgLQ Picture_image__vGN9W\" style=\"color:transparent\"   src=\"https:\/\/www.europesays.com\/de\/wp-content\/uploads\/2025\/10\/uniklinik.webp.webp\"\/><\/p>\n<p>An der Uniklinik Dresden wird derzeit gegen mehrere Mitarbeiter ermittelt <\/p>\n<p>Robert Michael\/dpa<\/p>\n<p>18. Oktober 2025 um 09:04 Uhr<\/p>\n<p class=\"AnnotatedMarkup_paragraph__IUT9l\"><strong>Die Uniklinik zeigt sich zutiefst schockiert.<\/strong><br \/>Gegen drei Mitarbeiter des Uniklinikums Dresden ermittelt derzeit die Staatsanwaltschaft. Der Verdacht: Sie sollen unrechtm\u00e4\u00dfig 13 Sch\u00e4delknochen aus Leichen operiert haben. Am Donnerstag (16. Oktober) wurden die R\u00e4umlichkeiten durchsucht.<\/p>\n<p>Felsenbeine heimlich entnommen?<\/p>\n<p class=\"AnnotatedMarkup_paragraph__IUT9l\">Auf Handys und anderen Speichermedien sei laut Staatsanwaltschaft umfangreiches Beweismaterial sichergestellt worden. <strong>Nach einem Anfangsverdacht habe man R\u00e4ume des Klinikums und der Medizinischen Fakult\u00e4t der Technischen Universit\u00e4t Dresden durchsucht. <\/strong><\/p>\n<p class=\"AnnotatedMarkup_paragraph__IUT9l\"><strong>Lese-Tipp: <\/strong><a href=\"https:\/\/www.rtl.de\/cms\/schock-fuer-angehoerige-falsche-asche-und-dreck-in-der-urne-bestatter-vor-gericht-5052152.html\" target=\"_self\" rel=\"noopener\">Schock f\u00fcr trauernde Angeh\u00f6rige! Falsche Asche und Dreck in der Urne<\/a><\/p>\n<p class=\"AnnotatedMarkup_paragraph__IUT9l\">Die drei verd\u00e4chtigen Personen sollen menschliche Felsenbeine in 13 F\u00e4llen widerrechtlich aus Leichen herausoperiert haben. <strong>Das Felsenbein befindet sich seitlich am Sch\u00e4del und erstreckt sich von der Schl\u00e4fe bis hinter das Ohr. <\/strong>Es gilt als der h\u00e4rteste Knochen im menschlichen Sch\u00e4del.<\/p>\n<p>Video-Tipp: Ruhe der Liebsten gest\u00f6rt! Auto kracht auf Friedhof \u2013 und zertr\u00fcmmert Gr\u00e4berAnzeige:<\/p>\n<p>Empfehlungen unserer Partner<\/p>\n<p>\u201eSt\u00f6rung der Totenruhe\u201d ist eine Straftat<\/p>\n<p class=\"AnnotatedMarkup_paragraph__IUT9l\">Da weder eine Einwilligung der Betroffenen noch deren Angeh\u00f6rigen vorgelegen habe, werfe man den drei Mitarbeitern des Instituts f\u00fcr Rechtsmedizin der TU Dresden die St\u00f6rung der Totenruhe vor. <strong>Hierbei handelt es sich um eine Straftat, die mit deiner Freiheitsstrafe bis zu drei Jahren oder einer Geldstrafe geahndet wird. <\/strong>Strafbar macht sich auch, wer beispielsweise Gr\u00e4ber besch\u00e4digt oder entweiht.<\/p>\n<p><img alt=\"Anw\u00e4lte der Toten - Verbrechen, die Deutschland bewegten\" loading=\"lazy\" width=\"615\" height=\"346\" decoding=\"async\" data-nimg=\"1\" class=\"Image_image__SdgLQ RtlPlusContent_image__Gbn0N\" style=\"color:transparent\"   src=\"https:\/\/www.europesays.com\/de\/wp-content\/uploads\/2025\/10\/anwalte-der-toten_m.webp.webp\"\/><\/p>\n<p class=\"AnnotatedMarkup_paragraph__IUT9l\">\u201eDer im Raum stehende Tatbestand schockiert uns zutiefst\u201c, teilt die Klinik mit. \u201eAls Universit\u00e4tsklinikum Dresden und Medizinische Fakult\u00e4t treten wir f\u00fcr einen klaren ethischen und medizinrechtlichen Wertekanon ein. <strong>Selbstverst\u00e4ndlich unterst\u00fctzen wir die Beh\u00f6rden bei der Aufkl\u00e4rung des Sachverhalts nach Kr\u00e4ften und mit absoluter Transparenz.<\/strong> Wir werden alle notwendigen Ma\u00dfnahmen schnellstm\u00f6glich einleiten. Ziel muss eine l\u00fcckenlose Aufkl\u00e4rung sein\u201d.<\/p>\n<p class=\"AnnotatedMarkup_paragraph__IUT9l\"><strong>Lese-Tipp: <\/strong><a href=\"https:\/\/www.rtl.de\/news\/kroatien-mann-erzaehlt-grenzbeamten-seine-begleiterin-schlafe-doch-sie-ist-tot-id1996055.html\" target=\"_self\" rel=\"noopener\">Mann (65) will Tote (\u202083) \u00fcber Grenze schmuggeln, doch dann fliegt er auf<\/a><\/p>\n<p class=\"AnnotatedMarkup_paragraph__IUT9l\">Die Ermittlungen dauern derzeit noch an und sollen einige Zeit in Anspruch nehmen. (ajo)<\/p>\n<p class=\"AnnotatedMarkup_paragraph__IUT9l\">Verwendete Quellen: mit dpa, Uniklinik<\/p>\n","protected":false},"excerpt":{"rendered":"Verdacht auf St\u00f6rung der TotenruheHaben Mitarbeiter der Uniklinik Dresden heimlich Sch\u00e4delknochen aus Leichen herausoperiert? An der Uniklinik Dresden&hellip;\n","protected":false},"author":2,"featured_media":507768,"comment_status":"","ping_status":"","sticky":false,"template":"","format":"standard","meta":{"footnotes":""},"categories":[1835],"tags":[4067,331,338,332,339,3364,29,2386,344,342,343,30,1015,584,335,329,336,334,341,330,337,333,121,328,327,859,33458,12,978,12219,8709,340],"class_list":{"0":"post-507767","1":"post","2":"type-post","3":"status-publish","4":"format-standard","5":"has-post-thumbnail","7":"category-dresden","8":"tag-ermittlungen","9":"tag-aktuelle-nachrichten","10":"tag-aktuelle-nachrichten-auf-einen-blick","11":"tag-aktuelle-news","12":"tag-aktuelle-themen-in-der-welt","13":"tag-de","14":"tag-deutschland","15":"tag-dresden","16":"tag-ems_-news","17":"tag-ems_news_newsausland","18":"tag-ems_news_newsinland","19":"tag-germany","20":"tag-justiz","21":"tag-leiche","22":"tag-nachrichten-aus-aller-welt","23":"tag-nachrichten-deutschland","24":"tag-nachrichten-heute","25":"tag-nachrichten-international","26":"tag-nachrichten-usa","27":"tag-news-deutschland","28":"tag-news-heute","29":"tag-news-international","30":"tag-polizei","31":"tag-rtl-nachrichten","32":"tag-rtl-news","33":"tag-sachsen","34":"tag-schaedel","35":"tag-schlagzeilen","36":"tag-tot","37":"tag-tote","38":"tag-universitaeten","39":"tag-usa-news"},"share_on_mastodon":{"url":"","error":"Validation failed: Text character limit of 500 exceeded"},"_links":{"self":[{"href":"https:\/\/www.europesays.com\/de\/wp-json\/wp\/v2\/posts\/507767","targetHints":{"allow":["GET"]}}],"collection":[{"href":"https:\/\/www.europesays.com\/de\/wp-json\/wp\/v2\/posts"}],"about":[{"href":"https:\/\/www.europesays.com\/de\/wp-json\/wp\/v2\/types\/post"}],"author":[{"embeddable":true,"href":"https:\/\/www.europesays.com\/de\/wp-json\/wp\/v2\/users\/2"}],"replies":[{"embeddable":true,"href":"https:\/\/www.europesays.com\/de\/wp-json\/wp\/v2\/comments?post=507767"}],"version-history":[{"count":0,"href":"https:\/\/www.europesays.com\/de\/wp-json\/wp\/v2\/posts\/507767\/revisions"}],"wp:featuredmedia":[{"embeddable":true,"href":"https:\/\/www.europesays.com\/de\/wp-json\/wp\/v2\/media\/507768"}],"wp:attachment":[{"href":"https:\/\/www.europesays.com\/de\/wp-json\/wp\/v2\/media?parent=507767"}],"wp:term":[{"taxonomy":"category","embeddable":true,"href":"https:\/\/www.europesays.com\/de\/wp-json\/wp\/v2\/categories?post=507767"},{"taxonomy":"post_tag","embeddable":true,"href":"https:\/\/www.europesays.com\/de\/wp-json\/wp\/v2\/tags?post=507767"}],"curies":[{"name":"wp","href":"https:\/\/api.w.org\/{rel}","templated":true}]}}