{"id":50777,"date":"2025-04-22T00:15:18","date_gmt":"2025-04-22T00:15:18","guid":{"rendered":"https:\/\/www.europesays.com\/de\/50777\/"},"modified":"2025-04-22T00:15:18","modified_gmt":"2025-04-22T00:15:18","slug":"verschwundener-emile-in-frankreich-polizei-nimmt-grosseltern-in-gewahrsam-panorama","status":"publish","type":"post","link":"https:\/\/www.europesays.com\/de\/50777\/","title":{"rendered":"Verschwundener \u00c9mile in Frankreich: Polizei nimmt Gro\u00dfeltern in Gewahrsam &#8211; Panorama"},"content":{"rendered":"<p data-manual=\"paragraph\" data-schema-org-speakable=\"true\" class=\"css-1vtjhd\">Mehr als anderthalb Jahre nach dem Verschwinden des zweij\u00e4hrigen \u00c9mile in <a href=\"https:\/\/www.sueddeutsche.de\/thema\/Frankreich\" rel=\"nofollow noopener\" target=\"_blank\">Frankreich<\/a> sind die Gro\u00dfeltern des Kindes in den Blick der Ermittler ger\u00fcckt. Wegen des Verdachts auf vors\u00e4tzliche T\u00f6tung und unerlaubte Wegnahme der Leiche wurden sie in Polizeigewahrsam genommen, wie die Staatsanwaltschaft Aix-en-Provence mitteilte.Auch zwei erwachsene Kinder des Paares wurden demnach festgenommen. Die Ermittlungen bef\u00e4nden sich gerade in einer Phase, in der Informationen, die in den vergangenen Monaten gesammelt worden seien, \u00fcberpr\u00fcft w\u00fcrden, hie\u00df es von der Ermittlungsbeh\u00f6rde. Was genau zur Festnahme der Verd\u00e4chtigen f\u00fchrte, ist nicht bekannt.<\/p>\n<p data-manual=\"paragraph\" data-schema-org-speakable=\"true\" class=\"css-1vtjhd\">Das Schicksal des Jungen hatte in Frankreich gro\u00dfes Mitgef\u00fchl ausgel\u00f6st. \u00c9mile war im Sommer 2023 im s\u00fcdfranz\u00f6sischen Bergdorf Le Vernet verschwunden, wo er bei seinen Gro\u00dfeltern m\u00fctterlicherseits die Ferien verbrachte. Diese hatten angegeben, den Zweieinhalbj\u00e4hrigen am 8. Juli gegen Abend aus dem Blick verloren zu haben. Zwei Zeugen sagten aus, noch gesehen zu haben, wie das Kind eine Stra\u00dfe herunterlief.<\/p>\n<p data-manual=\"paragraph\" data-schema-org-speakable=\"true\" class=\"css-1vtjhd\">Immer wieder hatte die Polizei in den Tagen und Wochen nach dem Verschwinden des Jungen mit einem Gro\u00dfaufgebot die Umgebung abgesucht, doch das Kind blieb monatelang vermisst. Vor knapp einem Jahr fand eine Spazierg\u00e4ngerin dann in der N\u00e4he des Dorfes den Sch\u00e4del des Kindes, die restlichen Knochen blieben verschwunden. In einiger Entfernung lagen au\u00dferdem Hemd, Hose und Schuhe des Jungen. Nach dem Sch\u00e4delfund hatten die Ermittler zun\u00e4chst keine Gewissheit \u00fcber die Todesursache. \u201eZwischen einem Sturz des Kindes, fahrl\u00e4ssiger T\u00f6tung und Mord k\u00f6nnen wir noch immer keine These als wahrscheinlicher erachten als die andere, um das Verschwinden und den Tod des Kindes \u00c9mile zu erkl\u00e4ren\u201c, sagte wenige Tage nach dem Fund Staatsanwalt Jean-Luc Blachon. Die Finderin des Sch\u00e4dels hatte m\u00f6glicherweise wertvolle Spuren verwischt: Sie hatte diesen in eine Plastikt\u00fcte gesteckt und erst zu sich nach Hause und sp\u00e4ter zur Polizei gebracht.<\/p>\n","protected":false},"excerpt":{"rendered":"Mehr als anderthalb Jahre nach dem Verschwinden des zweij\u00e4hrigen \u00c9mile in Frankreich sind die Gro\u00dfeltern des Kindes in&hellip;\n","protected":false},"author":2,"featured_media":50778,"comment_status":"","ping_status":"","sticky":false,"template":"","format":"standard","meta":{"footnotes":""},"categories":[3974],"tags":[331,332,147,548,663,3934,3980,156,24340,13,1584,14,15,1974,12,149],"class_list":{"0":"post-50777","1":"post","2":"type-post","3":"status-publish","4":"format-standard","5":"has-post-thumbnail","7":"category-frankreich","8":"tag-aktuelle-nachrichten","9":"tag-aktuelle-news","10":"tag-ausland","11":"tag-eu","12":"tag-europa","13":"tag-europe","14":"tag-france","15":"tag-frankreich","16":"tag-gewalt-gegen-kinder","17":"tag-headlines","18":"tag-kriminalitaet","19":"tag-nachrichten","20":"tag-news","21":"tag-panorama","22":"tag-schlagzeilen","23":"tag-sueddeutsche-zeitung"},"share_on_mastodon":{"url":"https:\/\/pubeurope.com\/@de\/114378737266605802","error":""},"_links":{"self":[{"href":"https:\/\/www.europesays.com\/de\/wp-json\/wp\/v2\/posts\/50777","targetHints":{"allow":["GET"]}}],"collection":[{"href":"https:\/\/www.europesays.com\/de\/wp-json\/wp\/v2\/posts"}],"about":[{"href":"https:\/\/www.europesays.com\/de\/wp-json\/wp\/v2\/types\/post"}],"author":[{"embeddable":true,"href":"https:\/\/www.europesays.com\/de\/wp-json\/wp\/v2\/users\/2"}],"replies":[{"embeddable":true,"href":"https:\/\/www.europesays.com\/de\/wp-json\/wp\/v2\/comments?post=50777"}],"version-history":[{"count":0,"href":"https:\/\/www.europesays.com\/de\/wp-json\/wp\/v2\/posts\/50777\/revisions"}],"wp:featuredmedia":[{"embeddable":true,"href":"https:\/\/www.europesays.com\/de\/wp-json\/wp\/v2\/media\/50778"}],"wp:attachment":[{"href":"https:\/\/www.europesays.com\/de\/wp-json\/wp\/v2\/media?parent=50777"}],"wp:term":[{"taxonomy":"category","embeddable":true,"href":"https:\/\/www.europesays.com\/de\/wp-json\/wp\/v2\/categories?post=50777"},{"taxonomy":"post_tag","embeddable":true,"href":"https:\/\/www.europesays.com\/de\/wp-json\/wp\/v2\/tags?post=50777"}],"curies":[{"name":"wp","href":"https:\/\/api.w.org\/{rel}","templated":true}]}}