{"id":507771,"date":"2025-10-18T07:11:14","date_gmt":"2025-10-18T07:11:14","guid":{"rendered":"https:\/\/www.europesays.com\/de\/507771\/"},"modified":"2025-10-18T07:11:14","modified_gmt":"2025-10-18T07:11:14","slug":"niedersachsen-bremen-rinder-sind-die-groesste-quelle-fuer-treibhausgasemissionen","status":"publish","type":"post","link":"https:\/\/www.europesays.com\/de\/507771\/","title":{"rendered":"Niedersachsen &#038; Bremen: Rinder sind die gr\u00f6\u00dfte Quelle f\u00fcr Treibhausgasemissionen"},"content":{"rendered":"<p>                    Niedersachsen &amp; Bremen<br \/>\n                Rinder sind die gr\u00f6\u00dfte Quelle f\u00fcr Treibhausgasemissionen<\/p>\n<p>\t\t\t\t              18.10.2025, 06:32 Uhr<\/p>\n<p><strong>Auch in der Landwirtschaft entstehen Emissionen, die sich aufs Klima auswirken. Allerdings geht es im Agrarbereich weniger um Kohlendioxid &#8211; hier stehen andere Treibhausgase im Fokus.<\/strong><\/p>\n<p>Oldenburg (dpa\/lni) &#8211; Methangas, das Wiederk\u00e4uer wie Rinder oder Schafe bei der Verdauung aussto\u00dfen, hat den gr\u00f6\u00dften Anteil an den Treibhausgasemissionen in der nieders\u00e4chsischen Landwirtschaft. Wie die Landwirtschaftskammer in Oldenburg in ihrem j\u00fcngsten Treibhausgasbericht feststellt, entsprach der gesamte Aussto\u00df an Klimagasen im Agrarsektor im Jahr 2023 einer Menge von 12,3 Millionen Tonnen Kohlendioxid (CO2).\u00a0<\/p>\n<p>63 Prozent davon war Methangas, was einem Vergleichswert von 7,7 Millionen Tonnen CO2 entspricht. Davon stammen 5,5 Millionen Tonnen von Wiederk\u00e4uern, 5,1 Millionen Tonnen allein von Rindern.\u00a0<\/p>\n<p>Emissionen aus dem Boden\u00a0<\/p>\n<p>Ein weiteres Beispiel f\u00fcr klimawirksame Emissionen in der Landwirtschaft ist Lachgas, von dem der Kammer zufolge umgerechnet eine Menge von 4,1 Millionen Tonnen CO2 in die Atmosph\u00e4re freigesetzt wurde. Lachgas entsteht vor allem bei Umsetzungsprozessen von Stickstoff im Boden. Die Emissionen von CO2 selbst lagen bei 0,5 Millionen Tonnen &#8211; diese entstehen bei der D\u00fcngung mit Harnstoff und Kalk.\u00a0<\/p>\n<p>Die nieders\u00e4chsische Landwirtschaft stie\u00df im Jahr 2023 etwa 8,2 Prozent weniger Treibhausgase als 1990 aus (13,4 Millionen Tonnen). Damit liegt der R\u00fcckgang in Niedersachsen unter dem Bundesdurchschnitt, denn in Deutschland insgesamt schrumpften von 1990 bis 2023 die klimarelevanten Agrar-Emissionen um 25,2 Prozent auf 63 Millionen Tonnen. Damit hat die Landwirtschaft einen Anteil von 9,3 Prozent an den Gesamtemissionen in Deutschland.\u00a0<\/p>\n<p>Abbau von Tierbest\u00e4nden\u00a0<\/p>\n<p>Der R\u00fcckgang sei vor allem auf den Abbau von Tierbest\u00e4nden seit der Wiedervereinigung zur\u00fcckzuf\u00fchren, hie\u00df es &#8211; allein die Methanemissionen der Wiederk\u00e4uer ging demnach um fast 30 Prozent zur\u00fcck.\u00a0<\/p>\n<p>Der Anteil Niedersachsens an den landwirtschaftlichen Emissionen Deutschlands liegt laut Landwirtschaftskammer bei 23 Prozent. Auch in Niedersachsen seien die Tierzahlen gesunken, was auch den geringeren Treibhausgasaussto\u00df erkl\u00e4re.<\/p>\n","protected":false},"excerpt":{"rendered":"Niedersachsen &amp; Bremen Rinder sind die gr\u00f6\u00dfte Quelle f\u00fcr Treibhausgasemissionen 18.10.2025, 06:32 Uhr Auch in der Landwirtschaft entstehen&hellip;\n","protected":false},"author":2,"featured_media":507772,"comment_status":"","ping_status":"","sticky":false,"template":"","format":"standard","meta":{"footnotes":""},"categories":[1824],"tags":[108629,2420,3364,29,30,1411,29739,25151],"class_list":{"0":"post-507771","1":"post","2":"type-post","3":"status-publish","4":"format-standard","5":"has-post-thumbnail","7":"category-bremen","8":"tag-treibhausgasemissionen","9":"tag-bremen","10":"tag-de","11":"tag-deutschland","12":"tag-germany","13":"tag-niedersachsen","14":"tag-quelle","15":"tag-rinder"},"share_on_mastodon":{"url":"https:\/\/pubeurope.com\/@de\/115393926649069413","error":""},"_links":{"self":[{"href":"https:\/\/www.europesays.com\/de\/wp-json\/wp\/v2\/posts\/507771","targetHints":{"allow":["GET"]}}],"collection":[{"href":"https:\/\/www.europesays.com\/de\/wp-json\/wp\/v2\/posts"}],"about":[{"href":"https:\/\/www.europesays.com\/de\/wp-json\/wp\/v2\/types\/post"}],"author":[{"embeddable":true,"href":"https:\/\/www.europesays.com\/de\/wp-json\/wp\/v2\/users\/2"}],"replies":[{"embeddable":true,"href":"https:\/\/www.europesays.com\/de\/wp-json\/wp\/v2\/comments?post=507771"}],"version-history":[{"count":0,"href":"https:\/\/www.europesays.com\/de\/wp-json\/wp\/v2\/posts\/507771\/revisions"}],"wp:featuredmedia":[{"embeddable":true,"href":"https:\/\/www.europesays.com\/de\/wp-json\/wp\/v2\/media\/507772"}],"wp:attachment":[{"href":"https:\/\/www.europesays.com\/de\/wp-json\/wp\/v2\/media?parent=507771"}],"wp:term":[{"taxonomy":"category","embeddable":true,"href":"https:\/\/www.europesays.com\/de\/wp-json\/wp\/v2\/categories?post=507771"},{"taxonomy":"post_tag","embeddable":true,"href":"https:\/\/www.europesays.com\/de\/wp-json\/wp\/v2\/tags?post=507771"}],"curies":[{"name":"wp","href":"https:\/\/api.w.org\/{rel}","templated":true}]}}