{"id":507788,"date":"2025-10-18T07:20:14","date_gmt":"2025-10-18T07:20:14","guid":{"rendered":"https:\/\/www.europesays.com\/de\/507788\/"},"modified":"2025-10-18T07:20:14","modified_gmt":"2025-10-18T07:20:14","slug":"unter-30-eleni-sismanidou-die-stuttgarter-kunstszene-wird-immer-hotter","status":"publish","type":"post","link":"https:\/\/www.europesays.com\/de\/507788\/","title":{"rendered":"Unter 30: Eleni Sismanidou: \u201eDie Stuttgarter Kunstszene wird immer hotter\u201c"},"content":{"rendered":"<p>11.10 Uhr, <a href=\"https:\/\/www.stuttgarter-zeitung.de\/inhalt.neuer-concept-store-in-stuttgarts-innenstadt-wir-wollen-was-schaffen-das-stuttgart-so-richtig-aufmischt.f09113f6-8954-4f93-9619-974b196d8321.html\" target=\"_blank\" rel=\"noopener\">Abnorm Studio in der Christophstra\u00dfe: Der Concept Store in der Stuttgarter Innenstadt hat seit zehn Minuten ge\u00f6ffnet.<\/a> Hier treffen sich Kreativschaffende und Kunststudenten oder die, die es gerne w\u00e4ren. Eleni Sismanidou kennt sie alle, ist selbst Stammkundin. W\u00e4hrend sie an ihrem Lungo nippt, wechselt sie ein paar Worte mit den ersten Kunden. Sie ist aufgeregt. Grund ist ihre bevorstehende Ausstellung in der <a href=\"https:\/\/www.stuttgarter-zeitung.de\/thema\/Staatsgalerie_Stuttgart\" title=\"Staatsgalerie\" class=\"art_thema\" target=\"_blank\" rel=\"noopener\">Staatsgalerie<\/a>. Letzte Einladungen werden ausgesprochen, \u201eviel Erfolg\u201c gew\u00fcnscht.<\/p>\n<p>Sismanidou, die mit 13 Jahren ihr Alter Ego \u201eSismalena\u201c erschuf, stammt aus einer Arbeiterfamilie. Die Gro\u00dfeltern kamen als griechische Gastarbeiter nach <a href=\"https:\/\/www.stuttgarter-zeitung.de\/thema\/Stuttgart\" title=\"Stuttgart\" class=\"art_thema\" target=\"_blank\" rel=\"noopener\">Stuttgart<\/a>. Die geb\u00fcrtige Untert\u00fcrkheimerin, deren Herz schon immer f\u00fcr die <a href=\"https:\/\/www.stuttgarter-zeitung.de\/thema\/Kunst\" title=\"Kunst\" class=\"art_thema\" target=\"_blank\" rel=\"noopener\">Kunst<\/a> schl\u00e4gt, entscheidet sich, Deutsch und Kunst auf Lehramt zu studieren. Lehrerin ist f\u00fcr die Eltern ein solider Beruf, mit der Bezeichnung K\u00fcnstlerin k\u00f6nnen sie wenig anfangen.<\/p>\n<p>K\u00fcnstlerinnen werden in den sozialen Medien h\u00e4ufig sexualisiert <\/p>\n<p>\u201eNoch heute fragt meine Mutter mich immer wieder, wann ich denn endlich als Lehrerin arbeiten werde\u201c, sagt Sismanidou. Ganz vom Tisch sei das Thema noch nicht aber f\u00fcr die 27-J\u00e4hrige ist der Lehrerberuf eher ein Plan B. \u201eIch will die Stuttgarter Kunstszene mitgestalten, ich will aktiv sein.\u201c Das ginge bei einem Vollzeitjob als Lehrerin nicht. Inzwischen hat sie ihr Studium an der Universit\u00e4t Stuttgart und der Kunstakademie abgeschlossen und ist im Wei\u00dfenhof-Programm der Bildenden Kunst aufgenommen.<\/p>\n<p>Sismalena besch\u00e4ftigt sich in ihrer Kunst mit den sozialen Medien und damit, wie sie die Selbstdarstellung von K\u00fcnstlerinnen beeinflussen. Sie zeigt in ihren Arbeiten, wie Identit\u00e4t heute entsteht und wie Frauen in der Kunstszene gesehen werden \u2013 besonders auf Plattformen wie Instagram oder Tiktok. Dort werden K\u00fcnstlerinnen oft nach Klischees beurteilt, ihr kreativer Prozess wird sexualisiert oder nicht ernst genommen. \u201eBei mir als K\u00fcnstlerin steht oft mein K\u00f6rper im Vordergrund. Wenn ich auf Instagram ein Foto von einem neuen Werk und mir poste, wird auch immer mein Aussehen kommentiert.\u201c<\/p>\n<p>  <img decoding=\"async\" loading=\"lazy\" src=\"https:\/\/www.europesays.com\/de\/wp-content\/uploads\/2025\/10\/media.media.54752147-1811-4178-86b2-887f00643f82.original1024.media.jpeg\"\/>     Dieses Werk ist aktuell in der Stuttgarter Staatsgalerie zu sehen.    Foto: Elliott    <\/p>\n<p>Um dem zu entgehen, macht Sismalena ihre Kunst selbst zum Fetischobjekt, gie\u00dft zum Beispiel eine Leinwand aus Silikon und legt sie in eine Sexschaukel. Sie spielt mit einer \u00fcbertrieben \u201esexy\u201c \u00c4sthetik, um sexistische Muster sichtbar zu machen und zu hinterfragen. So steht ihre Kunst im Mittelpunkt und nicht mehr ihr K\u00f6rper.<\/p>\n<p>Absolventen der <a href=\"https:\/\/www.stuttgarter-zeitung.de\/thema\/Kunstakademie_Stuttgart\" title=\"Kunstakademie Stuttgart\" class=\"art_thema\" target=\"_blank\" rel=\"noopener\">Kunstakademie Stuttgart<\/a> stellen in der Staatsgalerie aus <\/p>\n<p>700 Euro kostete die Leinwand aus Silikon. Viel Geld, wenn man keine reichen Eltern hat, die einem die Kunst finanzieren. Sismalena, die seit vier Jahren im Stuttgarter In-Caf\u00e9 Tatti arbeitet, fasst daraufhin den Entschluss: \u201eIch brauche mehr Trinkgeld.\u201c Sie bedruckt ein wei\u00dfes T-Shirt mit der Aufschrift \u201eTip me for silicone\u201c. Sie meint ihre Silikon-Leinwand, Kunden denken, sie will sich die Br\u00fcste machen lassen. In jedem Fall klappt es. Sismalena tr\u00e4gt ihr Shirt hinter der Bar und bekommt ausreichend Geld f\u00fcr ihre Leinwand zusammen &#8211; und best\u00e4tigt gleichzeitig die Sexualisierung des Frauenk\u00f6rpers, die sie mit ihrer Kunst kritisieren will. <\/p>\n<p>Die Stuttgarter Kunstszene beschreibt sie als klein, was aber ein Vorteil sei. Es gebe nur wenige Orte f\u00fcr junge K\u00fcnstlerinnen und K\u00fcnstler, daher kenne man sich und wisse, wo man hingehen m\u00fcsse, um die wichtigen Leute zu treffen. Zum Kaffee ins Abnorm Studio, abends in die Uhu-Bar. <a href=\"https:\/\/www.stuttgarter-zeitung.de\/inhalt.feministische-ausstellung-im-osten-gyn-gym-wie-sieht-deine-vulva-aus.4d12ccde-d292-48a3-bb78-a106b8ce54c9.html\" target=\"_blank\" rel=\"noopener\">Die Nektar Galerie und der Projektraum Ostend seien zwei der wenigen Galerien, die von aktiven K\u00fcnstlern betrieben werden.<\/a> Sismalena sieht aber auch eine Entwicklung in Stuttgart: \u201eDie Szene wird immer hotter.\u201c Und sie will mittendrin sein. Vom 17. bis 26. Oktober zeigt sie gemeinsam mit anderen Absolventen der Kunstakademie Stuttgart eine Auswahl ihrer Werke in der Stirling-Halle der Staatsgalerie.<\/p>\n","protected":false},"excerpt":{"rendered":"11.10 Uhr, Abnorm Studio in der Christophstra\u00dfe: Der Concept Store in der Stuttgarter Innenstadt hat seit zehn Minuten&hellip;\n","protected":false},"author":2,"featured_media":507789,"comment_status":"","ping_status":"","sticky":false,"template":"","format":"standard","meta":{"footnotes":""},"categories":[1830],"tags":[1634,3364,29,30,80,2075,126636,1193,126637,10225,103530,1441],"class_list":{"0":"post-507788","1":"post","2":"type-post","3":"status-publish","4":"format-standard","5":"has-post-thumbnail","7":"category-stuttgart","8":"tag-baden-wuerttemberg","9":"tag-de","10":"tag-deutschland","11":"tag-germany","12":"tag-kultur","13":"tag-kunst","14":"tag-kunstakademie-stuttgart","15":"tag-sexismus","16":"tag-sismalena","17":"tag-staatsgalerie-stuttgart","18":"tag-stadtreporterin","19":"tag-stuttgart"},"share_on_mastodon":{"url":"https:\/\/pubeurope.com\/@de\/115393962119230892","error":""},"_links":{"self":[{"href":"https:\/\/www.europesays.com\/de\/wp-json\/wp\/v2\/posts\/507788","targetHints":{"allow":["GET"]}}],"collection":[{"href":"https:\/\/www.europesays.com\/de\/wp-json\/wp\/v2\/posts"}],"about":[{"href":"https:\/\/www.europesays.com\/de\/wp-json\/wp\/v2\/types\/post"}],"author":[{"embeddable":true,"href":"https:\/\/www.europesays.com\/de\/wp-json\/wp\/v2\/users\/2"}],"replies":[{"embeddable":true,"href":"https:\/\/www.europesays.com\/de\/wp-json\/wp\/v2\/comments?post=507788"}],"version-history":[{"count":0,"href":"https:\/\/www.europesays.com\/de\/wp-json\/wp\/v2\/posts\/507788\/revisions"}],"wp:featuredmedia":[{"embeddable":true,"href":"https:\/\/www.europesays.com\/de\/wp-json\/wp\/v2\/media\/507789"}],"wp:attachment":[{"href":"https:\/\/www.europesays.com\/de\/wp-json\/wp\/v2\/media?parent=507788"}],"wp:term":[{"taxonomy":"category","embeddable":true,"href":"https:\/\/www.europesays.com\/de\/wp-json\/wp\/v2\/categories?post=507788"},{"taxonomy":"post_tag","embeddable":true,"href":"https:\/\/www.europesays.com\/de\/wp-json\/wp\/v2\/tags?post=507788"}],"curies":[{"name":"wp","href":"https:\/\/api.w.org\/{rel}","templated":true}]}}