{"id":507792,"date":"2025-10-18T07:22:11","date_gmt":"2025-10-18T07:22:11","guid":{"rendered":"https:\/\/www.europesays.com\/de\/507792\/"},"modified":"2025-10-18T07:22:11","modified_gmt":"2025-10-18T07:22:11","slug":"pol-f-251018-1078-frankfurt-hoechst-kontrolle-endet-in-widerstand-mit-verletzter","status":"publish","type":"post","link":"https:\/\/www.europesays.com\/de\/507792\/","title":{"rendered":"POL-F: 251018- 1078 Frankfurt- H\u00f6chst: Kontrolle endet in Widerstand mit verletzter &#8230;"},"content":{"rendered":"<p class=\"date\">18.10.2025 \u2013 09:18<\/p>\n<p class=\"customer\">\n                        <a class=\"story-customer\" title=\"weiter zum newsroom von Polizeipr\u00e4sidium Frankfurt am Main\" href=\"https:\/\/www.presseportal.de\/blaulicht\/nr\/4970\" rel=\"nofollow noopener\" target=\"_blank\">Polizeipr\u00e4sidium Frankfurt am Main<\/a>\n                    <\/p>\n<p><a data-category=\"citylink-story-view\" data-action=\"click\" data-label=\"Citylink in Meldungsansicht\" class=\"story-city event-trigger\" href=\"https:\/\/www.presseportal.de\/regional\/Frankfurt\" title=\"News aus Frankfurt \" rel=\"nofollow noopener\" target=\"_blank\">Frankfurt<\/a> (ots)<\/p>\n<p>(ma) Am Freitagnachmittag (17. Oktober 2025) meldeten gegen 16:10 Uhr mehrere Passanten einen freilaufenden Hund im Bereich des Mainberg.<\/p>\n<p>W\u00e4hrend die Beamten den Hund einfingen, wurden sie von einer Frau angesprochen, welche sich f\u00fcr den Hund verantwortlich zeigte.<\/p>\n<p>Im Rahmen der nun zu erfolgenden Personenkontrolle, entfernte sich die Frau erst von den Beamten, nahm dann mehrere Scherben vom Boden auf und lief auf die Beamten zu. Die 43- j\u00e4hrige Frau kam der Aufforderung, die Scherben fallen zu lassen, nicht nach und wurde von den Polizisten festgenommen. Hierbei leistete sie Widerstand und trat unter anderem einer Polizistin gegen den Kopf.<\/p>\n<p>Da die 43-J\u00e4hrige keinerlei Ausweispapiere mit sich f\u00fchrte, brachten die Beamten sie f\u00fcr die weiteren polizeilichen Ma\u00dfnahmen auf das Revier. Auch hier widersetzte sich die Frau den Ma\u00dfnahmen.<\/p>\n<p>Nach Feststellung ihrer Identit\u00e4t wurde die Frau einer psychiatrischen Klinik vorgestellt, welche keinen Grund f\u00fcr eine Aufnahme feststellte.<\/p>\n<p>Die 43-J\u00e4hrige wurde im Anschluss an die Ma\u00dfnahmen nach Hause entlassen.<\/p>\n<p>Die verletzte Polizistin konnte ihren Dienst nicht fortsetzen.<\/p>\n<p class=\"contact-headline\">R\u00fcckfragen bitte an:<\/p>\n<p class=\"contact-text\">Polizeipr\u00e4sidium Frankfurt am Main<br \/>Pressestelle<br \/>Adickesallee 70<br \/>60322 Frankfurt am Main<br \/>Telefon: 069 \/ 755-82110 (CvD)<br \/>Fax: 069 \/ 755-82009<br \/>E-Mail: <a href=\"https:\/\/www.presseportal.de\/blaulicht\/pm\/4970\/mailto: pressestelle.ppffm@polizei.hessen.de\" class=\"uri-mailto\" rel=\"nofollow noopener\" target=\"_blank\"> pressestelle.ppffm@polizei.hessen.de<\/a><br \/>Homepage Polizeipr\u00e4sidium Ffm.: <a target=\"_blank\" class=\"uri-ext outbound\" rel=\"noopener nofollow\" href=\"http:\/\/www.polizei.hessen.de\/ppffm\">http:\/\/www.polizei.hessen.de\/ppffm<\/a><\/p>\n<p class=\"originator\">Original-Content von: Polizeipr\u00e4sidium Frankfurt am Main, \u00fcbermittelt durch news aktuell<\/p>\n","protected":false},"excerpt":{"rendered":"18.10.2025 \u2013 09:18 Polizeipr\u00e4sidium Frankfurt am Main Frankfurt (ots) (ma) Am Freitagnachmittag (17. Oktober 2025) meldeten gegen 16:10&hellip;\n","protected":false},"author":2,"featured_media":386213,"comment_status":"","ping_status":"","sticky":false,"template":"","format":"standard","meta":{"footnotes":""},"categories":[1829],"tags":[29,2050,2051,30,1087,2052,177,121,178,180,179,181],"class_list":{"0":"post-507792","1":"post","2":"type-post","3":"status-publish","4":"format-standard","5":"has-post-thumbnail","7":"category-frankfurt-am-main","8":"tag-deutschland","9":"tag-frankfurt","10":"tag-frankfurt-am-main","11":"tag-germany","12":"tag-he","13":"tag-hessen","14":"tag-kriminalitt","15":"tag-polizei","16":"tag-presse","17":"tag-pressemeldung","18":"tag-pressemitteilung","19":"tag-pressemitteilungen"},"share_on_mastodon":{"url":"https:\/\/pubeurope.com\/@de\/115393969888743868","error":""},"_links":{"self":[{"href":"https:\/\/www.europesays.com\/de\/wp-json\/wp\/v2\/posts\/507792","targetHints":{"allow":["GET"]}}],"collection":[{"href":"https:\/\/www.europesays.com\/de\/wp-json\/wp\/v2\/posts"}],"about":[{"href":"https:\/\/www.europesays.com\/de\/wp-json\/wp\/v2\/types\/post"}],"author":[{"embeddable":true,"href":"https:\/\/www.europesays.com\/de\/wp-json\/wp\/v2\/users\/2"}],"replies":[{"embeddable":true,"href":"https:\/\/www.europesays.com\/de\/wp-json\/wp\/v2\/comments?post=507792"}],"version-history":[{"count":0,"href":"https:\/\/www.europesays.com\/de\/wp-json\/wp\/v2\/posts\/507792\/revisions"}],"wp:featuredmedia":[{"embeddable":true,"href":"https:\/\/www.europesays.com\/de\/wp-json\/wp\/v2\/media\/386213"}],"wp:attachment":[{"href":"https:\/\/www.europesays.com\/de\/wp-json\/wp\/v2\/media?parent=507792"}],"wp:term":[{"taxonomy":"category","embeddable":true,"href":"https:\/\/www.europesays.com\/de\/wp-json\/wp\/v2\/categories?post=507792"},{"taxonomy":"post_tag","embeddable":true,"href":"https:\/\/www.europesays.com\/de\/wp-json\/wp\/v2\/tags?post=507792"}],"curies":[{"name":"wp","href":"https:\/\/api.w.org\/{rel}","templated":true}]}}