{"id":507820,"date":"2025-10-18T07:37:12","date_gmt":"2025-10-18T07:37:12","guid":{"rendered":"https:\/\/www.europesays.com\/de\/507820\/"},"modified":"2025-10-18T07:37:12","modified_gmt":"2025-10-18T07:37:12","slug":"sieben-fotografische-ansaetze-die-welt-einzufangen-die-bilder-der-woche-42","status":"publish","type":"post","link":"https:\/\/www.europesays.com\/de\/507820\/","title":{"rendered":"Sieben fotografische Ans\u00e4tze die Welt einzufangen: Die Bilder der Woche 42"},"content":{"rendered":"<ol class=\"a-toc__list\">\n<li class=\"a-toc__item&#10;          &#10;            a-toc__item--counter&#10;          &#10;            a-toc__item--current\">\n<p>              Sieben fotografische Ans\u00e4tze die Welt einzufangen: Die Bilder der Woche 42 <\/p>\n<\/li>\n<\/ol>\n<p>    close notice<\/p>\n<p class=\"notice-banner__text a-u-mb-0\">\n      This article is also available in<br \/>\n        <a href=\"https:\/\/www.heise.de\/en\/news\/Pictures-of-Week-Seven-Photographic-Approaches-to-Capturing-the-World-10777996.html\" class=\"notice-banner__link a-u-inline-link\" target=\"_blank\" rel=\"noopener\">English<\/a>.<\/p>\n<p>      It was translated with technical assistance and editorially reviewed before publication.\n    <\/p>\n<p class=\"notice-banner__link a-u-mb-0\">\n    Don\u2019t show this again.\n<\/p>\n<p>Die Bilder der Woche 42 zeigen eine sch\u00f6ne Mischung verschiedener fotografischer Ans\u00e4tze. Von Portr\u00e4taufnahmen \u00fcber Landschaftsfotografie bis zu Naturdetails ist f\u00fcr jeden Geschmack etwas dabei. Die Fotografen haben dabei die verschiedensten Techniken eingesetzt, um ihre Motive ins rechte Licht zu r\u00fccken. Jedes Bild hat seinen eigenen Charme und l\u00e4dt zum l\u00e4ngeren Betrachten ein. Eine Auswahl, die die Vielfalt unserer Foto-Community gut widerspiegelt.<\/p>\n<p>        Weiterlesen nach der Anzeige<\/p>\n<p>Paulina<\/p>\n<p>      <a href=\"https:\/\/www.heise.de\/imgs\/18\/4\/9\/5\/8\/1\/3\/3\/Paulina-8d031cf79c5dcb45.jpg\" target=\"_blank\" rel=\"noopener\"><\/p>\n<p>  <img loading=\"lazy\" decoding=\"async\" alt=\"\" height=\"1000\" src=\"data:image\/svg+xml,%3Csvg xmlns='http:\/\/www.w3.org\/2000\/svg' width='696px' height='391px' viewBox='0 0 696 391'%3E%3Crect x='0' y='0' width='696' height='391' fill='%23f2f2f2'%3E%3C\/rect%3E%3C\/svg%3E\" style=\"aspect-ratio: 667 \/ 1000; object-fit: cover;\" width=\"667\"\/><\/p>\n<p>      <\/a><\/p>\n<p>Paulina <\/p>\n<p class=\"a-caption__source\">\n      (Bild:\u00a0Thomas Ruppel)\n    <\/p>\n<p>Dieses k\u00fcnstlerische Schwarz-Wei\u00df-Portr\u00e4t besticht durch den intensiven Blick der jungen Frau, die im Wasser zu stehen scheint. Ihr \u00fcber den Kopf gelegter Arm verdeckt teilweise ihr Gesicht und bildet zugleich einen interessanten Rahmen. Das Licht betont die Konturen ihres Gesichts und der nassen Haut, was dem Bild eine dramatische, aber auch emotionale Atmosph\u00e4re verleiht.<\/p>\n<p>Furkapassstrasse Hotel Belvedere<\/p>\n<p>      <a href=\"https:\/\/www.heise.de\/imgs\/18\/4\/9\/5\/8\/1\/3\/3\/Furkapassstrasse-Hotel-Belvedere-Gilbert-Photography-e3782ae075d7392f.jpg\" target=\"_blank\" rel=\"noopener\"><\/p>\n<p>  <img loading=\"lazy\" decoding=\"async\" alt=\"\" height=\"750\" src=\"data:image\/svg+xml,%3Csvg xmlns='http:\/\/www.w3.org\/2000\/svg' width='696px' height='391px' viewBox='0 0 696 391'%3E%3Crect x='0' y='0' width='696' height='391' fill='%23f2f2f2'%3E%3C\/rect%3E%3C\/svg%3E\" style=\"aspect-ratio: 1200 \/ 750; object-fit: cover;\" width=\"1200\"\/><\/p>\n<p>      <\/a><\/p>\n<p>Furkapassstrasse Hotel Belvedere<\/p>\n<p class=\"a-caption__source\">\n      (Bild:\u00a0forms)\n    <\/p>\n<p>Der Furkapass in der Schweiz mit seinen zahlreichen Serpentinenstra\u00dfen ist besonders wegen des dortigen Hotels Belv\u00e9d\u00e8re bekannt. Das leer stehende Geb\u00e4ude befindet sich direkt an einer Kurve zwischen zwei Bergstra\u00dfen und f\u00e4llt durch seine au\u00dfergew\u00f6hnliche Lage und Architektur auf. Das Bild besticht zudem durch die atemberaubend klare, sternen\u00fcbers\u00e4te Milchstra\u00dfe, die sich als leuchtendes Band quer \u00fcber den Himmel zieht, eine gelungene Kombination von <a href=\"https:\/\/www.heise.de\/foto\/galerie\/benutzer\/forms-736363\/\" target=\"_blank\" rel=\"noopener\">forms <\/a>aus Natur und Architektur inmitten der n\u00e4chtlichen Bergwelt.<\/p>\n<p>Wassertropfenzeit<\/p>\n<p>        Weiterlesen nach der Anzeige<\/p>\n<p>      <a href=\"https:\/\/www.heise.de\/imgs\/18\/4\/9\/5\/8\/1\/3\/3\/Wassertropfenzeit-cfc4261862b73652.jpg\" target=\"_blank\" rel=\"noopener\"><\/p>\n<p>  <img loading=\"lazy\" decoding=\"async\" alt=\"\" height=\"1000\" src=\"data:image\/svg+xml,%3Csvg xmlns='http:\/\/www.w3.org\/2000\/svg' width='696px' height='391px' viewBox='0 0 696 391'%3E%3Crect x='0' y='0' width='696' height='391' fill='%23f2f2f2'%3E%3C\/rect%3E%3C\/svg%3E\" style=\"aspect-ratio: 667 \/ 1000; object-fit: cover;\" width=\"667\"\/><\/p>\n<p>      <\/a><\/p>\n<p>Wassertropfenzeit<\/p>\n<p class=\"a-caption__source\">\n      (Bild:\u00a0 AHI 1975)\n    <\/p>\n<p>Diese Makroaufnahme von Seerosenbl\u00e4ttern auf dem Wasser f\u00e4llt besonders durch ihre Farben auf: Das satte Gr\u00fcn der Bl\u00e4tter bildet einen starken Kontrast zum Schwarz des Wassers. Die zahlreichen Wassertropfen unterschiedlicher Gr\u00f6\u00dfe auf den Bl\u00e4ttern erscheinen wie gl\u00e4nzende Perlen, die das Licht reflektieren. Eine frisch und \u00e4sthetisch wirkende Nahaufnahme der Natur in all ihrem Detailreichtum.<\/p>\n<p>Leuchtturm III<\/p>\n<p>      <a href=\"https:\/\/www.heise.de\/imgs\/18\/4\/9\/5\/8\/1\/3\/3\/Leuchtturm-III-6d17f5c9d0135a97.jpg\" target=\"_blank\" rel=\"noopener\"><\/p>\n<p>  <img loading=\"lazy\" decoding=\"async\" alt=\"\" height=\"457\" src=\"data:image\/svg+xml,%3Csvg xmlns='http:\/\/www.w3.org\/2000\/svg' width='696px' height='391px' viewBox='0 0 696 391'%3E%3Crect x='0' y='0' width='696' height='391' fill='%23f2f2f2'%3E%3C\/rect%3E%3C\/svg%3E\" style=\"aspect-ratio: 685 \/ 457; object-fit: cover;\" width=\"685\"\/><\/p>\n<p>      <\/a><\/p>\n<p>Leuchtturm III<\/p>\n<p class=\"a-caption__source\">\n      (Bild:\u00a0 Lena-13)\n    <\/p>\n<p>In der n\u00e4chtlichen Umgebung hebt sich der Leuchtturm in Dar\u00df eindrucksvoll vom sternenklaren Himmel ab. Die kr\u00e4ftigen Lichtstrahlen schneiden die Dunkelheit und lenken den Blick mitten in die Szene. Die Fotografin arbeitet hier mit einem klaren Kontrast zwischen dem Licht und den k\u00fchlen Blaut\u00f6nen der Nacht. Ein schmaler Weg f\u00fchrt den Betrachter optisch direkt auf das Leuchtfeuer zu und verleiht dem Bild Tiefe.<\/p>\n<p>ich dominiere<\/p>\n<p>      <a href=\"https:\/\/www.heise.de\/imgs\/18\/4\/9\/5\/8\/1\/3\/3\/ich-dominiere-a7811141cd04adbe.jpg\" target=\"_blank\" rel=\"noopener\"><\/p>\n<p>  <img loading=\"lazy\" decoding=\"async\" alt=\"\" height=\"913\" src=\"data:image\/svg+xml,%3Csvg xmlns='http:\/\/www.w3.org\/2000\/svg' width='696px' height='391px' viewBox='0 0 696 391'%3E%3Crect x='0' y='0' width='696' height='391' fill='%23f2f2f2'%3E%3C\/rect%3E%3C\/svg%3E\" style=\"aspect-ratio: 685 \/ 913; object-fit: cover;\" width=\"685\"\/><\/p>\n<p>      <\/a><\/p>\n<p>ich dominiere<\/p>\n<p class=\"a-caption__source\">\n      (Bild:\u00a0 Ivan im Abstrakten)\n    <\/p>\n<p>Ein kraftvolles Portr\u00e4t, das eine Frau oberk\u00f6rperfrei und in gestreiften Strumpfhosen aus einer tiefen Perspektive zeigt. Es ist das dritte Bild aus der Serie \u201eGeometrie der Macht\u201c des Fotografen<a href=\"https:\/\/www.heise.de\/foto\/galerie\/benutzer\/Ivan-im-Abstrakten-1386266\/\" target=\"_blank\" rel=\"noopener\"> Ivan Horvat<\/a> und entstand bei einem Meetup, bei dem diese wei\u00dfe futuristische Nische aufgebaut wurde. Die Schwarz-Wei\u00df-Umsetzung betont den Kontrast zwischen Haut, Stoff und dem futuristisch anmutenden Hintergrund und l\u00e4sst die Formen besonders hervortreten. Die Pose, locker sitzend, den Kopf nach hinten geneigt, vermittelt Selbstbewusstsein und Gelassenheit. So entsteht ein Bild, das gleicherma\u00dfen St\u00e4rke, \u00c4sthetik und Individualit\u00e4t transportiert.<\/p>\n<p>Oktobersonne an den Herkuless\u00e4ulen<\/p>\n<p>      <a href=\"https:\/\/www.heise.de\/imgs\/18\/4\/9\/5\/8\/1\/3\/3\/Oktobersonne-an-den-Herkulessaeulen-a3a44c9a46554785.jpg\" target=\"_blank\" rel=\"noopener\"><\/p>\n<p>  <img loading=\"lazy\" decoding=\"async\" alt=\"\" height=\"1000\" src=\"data:image\/svg+xml,%3Csvg xmlns='http:\/\/www.w3.org\/2000\/svg' width='696px' height='391px' viewBox='0 0 696 391'%3E%3Crect x='0' y='0' width='696' height='391' fill='%23f2f2f2'%3E%3C\/rect%3E%3C\/svg%3E\" style=\"aspect-ratio: 667 \/ 1000; object-fit: cover;\" width=\"667\"\/><\/p>\n<p>      <\/a><\/p>\n<p>Oktobersonne an den Herkuless\u00e4ulen<\/p>\n<p class=\"a-caption__source\">\n      (Bild:\u00a0dave-derbis)\n    <\/p>\n<p>Zwei wuchtige Felsformationen ragen steil und vor einem klaren blauen Himmel \u00fcber den herbstlich gef\u00e4rbten W\u00e4ldern der S\u00e4chsischen Schweiz empor. Neben den dunklen Sandsteinspitzen bricht die Sonne hervor und entfaltet einen strahlenden Lichtstern, der das Gestein von der einen Seite in warmes Licht taucht.<\/p>\n<p>Im Spiegelblick der Stille<\/p>\n<p>      <a href=\"https:\/\/www.heise.de\/imgs\/18\/4\/9\/5\/8\/1\/3\/3\/Im-Spiegelblick-der-Stille-f20502324fc4beaf.jpg\" target=\"_blank\" rel=\"noopener\"><\/p>\n<p>  <img loading=\"lazy\" decoding=\"async\" alt=\"\" height=\"856\" src=\"data:image\/svg+xml,%3Csvg xmlns='http:\/\/www.w3.org\/2000\/svg' width='696px' height='391px' viewBox='0 0 696 391'%3E%3Crect x='0' y='0' width='696' height='391' fill='%23f2f2f2'%3E%3C\/rect%3E%3C\/svg%3E\" style=\"aspect-ratio: 685 \/ 856; object-fit: cover;\" width=\"685\"\/><\/p>\n<p>      <\/a><\/p>\n<p>Im Spiegelblick der Stille<\/p>\n<p class=\"a-caption__source\">\n      (Bild:\u00a0Antonio Giovanni Galle)\n    <\/p>\n<p>Nur der Kopf und die Augen eines Frosches ragen aus dem Wasser, ruhig und aufmerksam. Das Licht betont die goldbraunen Augen, die im dunklen Wasser fast zu leuchten scheinen. Die spiegelglatte Oberfl\u00e4che verleiht dem Motiv eine besondere Ruhe. Insgesamt wirkt das Foto von <a href=\"https:\/\/www.heise.de\/foto\/galerie\/benutzer\/Antonio-Giovanni-Galle-1616882\/\" target=\"_blank\" rel=\"noopener\">Antonio Giovanni Galle<\/a> sehr nat\u00fcrlich und konzentriert sich ganz auf den stillen Moment der Beobachtung.<\/p>\n<p>\u00dcber seine Aufnahme berichtet der Fotograf: &#8222;Das Motiv entstand an einem stillen Fr\u00fchlingsabend an einem kleinen Weiher in Mittelfranken. Der Moment war so ruhig, dass selbst das Wasser den Atem anhielt \u2013 und genau diese Stille wollte ich sichtbar machen&#8220;.<\/p>\n<p>Die Bilder der Woche im \u00dcberblick:<\/p>\n<p>    Bild 1 von 7<\/p>\n<p>    <a href=\"https:\/\/www.heise.de\/bilderstrecke\/4958112.html?back=10775356\" title=\"Bilderstrecke: Bilder der Woche 42 (7 Bilder)\" target=\"_blank\" rel=\"noopener\"><img decoding=\"async\" src=\"https:\/\/www.europesays.com\/de\/wp-content\/uploads\/2025\/10\/Paulina-8d031cf79c5dcb45.jpg\"\/><\/a><\/p>\n<p>    <b>Samstag<\/b>: Paulina (Bild: <\/p>\n<p> Thomas Ruppel<\/p>\n<p>)<\/p>\n<p>    <img loading=\"lazy\" decoding=\"async\" alt=\"Das Titelbild der Ausgabe 04 2025 des Foto-Magazins c't Fotografie\" height=\"3508\" src=\"data:image\/svg+xml,%3Csvg xmlns='http:\/\/www.w3.org\/2000\/svg' width='696px' height='391px' viewBox='0 0 696 391'%3E%3Crect x='0' y='0' width='696' height='391' fill='%23f2f2f2'%3E%3C\/rect%3E%3C\/svg%3E\" style=\"aspect-ratio: 2481 \/ 3508; object-fit: cover;\" width=\"2481\"\/><\/p>\n<p>(<a class=\"redakteurskuerzel__link\" href=\"https:\/\/www.heise.de\/news\/mailto:caru@heise.de\" title=\"Carina Umbach\" target=\"_blank\" rel=\"noopener\">caru<\/a>)<\/p>\n<p>\n      Dieser Link ist leider nicht mehr g\u00fcltig.\n    <\/p>\n<p>Links zu verschenkten Artikeln werden ung\u00fcltig,<br \/>\n      wenn diese \u00e4lter als 7\u00a0Tage sind oder zu oft aufgerufen wurden.\n    <\/p>\n<p><strong>Sie ben\u00f6tigen ein heise+ Paket, um diesen Artikel zu lesen. Jetzt eine Woche unverbindlich testen \u2013 ohne Verpflichtung!<\/strong><\/p>\n","protected":false},"excerpt":{"rendered":"Sieben fotografische Ans\u00e4tze die Welt einzufangen: Die Bilder der Woche 42 close notice This article is also available&hellip;\n","protected":false},"author":2,"featured_media":507821,"comment_status":"","ping_status":"","sticky":false,"template":"","format":"standard","meta":{"footnotes":""},"categories":[1775],"tags":[1793,39835,29,214,1885,30,39836,1794,215],"class_list":{"0":"post-507820","1":"post","2":"type-post","3":"status-publish","4":"format-standard","5":"has-post-thumbnail","7":"category-kunst-und-design","8":"tag-art-and-design","9":"tag-bilder-der-woche","10":"tag-deutschland","11":"tag-entertainment","12":"tag-fotografie","13":"tag-germany","14":"tag-heise-foto-galerie","15":"tag-kunst-und-design","16":"tag-unterhaltung"},"share_on_mastodon":{"url":"https:\/\/pubeurope.com\/@de\/115394028944253954","error":""},"_links":{"self":[{"href":"https:\/\/www.europesays.com\/de\/wp-json\/wp\/v2\/posts\/507820","targetHints":{"allow":["GET"]}}],"collection":[{"href":"https:\/\/www.europesays.com\/de\/wp-json\/wp\/v2\/posts"}],"about":[{"href":"https:\/\/www.europesays.com\/de\/wp-json\/wp\/v2\/types\/post"}],"author":[{"embeddable":true,"href":"https:\/\/www.europesays.com\/de\/wp-json\/wp\/v2\/users\/2"}],"replies":[{"embeddable":true,"href":"https:\/\/www.europesays.com\/de\/wp-json\/wp\/v2\/comments?post=507820"}],"version-history":[{"count":0,"href":"https:\/\/www.europesays.com\/de\/wp-json\/wp\/v2\/posts\/507820\/revisions"}],"wp:featuredmedia":[{"embeddable":true,"href":"https:\/\/www.europesays.com\/de\/wp-json\/wp\/v2\/media\/507821"}],"wp:attachment":[{"href":"https:\/\/www.europesays.com\/de\/wp-json\/wp\/v2\/media?parent=507820"}],"wp:term":[{"taxonomy":"category","embeddable":true,"href":"https:\/\/www.europesays.com\/de\/wp-json\/wp\/v2\/categories?post=507820"},{"taxonomy":"post_tag","embeddable":true,"href":"https:\/\/www.europesays.com\/de\/wp-json\/wp\/v2\/tags?post=507820"}],"curies":[{"name":"wp","href":"https:\/\/api.w.org\/{rel}","templated":true}]}}