{"id":507824,"date":"2025-10-18T07:39:10","date_gmt":"2025-10-18T07:39:10","guid":{"rendered":"https:\/\/www.europesays.com\/de\/507824\/"},"modified":"2025-10-18T07:39:10","modified_gmt":"2025-10-18T07:39:10","slug":"0807-thomas-mueller-weint-bvb-topspiel-keine-einzige-traene-nach-ntv","status":"publish","type":"post","link":"https:\/\/www.europesays.com\/de\/507824\/","title":{"rendered":"08:07 Thomas M\u00fcller weint BVB-Topspiel keine einzige Tr\u00e4ne nach &#8211; Ntv"},"content":{"rendered":"<ol>\n<li><a href=\"https:\/\/news.google.com\/rss\/articles\/CBMitwFBVV95cUxOVm9VckR5WF9fSE8xcWY1VWxrSHlvWGR6UHlDc3FkY0xRamZBbkxZYlhVQmJEUXA2YTdrU2pIN0djaTVMT3BDQmZOd2kxZzBUUl9xME9iSURiZ0s0Z2VlRWJRYXVKUEgwWlVoa2VYcXF1V19fLTdPNnJ6UHZWdDF1VlRacmlBNmJsVG9DNW5rckoySE4xbEpLbkFRUWpEaWZaVDV4a3RVVkczY0NWOHU1QW00dHRSMWM?oc=5\" target=\"_blank\" rel=\"nofollow noopener\">08:07 Thomas M\u00fcller weint BVB-Topspiel keine einzige Tr\u00e4ne nach<\/a>&nbsp;&nbsp;Ntv<\/li>\n<li><a href=\"https:\/\/news.google.com\/rss\/articles\/CBMiswFBVV95cUxOUngtLVZJNXpHcjNONFhzLVBkczd6TGN6cXg3ak5aQjM3LUJ2c2o2aS01cGhOM0dqdlZQVllkRk9vQTZvRTdBall4WHI0eklqYi1WNGlkSkMwdG54Q2lUQkQ4dU9LeWNrcW5aSXJoaFFfSURVTU0xM3NtcUl5S1NnYjBvNjkxd0hEMXVnTkNoaUNEM05fLU1BaE1rNVpZN0R1STJMV1kxTXFMTGNMVlVLR0Rzdw?oc=5\" target=\"_blank\" rel=\"nofollow noopener\">Bayern-Legende Thomas M\u00fcller vermisst den Klassiker nicht<\/a>&nbsp;&nbsp;Merkur<\/li>\n<li><a href=\"https:\/\/news.google.com\/rss\/articles\/CBMiugFBVV95cUxNQmVIVnU1VjJrelRxSmM2NE12Wld3ZlJsajlFbUU5cjM2NS12dy14ZHc4N0lWcXZsajQzSXhRQTV6T3pqZDg4Y1R5eXRnYkhJaHNpd1BpNzk5dnVlR19CdVBMSjdvWFJVOE1vaGd1QzU2Nl90ak1lVEFhcXllZVc3YlNfb0VoYlRSak03VV9uYUgtTko5MEZTYjdsX0o5RV9tSk1Lc3JubTY3alNla1FYVDNuWE5BZm9Ja1E?oc=5\" target=\"_blank\" rel=\"nofollow noopener\">Bayern-Legende Thomas M\u00fcller fiebert dem BVB-Kracher entgegen<\/a>&nbsp;&nbsp;fnp.de<\/li>\n<li><a href=\"https:\/\/news.google.com\/rss\/articles\/CBMi2gFBVV95cUxNX0pxVVRtSTJydGxxNmhNcE5rSkpDQXdJUV9KM3dla3hpTEtESlF2NW1aMzF2cU5LdTJUY3ZWaFBPQXlFYXJDaDlKU2ZrdlotQnhDRlBtR1NnNnFzVVd2LTRvQkJvaFNyMzBPbk54UVNfM1RnSng4dk1mVFlfRkRlNHU3WWt6dEVrOXNuZEJwUWNIU0xIT1FxZ1Q0NnNHU25IejQyeHBlVTczY0tjRXRDYTI3ME5uQTJVWUF1T1Z2c2VwSWpBWDZuLTRXRWhsZ0F6VWdxTC1Fb3c4dw?oc=5\" target=\"_blank\" rel=\"nofollow noopener\">&#8222;Kein Vermissertyp&#8220;: Thomas M\u00fcller dr\u00fcckt dem FC Bayern im Klassiker die Daumen<\/a>&nbsp;&nbsp;Abendzeitung<\/li>\n<li><a href=\"https:\/\/news.google.com\/rss\/articles\/CBMiygFBVV95cUxNeW80Tm04dVg4UnFOMWVQQ2dJNTBLSk0xYVhNNTEtNkNKVVB6NWFtQ21haTAwamZtTnlGYUdQLW44MGtBM2QxTURaYzNSSFdFWEJDNUgtdkVPS0RXZUFiMlpUcE05M0xiMmM1azRzeWU4NllHRV9Za1BXZzNJM3ZuVEkySF9PbFpsdDZlOW5wNHFoa0FxMnF1eVU4cEJrajNTMC1ZNm1RdDM3c29FS3lOWkI4dkp5S3Y0alAwR1l3Vk5XeGJJR0g5UlF3?oc=5\" target=\"_blank\" rel=\"nofollow noopener\">\u00abKein Vermissertyp\u00bb: M\u00fcller fehlt deutscher Cl\u00e1sico nicht<\/a>&nbsp;&nbsp;WELT<\/li>\n<\/ol>\n","protected":false},"excerpt":{"rendered":"08:07 Thomas M\u00fcller weint BVB-Topspiel keine einzige Tr\u00e4ne nach&nbsp;&nbsp;Ntv Bayern-Legende Thomas M\u00fcller vermisst den Klassiker nicht&nbsp;&nbsp;Merkur Bayern-Legende Thomas&hellip;\n","protected":false},"author":2,"featured_media":507825,"comment_status":"","ping_status":"","sticky":false,"template":"","format":"standard","meta":{"footnotes":""},"categories":[1773],"tags":[282,29,126641,126642,214,30,3263,10367,471,1780,283,215],"class_list":{"0":"post-507824","1":"post","2":"type-post","3":"status-publish","4":"format-standard","5":"has-post-thumbnail","7":"category-serien","8":"tag-der","9":"tag-deutschland","10":"tag-deutschland-trainer","11":"tag-em-sieg","12":"tag-entertainment","13":"tag-germany","14":"tag-krankenhaus","15":"tag-monat","16":"tag-serien","17":"tag-series","18":"tag-sport-tag","19":"tag-unterhaltung"},"share_on_mastodon":{"url":"https:\/\/pubeurope.com\/@de\/115394036951979430","error":""},"_links":{"self":[{"href":"https:\/\/www.europesays.com\/de\/wp-json\/wp\/v2\/posts\/507824","targetHints":{"allow":["GET"]}}],"collection":[{"href":"https:\/\/www.europesays.com\/de\/wp-json\/wp\/v2\/posts"}],"about":[{"href":"https:\/\/www.europesays.com\/de\/wp-json\/wp\/v2\/types\/post"}],"author":[{"embeddable":true,"href":"https:\/\/www.europesays.com\/de\/wp-json\/wp\/v2\/users\/2"}],"replies":[{"embeddable":true,"href":"https:\/\/www.europesays.com\/de\/wp-json\/wp\/v2\/comments?post=507824"}],"version-history":[{"count":0,"href":"https:\/\/www.europesays.com\/de\/wp-json\/wp\/v2\/posts\/507824\/revisions"}],"wp:featuredmedia":[{"embeddable":true,"href":"https:\/\/www.europesays.com\/de\/wp-json\/wp\/v2\/media\/507825"}],"wp:attachment":[{"href":"https:\/\/www.europesays.com\/de\/wp-json\/wp\/v2\/media?parent=507824"}],"wp:term":[{"taxonomy":"category","embeddable":true,"href":"https:\/\/www.europesays.com\/de\/wp-json\/wp\/v2\/categories?post=507824"},{"taxonomy":"post_tag","embeddable":true,"href":"https:\/\/www.europesays.com\/de\/wp-json\/wp\/v2\/tags?post=507824"}],"curies":[{"name":"wp","href":"https:\/\/api.w.org\/{rel}","templated":true}]}}