{"id":507831,"date":"2025-10-18T07:43:10","date_gmt":"2025-10-18T07:43:10","guid":{"rendered":"https:\/\/www.europesays.com\/de\/507831\/"},"modified":"2025-10-18T07:43:10","modified_gmt":"2025-10-18T07:43:10","slug":"sepp-maier-uli-hoer-auf-unter-einer-bedingung-hoeness-spricht-ueber-bayern-ende","status":"publish","type":"post","link":"https:\/\/www.europesays.com\/de\/507831\/","title":{"rendered":"Sepp Maier: &#8222;Uli, h\u00f6r auf&#8220;: Unter einer Bedingung: Hoene\u00df spricht \u00fcber Bayern-Ende"},"content":{"rendered":"<p>                    Sepp Maier: &#8222;Uli, h\u00f6r auf&#8220;<br \/>\n                Unter einer Bedingung: Hoene\u00df spricht \u00fcber Bayern-Ende<\/p>\n<p>\t\t\t\t              18.10.2025, 08:49 Uhr<\/p>\n<p><strong>Uli Hoene\u00df ist der FC Bayern und der FC Bayer ist Uli Hoene\u00df. Doch der 73-J\u00e4hrige sinniert nun \u00fcber ein m\u00f6gliches Ende bei seinem Herzensverein, k\u00f6nne aber &#8222;nicht aus meiner Haut&#8220;. Einen deutlichen Rat erh\u00e4lt er von seinem langj\u00e4hrigen Weggef\u00e4hrten Sepp Maier.<\/strong><\/p>\n<p>Sepp Maier hat seinem langj\u00e4hrigen Weggef\u00e4hrten Uli Hoene\u00df nahegelegt, sich endg\u00fcltig aus den sportlichen Belangen beim FC Bayern M\u00fcnchen zur\u00fcckzuziehen. &#8222;Uli, wenn ich dir einen Rat geben darf, h\u00f6r auf&#8220;, sagte der 81-J\u00e4hrige der &#8222;Allg\u00e4uer Zeitung&#8220;. Hoene\u00df k\u00f6nne nicht loslassen und mische sich weiterhin in viele Vereinsbelange ein, sagte die Torwartlegende: &#8222;Ich wei\u00df nicht, ob er sich damit einen Gefallen tut.&#8220;<\/p>\n<p>Gemeinsam wurden Maier und Hoene\u00df 1974 Weltmeister und gewannen mit dem FC Bayern zahlreiche Titel, darunter den Europapokal der Landesmeister, beide verbindet eine jahrzehntelange Freundschaft.<\/p>\n<p>Nach dem Ende seiner aktiven Karriere 1979 \u00fcbernahm Hoene\u00df mit nur 27 Jahren den Managerposten beim FC Bayern. Sp\u00e4ter wurde er Pr\u00e4sident und Aufsichtsratsvorsitzender, ehe er sich 2019 aus der Vereinsf\u00fchrung zur\u00fcckzog und zum Ehrenpr\u00e4sidenten ernannt wurde. Bis heute sitzt er gemeinsam mit Karl-Heinz Rummenigge im Aufsichtsrat &#8211; und meldet sich immer wieder zu aktuellen Themen zu Wort.<\/p>\n<p>Hoene\u00df: &#8222;Kann nicht aus meiner Haut&#8220;<\/p>\n<p>Hoene\u00df sprach am Freitagabend ebenfalls \u00fcber ein m\u00f6gliches Bayern-Ende, wurde bei einem Panel auf dem M\u00fcnchener Marketing Kongress aber nicht explizit mit der Maier-Aussage konfrontiert. &#8222;In dem Moment, wo wir das Gef\u00fchl haben, der FC Bayern l\u00e4uft so, wie wir uns das vorstellen \u2026 vielleicht ist das auch falsch, keine Ahnung. Aber ich kann nicht aus meiner Haut. Ich habe k\u00fcrzlich mal gesagt: Wenn euch das, was ich mache, nicht mehr passt, dann m\u00fcsst ihr mir das sagen. Dann gehe ich &#8211; und zwar ganz ruhig &#8211; auf meinen Berg am Tegernsee&#8220;, sagte der 73-J\u00e4hrige.<\/p>\n<p>Hoene\u00df war zuletzt wieder vermehrt mit verschiedenen Aussagen zu seinem Verein angeeckt. Er \u00e4u\u00dferte sich etwa mehrmals kritisch gegen Rekord-Nationalspieler Lothar Matth\u00e4us, au\u00dferdem r\u00e4umte er in einer TV-Talkrunde Meinungsverschiedenheiten mit Sportvorstand Max Eberl in Transferfragen ein. Eberl sei in mancher Hinsicht &#8222;ziemlich empfindlich&#8220;, meinte Hoene\u00df. Er hatte auch gesagt, dass er und der fr\u00fchere Vorstandsboss Rummenigge sich bei den Bayern erst dann komplett zur\u00fcckziehen w\u00fcrden, wenn &#8222;wir die richtigen Leute am richtigen Posten haben&#8220;.<\/p>\n","protected":false},"excerpt":{"rendered":"Sepp Maier: &#8222;Uli, h\u00f6r auf&#8220; Unter einer Bedingung: Hoene\u00df spricht \u00fcber Bayern-Ende 18.10.2025, 08:49 Uhr Uli Hoene\u00df ist&hellip;\n","protected":false},"author":2,"featured_media":507832,"comment_status":"","ping_status":"","sticky":false,"template":"","format":"standard","meta":{"footnotes":""},"categories":[136],"tags":[29,458,347,485,30,265,2182],"class_list":{"0":"post-507831","1":"post","2":"type-post","3":"status-publish","4":"format-standard","5":"has-post-thumbnail","7":"category-sport","8":"tag-deutschland","9":"tag-fc-bayern-muenchen","10":"tag-fussball","11":"tag-fussball-bundesliga","12":"tag-germany","13":"tag-sport","14":"tag-uli-hoeness"},"share_on_mastodon":{"url":"https:\/\/pubeurope.com\/@de\/115394052754908437","error":""},"_links":{"self":[{"href":"https:\/\/www.europesays.com\/de\/wp-json\/wp\/v2\/posts\/507831","targetHints":{"allow":["GET"]}}],"collection":[{"href":"https:\/\/www.europesays.com\/de\/wp-json\/wp\/v2\/posts"}],"about":[{"href":"https:\/\/www.europesays.com\/de\/wp-json\/wp\/v2\/types\/post"}],"author":[{"embeddable":true,"href":"https:\/\/www.europesays.com\/de\/wp-json\/wp\/v2\/users\/2"}],"replies":[{"embeddable":true,"href":"https:\/\/www.europesays.com\/de\/wp-json\/wp\/v2\/comments?post=507831"}],"version-history":[{"count":0,"href":"https:\/\/www.europesays.com\/de\/wp-json\/wp\/v2\/posts\/507831\/revisions"}],"wp:featuredmedia":[{"embeddable":true,"href":"https:\/\/www.europesays.com\/de\/wp-json\/wp\/v2\/media\/507832"}],"wp:attachment":[{"href":"https:\/\/www.europesays.com\/de\/wp-json\/wp\/v2\/media?parent=507831"}],"wp:term":[{"taxonomy":"category","embeddable":true,"href":"https:\/\/www.europesays.com\/de\/wp-json\/wp\/v2\/categories?post=507831"},{"taxonomy":"post_tag","embeddable":true,"href":"https:\/\/www.europesays.com\/de\/wp-json\/wp\/v2\/tags?post=507831"}],"curies":[{"name":"wp","href":"https:\/\/api.w.org\/{rel}","templated":true}]}}